{"id":70735,"date":"2022-09-08T13:04:13","date_gmt":"2022-09-08T11:04:13","guid":{"rendered":"https:\/\/www.area-press.eu\/comunicatistampa\/?p=70735"},"modified":"2022-09-08T13:04:13","modified_gmt":"2022-09-08T11:04:13","slug":"marcatura-ce-scalda-cera","status":"publish","type":"post","link":"https:\/\/www.area-press.eu\/comunicatistampa\/2022\/09\/08\/marcatura-ce-scalda-cera\/","title":{"rendered":"Marcatura CE scalda cera"},"content":{"rendered":"<p>La marcatura CE degli scaldacera \u00e8 una procedura obbligatoria che richiede la preparazione di documenti tecnici in conformit\u00e0 con il diritto dell&#8217;UE.<\/p>\n<p>La marcatura CE deve essere effettuata dal fabbricante o importatore del prodotto, che deve redigere un fascicolo tecnico completo di tutti i fascicoli tecnici previsti dalle normative di riferimento.<\/p>\n<p>La documentazione fornita da produttori extra UE pu\u00f2 essere inclusa nella documentazione tecnica ma non \u00e8 sufficiente per la marcatura CE.<\/p>\n<p>Un ente europeo \u00e8 colui che deve dichiarare, attraverso una dichiarazione di conformit\u00e0, che un prodotto \u00e8 conforme ai requisiti di salute e sicurezza previsti da direttive, regolamenti e norme.<\/p>\n<h2>Breve introduzione<\/h2>\n<p>Un vecchio adagio recita: per comparire bisogna soffrire. Ovvero per ottenere un certo tipo di immagine a volte bisogna essere disposti a fare dei sacrifici.<\/p>\n<p>Alcune persone ottengono un corpo scolpito attraverso molta attivit\u00e0 fisica e\/o una dieta molto attenta.<\/p>\n<p>Alcune persone usano il trucco, temporaneo o permanente, per modificare la propria immagine.<\/p>\n<p>Se per decenni fare tutto questo \u00e8 stata una prerogativa delle donne di oggi, non \u00e8 pi\u00f9 cos\u00ec, con tutti i generi che si rivolgono ai trattamenti estetici.<\/p>\n<p>Uno tra questi presenta aspetti che rimandano all\u2019adagio iniziale ed \u00e8 la ceretta, ovvero epilazione di alcune parti del corpo mediante strappo.<\/p>\n<p>Il noto trattamento prevede l&#8217;irrorazione della zona da trattare con una cera speciale, che riscalda la pelle, che \u00e8 il primo dolore.<\/p>\n<p>La cera ingloba i peli e con essi viene strappata velocemente dalla pelle e qui viene la seconda sofferenza.<\/p>\n<p>Nessuna particolare considerazione sul trattamento che peraltro oggi \u00e8 possibile sostituire con sistemi definitivi, mentre la ceretta \u00e8 da ripetere ad ogni spuntar di peli.<\/p>\n<h2>Lo scalda cera: di che tipo di prodotto si tratta?<\/h2>\n<p>Affinch\u00e9 la cera diventi liquida, deve essere riscaldata e qui entra in gioco la marcatura CE degli scaldacera.<\/p>\n<p>Infatti i forni elettrici per lo stoccaggio della cera forniti in forma solida per renderla liquida sono apparecchi elettrici. Pertanto, sono soggetti a una serie di direttive che richiedono la marcatura CE. Questi strumenti devono soddisfare due tipi di standard di sicurezza: elettrici e termici.<\/p>\n<p>Le apparecchiature elettriche sono ovvie: infatti, come per tutte le apparecchiature elettriche, l&#8217;utilizzo di questa fonte di energia presenta dei pericoli.<\/p>\n<p>Devono essere considerati gli aspetti termici, poich\u00e9 la persona che utilizza lo scaldacera sar\u00e0 esposta alla temperatura dell&#8217;apparecchiatura e alla cera liquefatta.<\/p>\n<p>Pertanto, le superfici esposte non devono raggiungere temperature pericolose, cos\u00ec come la cera. Questo le estetiste lo sanno bene!<\/p>\n<p>Pensa a cosa accadrebbe se la cera raggiungesse i 100\u00b0C a causa di un malfunzionamento e, data la gravit\u00e0 delle successive ustioni, la ceretta non sar\u00e0 pi\u00f9 necessaria in futuro.<\/p>\n<h2 class=\"has-text-color\">Devi effettuare la marcatura CE degli scalda cera?<\/h2>\n<h2 class=\"has-text-color\">Ti serve aiuto per realizzare il fascicolo tecnico?<\/h2>\n<p>CetN \u00e8 disponibile a darti tutte le<strong>\u00a0informazioni\u00a0<\/strong>di cui hai bisogno e a\u00a0<strong>guidarti<\/strong>\u00a0nella procedura necessaria per immettere\u00a0<strong>legalmente<\/strong>\u00a0i tuoi prodotti nel mercato comunitario.<\/p>\n<p>Ti forniamo assistenza e consulenza per la marcatura CE degli scalda cera e non solo!<\/p>\n<p>Si parte sempre dall\u2019<a href=\"https:\/\/cetn.eu\/it\/cetn-i-nostri-servizi\/analisi-dei-rischi-marcatura-ce\/\" target=\"_blank\" rel=\"noreferrer noopener\">analisi dei rischi<\/a>\u00a0senza la quale non si pu\u00f2 garantire la sicurezza e non si pu\u00f2 realizzare una\u00a0marcatura CE\u00a0<strong>rispettosa della legge<\/strong>.<\/p>\n<h4>Il Tuo prodotto necessita di\u00a0<a href=\"https:\/\/cetn.eu\/it\/cetn-i-nostri-servizi\/cose-il-fascicolo-tecnico\/\" target=\"_blank\" rel=\"noreferrer noopener\">fascicolo tecnico<\/a>, chiedici informazioni a riguardo!<\/h4>\n<p>Contattaci scrivendo a\u00a0<strong>info@cetn.eu<\/strong>\u00a0o chiamaci al\u00a0<strong>+39 324 534 6172<\/strong>.<\/p>\n<p>Informazioni e preventivi sono sempre gratuiti.<\/p>\n","protected":false},"excerpt":{"rendered":"<p>La marcatura CE degli scaldacera \u00e8 una procedura obbligatoria che richiede la preparazione di documenti tecnici in conformit\u00e0 con il diritto dell&#8217;UE. La marcatura CE deve essere effettuata dal fabbricante o importatore del prodotto, che deve redigere un fascicolo tecnico completo di tutti i fascicoli tecnici previsti dalle normative di riferimento. La documentazione fornita da [&hellip;]<\/p>\n","protected":false},"author":4815,"featured_media":0,"comment_status":"open","ping_status":"open","sticky":false,"template":"","format":"standard","meta":{"footnotes":""},"categories":[14],"tags":[32920,17870,32919],"class_list":["post-70735","post","type-post","status-publish","format-standard","hentry","category-salute-e-medicina","tag-ceretta","tag-marcatura-ce","tag-scalda-cera"],"_links":{"self":[{"href":"https:\/\/www.area-press.eu\/comunicatistampa\/wp-json\/wp\/v2\/posts\/70735","targetHints":{"allow":["GET"]}}],"collection":[{"href":"https:\/\/www.area-press.eu\/comunicatistampa\/wp-json\/wp\/v2\/posts"}],"about":[{"href":"https:\/\/www.area-press.eu\/comunicatistampa\/wp-json\/wp\/v2\/types\/post"}],"author":[{"embeddable":true,"href":"https:\/\/www.area-press.eu\/comunicatistampa\/wp-json\/wp\/v2\/users\/4815"}],"replies":[{"embeddable":true,"href":"https:\/\/www.area-press.eu\/comunicatistampa\/wp-json\/wp\/v2\/comments?post=70735"}],"version-history":[{"count":1,"href":"https:\/\/www.area-press.eu\/comunicatistampa\/wp-json\/wp\/v2\/posts\/70735\/revisions"}],"predecessor-version":[{"id":70736,"href":"https:\/\/www.area-press.eu\/comunicatistampa\/wp-json\/wp\/v2\/posts\/70735\/revisions\/70736"}],"wp:attachment":[{"href":"https:\/\/www.area-press.eu\/comunicatistampa\/wp-json\/wp\/v2\/media?parent=70735"}],"wp:term":[{"taxonomy":"category","embeddable":true,"href":"https:\/\/www.area-press.eu\/comunicatistampa\/wp-json\/wp\/v2\/categories?post=70735"},{"taxonomy":"post_tag","embeddable":true,"href":"https:\/\/www.area-press.eu\/comunicatistampa\/wp-json\/wp\/v2\/tags?post=70735"}],"curies":[{"name":"wp","href":"https:\/\/api.w.org\/{rel}","templated":true}]}}