{"id":70725,"date":"2022-09-08T13:04:11","date_gmt":"2022-09-08T11:04:11","guid":{"rendered":"https:\/\/www.area-press.eu\/comunicatistampa\/?p=70725"},"modified":"2022-09-08T13:04:11","modified_gmt":"2022-09-08T11:04:11","slug":"matteo-rovatti-governo-e-il-nuovo-progetto-dellartista-emiliano-che-denuncia-lincertezza-e-il-naufragare-delle-istituzioni-italiane","status":"publish","type":"post","link":"https:\/\/www.area-press.eu\/comunicatistampa\/2022\/09\/08\/matteo-rovatti-governo-e-il-nuovo-progetto-dellartista-emiliano-che-denuncia-lincertezza-e-il-naufragare-delle-istituzioni-italiane\/","title":{"rendered":"MATTEO ROVATTI: \u201cGoverno\u201d \u00e8 il nuovo progetto dell\u2019artista emiliano che denuncia l\u2019incertezza e il naufragare delle istituzioni italiane."},"content":{"rendered":"<p style=\"text-align: center\"><i><span style=\"font-weight: 400\">Una dedica a tutti gli Italiani che continuano a vivere con coraggio nonostante dimenticati da un governo amorale.<\/span><\/i><\/p>\n<p style=\"text-align: center\">\n<p>https:\/\/www.youtube.com\/watch?v=PHpWLZyQQqU&#038;ab_channel=MatteoRovatti<\/p>\n<p>&nbsp;<\/p>\n<p style=\"text-align: center\"><b>In radio dal 2 settembre<\/b><\/p>\n<p>&nbsp;<\/p>\n<p><span style=\"font-weight: 400\">Il naufragare delle istituzioni \u00e8 al centro del nuovo brano del cantautore emiliano Matteo Rovatti. Il clima di incertezza del governo \u00e8 la fonte di ispirazione primaria per questo nuovo singolo che attinge a piene mani dalla quotidianit\u00e0. \u00abL\u2019unica certezza che resta, \u00e8 l\u2019incertezza che resta\u00bb dice Matteo Rovatti, che che nel video musicale del singolo, rappresentandosi dietro le sbarre, simboleggia la metaforica condizione in cui gli italiani si trovano ad essere: \u00abPrigionieri delle Istituzioni\u00bb.<\/span><\/p>\n<p><span style=\"font-weight: 400\">Etichetta:<\/span><b> Indian<\/b><\/p>\n<p><span style=\"font-weight: 400\">Radiodate:<\/span><b> 2 settembre 2022<\/b><\/p>\n<p>&nbsp;<\/p>\n<p><b>Contatti e social<\/b><\/p>\n<p><b>Facebook<\/b> <a href=\"http:\/\/www.facebook.com\/matteorovatti\"><span style=\"font-weight: 400\">www.facebook.com\/matteorovatti<\/span><\/a><\/p>\n<p><b>YouTube <\/b><span style=\"font-weight: 400\">\u00a0<\/span><a href=\"http:\/\/www.youtube.com\/matteorovatti\"><span style=\"font-weight: 400\">www.youtube.com\/matteorovatti<\/span><\/a><\/p>\n<p><b>Instagram <\/b><a href=\"http:\/\/www.instagram.com\/matteorovatti\"><span style=\"font-weight: 400\">www.instagram.com\/matteorovatti<\/span><\/a><\/p>\n<p>&nbsp;<\/p>\n<p><b>BIO<\/b><\/p>\n<p><span style=\"font-weight: 400\">Matteo Rovatti nasce a Sassuolo nel 1972 ed \u00e8 un autore e compositore italiano.<\/span><\/p>\n<p><span style=\"font-weight: 400\">Nel marzo del 2008 pubblica il suo primo album \u201cVedere\u201d con cinque canzoni inedite.<\/span><\/p>\n<p><span style=\"font-weight: 400\">A luglio dello stesso anno partecipa alla tappa di Carpi del concorso \u201cFammi sentire la voce\u201d organizzato da Radio Bruno e vince il premio magazine.<\/span><\/p>\n<p><span style=\"font-weight: 400\">Nell\u2019ottobre del 2009 partecipa al teatro Carani di Sassuolo al concerto di Africa aid \u201cWater for children\u201d organizzato da Africa nel cuore e Croce Rossa Italiana.\u00a0<\/span><\/p>\n<p><span style=\"font-weight: 400\">Nel giugno del 2012 apre il concerto dei <\/span><b>Nomadi<\/b><span style=\"font-weight: 400\"> al campo sportivo di Castelvetro.\u00a0<\/span><\/p>\n<p><span style=\"font-weight: 400\">Nel febbraio del 2015 apre il \u201cXXIII tributo ad Augusto_Nomadincontro\u201d al teatro tenda di Novellara, esperienza che ripete nel 2016 e poi ancora con il\u00a0 \u201cXXVIII raduno nazionale fan Nomadi\u201d a Casalromano. Matteo Rovatti \u00e8 autore e compositore insieme a <\/span><b>Giuseppe Carletti <\/b><span style=\"font-weight: 400\">e <\/span><b>Massimo Vecchi <\/b><span style=\"font-weight: 400\">della canzone \u201cTutto vero\u201d pubblicata nel disco di inediti dei Nomadi \u201cLascia il segno\u201d (2015). Nell\u2019ottobre dello stesso anno lancia \u201cVa di vivere\u201d pubblicato dai \u201cNomadi\u201d. Nel gennaio del 2016 annuncia il suo nuovo singolo \u201cLontano\u201d pubblicato dai \u201cNomadi\u201d.\u00a0<\/span><\/p>\n<p><span style=\"font-weight: 400\">seguito da \u201cQuesta vita\u201d.\u00a0<\/span><\/p>\n<p><span style=\"font-weight: 400\">Nel giugno del 2016 apre il \u201cCome potete giudicar tour Nomadi\u201d a Mestrino di Padova. Successivamente partecipa a tre tappe del \u201cFestival Show\u201d: Udine, Brescia e Jesolo. Partecipa al concorso \u201cSulla via (Emilia) per Woodstock\u201d vincendo il premio Carlino d\u2019oro messo in palio dal \u201cResto del Carlino\u201d e apre il \u201cXXV raduno nazionale estivo fan Nomadi\u201d in piazza San Bartolomeo a Castagnole delle Lanze.<\/span><\/p>\n<p><span style=\"font-weight: 400\">Nel settembre del 2017 esce il suo nuovo singolo \u201cL\u2019estate torner\u00e0\u201d che si posiziona al primo posto della classifica indipendenti emergenti.<\/span><\/p>\n<p><span style=\"font-weight: 400\">Nel gennaio del 2018 pubblica &#8220;Amami davvero\u201d che raggiunge il primo posto della classifica indipendenti emergenti, posizione ottenuta anche a maggio del 2020 con \u201cSottosopra\u201d.<\/span><\/p>\n<p>&nbsp;<\/p>\n<p><span style=\"font-weight: 400\">fonte: <\/span><span style=\"font-weight: 400\">www.laltoparlante.it<\/span><\/p>\n","protected":false},"excerpt":{"rendered":"<p>Una dedica a tutti gli Italiani che continuano a vivere con coraggio nonostante dimenticati da un governo amorale. https:\/\/www.youtube.com\/watch?v=PHpWLZyQQqU&#038;ab_channel=MatteoRovatti &nbsp; In radio dal 2 settembre &nbsp; Il naufragare delle istituzioni \u00e8 al centro del nuovo brano del cantautore emiliano Matteo Rovatti. Il clima di incertezza del governo \u00e8 la fonte di ispirazione primaria per questo [&hellip;]<\/p>\n","protected":false},"author":4383,"featured_media":0,"comment_status":"open","ping_status":"open","sticky":false,"template":"","format":"standard","meta":{"footnotes":""},"categories":[12],"tags":[],"class_list":["post-70725","post","type-post","status-publish","format-standard","hentry","category-musica"],"_links":{"self":[{"href":"https:\/\/www.area-press.eu\/comunicatistampa\/wp-json\/wp\/v2\/posts\/70725","targetHints":{"allow":["GET"]}}],"collection":[{"href":"https:\/\/www.area-press.eu\/comunicatistampa\/wp-json\/wp\/v2\/posts"}],"about":[{"href":"https:\/\/www.area-press.eu\/comunicatistampa\/wp-json\/wp\/v2\/types\/post"}],"author":[{"embeddable":true,"href":"https:\/\/www.area-press.eu\/comunicatistampa\/wp-json\/wp\/v2\/users\/4383"}],"replies":[{"embeddable":true,"href":"https:\/\/www.area-press.eu\/comunicatistampa\/wp-json\/wp\/v2\/comments?post=70725"}],"version-history":[{"count":1,"href":"https:\/\/www.area-press.eu\/comunicatistampa\/wp-json\/wp\/v2\/posts\/70725\/revisions"}],"predecessor-version":[{"id":70726,"href":"https:\/\/www.area-press.eu\/comunicatistampa\/wp-json\/wp\/v2\/posts\/70725\/revisions\/70726"}],"wp:attachment":[{"href":"https:\/\/www.area-press.eu\/comunicatistampa\/wp-json\/wp\/v2\/media?parent=70725"}],"wp:term":[{"taxonomy":"category","embeddable":true,"href":"https:\/\/www.area-press.eu\/comunicatistampa\/wp-json\/wp\/v2\/categories?post=70725"},{"taxonomy":"post_tag","embeddable":true,"href":"https:\/\/www.area-press.eu\/comunicatistampa\/wp-json\/wp\/v2\/tags?post=70725"}],"curies":[{"name":"wp","href":"https:\/\/api.w.org\/{rel}","templated":true}]}}