{"id":70716,"date":"2022-09-08T13:04:11","date_gmt":"2022-09-08T11:04:11","guid":{"rendered":"https:\/\/www.area-press.eu\/comunicatistampa\/?p=70716"},"modified":"2022-09-08T13:04:11","modified_gmt":"2022-09-08T11:04:11","slug":"scar-mille-allora-e-il-nuovo-singolo-dellartista-genovese-dai-suoni-moderni-con-un-rimando-ai-synth-anni-80","status":"publish","type":"post","link":"https:\/\/www.area-press.eu\/comunicatistampa\/2022\/09\/08\/scar-mille-allora-e-il-nuovo-singolo-dellartista-genovese-dai-suoni-moderni-con-un-rimando-ai-synth-anni-80\/","title":{"rendered":"SCAR \u201cMille all&#8217;ora\u201d \u00e8 Il nuovo singolo dell&#8217;artista genovese dai suoni moderni con un rimando ai synth anni \u201880"},"content":{"rendered":"<p style=\"text-align: center\"><i><span style=\"font-weight: 400\">Un brano sugli amori sfuggevoli che alla fine dell\u2019estate lasciano cuori malinconici<\/span><\/i><\/p>\n<p style=\"text-align: center\"><img decoding=\"async\" src=\"https:\/\/www.earone.it\/newsimages\/scar_mille_all_ora.jpg___th_320_0.jpg\" \/><\/p>\n<p style=\"text-align: center\"><span style=\"font-weight: 400\">in radio dal 2 settembre<\/span><\/p>\n<p>&nbsp;<\/p>\n<p><i><span style=\"font-weight: 400\">Mille all\u2019ora<\/span><\/i><span style=\"font-weight: 400\"> si muove su un groove travolgente, in pieno stile funky pop, dai suoni moderni, ma al contempo con un rimando alle drum machines e ai synth anni \u201880.<\/span><\/p>\n<p><span style=\"font-weight: 400\">La voce di Scar racconta la spensieratezza e gli amori estivi, le storie fugaci vissute d\u2019impulso, senza riflettere su quello che verr\u00e0, ma focalizzandosi sulle emozioni impetuose ed istantanee. Storie d\u2019amore che col finire dell\u2019estate lasciano ricordi belli quanto malinconici.<\/span><\/p>\n<p>&nbsp;<\/p>\n<p><span style=\"font-weight: 400\">Radio date: 2 settembre 2022<\/span><\/p>\n<p><span style=\"font-weight: 400\">Etichetta:<\/span><b> Orangle Srl\u00a0<\/b><\/p>\n<p><a href=\"http:\/\/www.oranglerecords.com\"><b>www.oranglerecords.com<\/b><\/a><\/p>\n<p><a href=\"http:\/\/www.laltoparlante.it\"><b>www.laltoparlante.it<\/b><\/a><\/p>\n<p>&nbsp;<\/p>\n<p><b>CONTATTI SOCIAL<\/b><\/p>\n<p><b>INSTAGRAM <\/b><a href=\"https:\/\/www.instagram.com\/scar_aske\/?igshid=YmMyMTA2M2Y%3D\"><span style=\"font-weight: 400\">https:\/\/www.instagram.com\/scar_aske\/?igshid=YmMyMTA2M2Y%3D<\/span><\/a><\/p>\n<p><b>SPOTIFY <\/b><span style=\"font-weight: 400\">https:\/\/open.spotify.com\/artist\/4IzJw6HBha1BUCMTuSKzfA<\/span><\/p>\n<p>&nbsp;<\/p>\n<p><b>BIO<\/b><\/p>\n<p><span style=\"font-weight: 400\">Lorenzo Pastorino, in arte &#8220;Scar&#8221;, nasce a Genova nel 1998. Inizia la carriera da artista all&#8217;et\u00e0 di 15 anni registrando vari mixtape ed entrando a far parte della realt\u00e0 genovese &#8220;STUDIOOSTILE&#8221; del produttore Demo, con la quale pubblicher\u00e0 il suo primo album ufficiale &#8220;ASKE&#8221; nel luglio 2018. Successivamente, tra il 2019 e il 2021 escono altri quattro singoli: \u201cPlastica o Magia\u201d, \u201cGi\u00e0 Mia\u201d, \u201cLuna\u201d e \u201cMentre Torno a Casa\u201d. Ne sussegue un periodo di ricerca e sperimentazione musicale che porta a un cambio di rotta. A settembre 2022 esce \u201cMille All\u2019ora\u201d per Orangle Records.<\/span><\/p>\n","protected":false},"excerpt":{"rendered":"<p>Un brano sugli amori sfuggevoli che alla fine dell\u2019estate lasciano cuori malinconici in radio dal 2 settembre &nbsp; Mille all\u2019ora si muove su un groove travolgente, in pieno stile funky pop, dai suoni moderni, ma al contempo con un rimando alle drum machines e ai synth anni \u201880. La voce di Scar racconta la spensieratezza [&hellip;]<\/p>\n","protected":false},"author":4383,"featured_media":0,"comment_status":"open","ping_status":"open","sticky":false,"template":"","format":"standard","meta":{"footnotes":""},"categories":[12],"tags":[],"class_list":["post-70716","post","type-post","status-publish","format-standard","hentry","category-musica"],"_links":{"self":[{"href":"https:\/\/www.area-press.eu\/comunicatistampa\/wp-json\/wp\/v2\/posts\/70716","targetHints":{"allow":["GET"]}}],"collection":[{"href":"https:\/\/www.area-press.eu\/comunicatistampa\/wp-json\/wp\/v2\/posts"}],"about":[{"href":"https:\/\/www.area-press.eu\/comunicatistampa\/wp-json\/wp\/v2\/types\/post"}],"author":[{"embeddable":true,"href":"https:\/\/www.area-press.eu\/comunicatistampa\/wp-json\/wp\/v2\/users\/4383"}],"replies":[{"embeddable":true,"href":"https:\/\/www.area-press.eu\/comunicatistampa\/wp-json\/wp\/v2\/comments?post=70716"}],"version-history":[{"count":1,"href":"https:\/\/www.area-press.eu\/comunicatistampa\/wp-json\/wp\/v2\/posts\/70716\/revisions"}],"predecessor-version":[{"id":70718,"href":"https:\/\/www.area-press.eu\/comunicatistampa\/wp-json\/wp\/v2\/posts\/70716\/revisions\/70718"}],"wp:attachment":[{"href":"https:\/\/www.area-press.eu\/comunicatistampa\/wp-json\/wp\/v2\/media?parent=70716"}],"wp:term":[{"taxonomy":"category","embeddable":true,"href":"https:\/\/www.area-press.eu\/comunicatistampa\/wp-json\/wp\/v2\/categories?post=70716"},{"taxonomy":"post_tag","embeddable":true,"href":"https:\/\/www.area-press.eu\/comunicatistampa\/wp-json\/wp\/v2\/tags?post=70716"}],"curies":[{"name":"wp","href":"https:\/\/api.w.org\/{rel}","templated":true}]}}