{"id":70634,"date":"2022-09-03T08:05:26","date_gmt":"2022-09-03T06:05:26","guid":{"rendered":"https:\/\/www.area-press.eu\/comunicatistampa\/?p=70634"},"modified":"2022-09-03T08:05:26","modified_gmt":"2022-09-03T06:05:26","slug":"da-gorbaciov-ai-giorni-nostri","status":"publish","type":"post","link":"https:\/\/www.area-press.eu\/comunicatistampa\/2022\/09\/03\/da-gorbaciov-ai-giorni-nostri\/","title":{"rendered":"Da Gorbaciov ai giorni nostri"},"content":{"rendered":"<h3>Quando la transizione diventa conversione ecologica<\/h3>\n<p>&nbsp;<\/p>\n<p>Scrivere di transizione ecologica durante una guerra combattuta con armi di ogni tipo, con il sangue di popolazioni civili, che distrugge le vite, la pace di famiglie, bambini generazioni, per me non \u00e8 possibile. La Guerra \u00e8 la madre di tutte le politiche insostenibili del Pianeta. E qualunque cosa si dica o si faccia, di fronte ai morti innocenti, diventa fuori luogo. Esistono Politiche e Politici insostenibili che vanno messi al bando per il bene dell\u2019umanit\u00e0. Ma scrivere oggi di sostenibilit\u00e0 nel giorno in cui il mondo apprende della morte di Mikhail Gorbaciov suscita in me un sentimento profondo di riconoscenza e gratitudine. Se la guerra \u00e8 la madre dell\u2019insostenibilit\u00e0 di sistema, Gorbaciov, di fatto padre del disgelo e del disarmo nucleare \u00e8 il padre di un mondo sostenibile. Di fatto un visionario che seppe dare al suo Paese un grado di libert\u00e0 e democrazia che oggi a oltre 30 anni si \u00e8 tragicamente perso in Russia.<br \/>\nIo ho vissuto il 1989, ma ricordo benissimo grazie all\u2019educazione in Famiglia, grazie ai miei nonni quei formidabili anni 1983\/1986, quando il mondo impar\u00f2 a riconoscere Gorbaciov oltre le coltri invalicabili della Cortina di ferro. Quanta Speranza di Libert\u00e0 ben riposta in un Signore che avrebbe voluto forse solo riformare lo Stato ma che contribu\u00ec ad abbattere il sistema comunista, un gigante che si dimostrava incapace di adattarsi al mondo in cambiamento. Ma Gorbaciov dall\u2019alto del suo ruolo di Segretario del Pcus e Presidente dell\u2019Urss non riusc\u00ec. Le politiche che oggi si direbbero sostenibili di \u201cperestroika\u201d e di \u201cglasnost\u201d \u2013 riforme economiche e politiche e trasparenza \u2013 richiedevano condivisione e partecipazione dal basso. Come diciamo noi, oggi, grazie a Citizen Platform di Unesco: i cittadini imprenditori e consumatori svolgono un ruolo da protagonisti nell\u2019edificazione di una societ\u00e0 sostenibile. I cittadini non lo capirono. Forse per troppo tempo sudditi, forse per ancora altro tempo a rischio fame e povert\u00e0, i suoi non capirono Gorbaciov\u2026 che viceversa \u00e8 stato tanto amato in Occidente. La transizione dal Comunismo al Libero Mercato avrebbe richiesto ben altro\u2026 un rapporto diverso e originale capace di coinvolgere il Cuore e la Ragione nel mondo e invece prevalsero interessi particolari, specie in Occidente e Gorbaciov vero Signore e Galantuomo in Politica si trov\u00f2 scalzato da ben altri figuri, Boris Eltsin in primis. Ed oggi se mutuiamo contesti e scenari i temi sono gli stessi. Abbiamo bisogno di protagonismi dal basso. Di partecipazione. Non basta la transizione dirigista dell\u2019economia. Occorre la conversione dei singoli perch\u00e9 la sostenibilit\u00e0 conviene a tutti e costruisce un futuro bello e carico di Speranza. Bene Grazie a Gorbaciov sono riuscito a riprendere fiato. E cosa volevo dire? Giusto un caso sul territorio di un imprenditore che ha fatto della sostenibilit\u00e0 la sua conversione personale e aziendale: un gruppo aziendale, una corporate identity, un modello di business convertito dal territorio, dal food, dai servizi a imprese e persone al benessere del territorio e delle persone. Gia dai nomi. Romano Solai, 59 anni trentino-senese innamorato della Toscana e del Paese \u00e8 a capo di Sovean Group che ha in pancia diverse societ\u00e0 tra cui Ricarica perch\u00e8 si legge nella corporate identity il gruppo punta a rigenerare le connessioni sociali affettive ed economiche sul territorio nel rispetto del prossimo e dell\u2019ambiente. Se non \u00e8 questa la conversione dei singoli\u2026 Occorre la visione della politica. Occorrebbe oggi come ieri in Italia come in Russia come nel mondo, perestroika (e glasnost) per crescere e migliorarsi.<\/p>\n<h4 style=\"text-align: right\">Massimo Lucidi<br \/>\nIdeatore Stati Generali della Sostenibilit\u00e0<\/h4>\n<h3><a href=\"https:\/\/www.massimolucidi.it\/site\/da-gorbaciov-ai-giorni-nostri\/\">Articolo di riferimento<\/a><\/h3>\n","protected":false},"excerpt":{"rendered":"<p>Quando la transizione diventa conversione ecologica &nbsp; Scrivere di transizione ecologica durante una guerra combattuta con armi di ogni tipo, con il sangue di popolazioni civili, che distrugge le vite, la pace di famiglie, bambini generazioni, per me non \u00e8 possibile. La Guerra \u00e8 la madre di tutte le politiche insostenibili del Pianeta. E qualunque [&hellip;]<\/p>\n","protected":false},"author":4753,"featured_media":0,"comment_status":"open","ping_status":"open","sticky":false,"template":"","format":"standard","meta":{"footnotes":""},"categories":[3,4,13],"tags":[],"class_list":["post-70634","post","type-post","status-publish","format-standard","hentry","category-arte-e-cultura","category-attualita-e-societa","category-politica"],"_links":{"self":[{"href":"https:\/\/www.area-press.eu\/comunicatistampa\/wp-json\/wp\/v2\/posts\/70634","targetHints":{"allow":["GET"]}}],"collection":[{"href":"https:\/\/www.area-press.eu\/comunicatistampa\/wp-json\/wp\/v2\/posts"}],"about":[{"href":"https:\/\/www.area-press.eu\/comunicatistampa\/wp-json\/wp\/v2\/types\/post"}],"author":[{"embeddable":true,"href":"https:\/\/www.area-press.eu\/comunicatistampa\/wp-json\/wp\/v2\/users\/4753"}],"replies":[{"embeddable":true,"href":"https:\/\/www.area-press.eu\/comunicatistampa\/wp-json\/wp\/v2\/comments?post=70634"}],"version-history":[{"count":1,"href":"https:\/\/www.area-press.eu\/comunicatistampa\/wp-json\/wp\/v2\/posts\/70634\/revisions"}],"predecessor-version":[{"id":70635,"href":"https:\/\/www.area-press.eu\/comunicatistampa\/wp-json\/wp\/v2\/posts\/70634\/revisions\/70635"}],"wp:attachment":[{"href":"https:\/\/www.area-press.eu\/comunicatistampa\/wp-json\/wp\/v2\/media?parent=70634"}],"wp:term":[{"taxonomy":"category","embeddable":true,"href":"https:\/\/www.area-press.eu\/comunicatistampa\/wp-json\/wp\/v2\/categories?post=70634"},{"taxonomy":"post_tag","embeddable":true,"href":"https:\/\/www.area-press.eu\/comunicatistampa\/wp-json\/wp\/v2\/tags?post=70634"}],"curies":[{"name":"wp","href":"https:\/\/api.w.org\/{rel}","templated":true}]}}