{"id":70539,"date":"2022-09-01T11:27:10","date_gmt":"2022-09-01T09:27:10","guid":{"rendered":"https:\/\/www.area-press.eu\/comunicatistampa\/?p=70539"},"modified":"2022-09-01T11:27:10","modified_gmt":"2022-09-01T09:27:10","slug":"romano-solai-partecipa-a-ceoforlife","status":"publish","type":"post","link":"https:\/\/www.area-press.eu\/comunicatistampa\/2022\/09\/01\/romano-solai-partecipa-a-ceoforlife\/","title":{"rendered":"Romano Solai partecipa a CeoforLife"},"content":{"rendered":"<p>Il 30 marzo scorso nella splendida cornice del Grand Hotel St. Regis a Roma si \u00e8 tenuto un incontro periodico promosso da Ceo For Life, il sodalizio voluto da Germano Fatali per creare sinergie tra i Ceo che scelgono la Vita, la Sostenibilit\u00e0. Sono amministratori consapevoli e responsabili ma pure sensibili e preparati sulle questioni ambientali economiche e sociali. E a raccogliere contributi e testimonianze, The Map Report e in particolare il suo direttore editoriale Massimo Lucidi. &#8220;Occasioni come questa servono per incontrare storie e protagonisti del cambiamento e metterli insieme tra loro per rafforzare best practice&#8221; dichiara Massimo Lucidi presentando alla folta platea, l&#8217;imprenditore trentino-senese Romano Solai. Solai a capo di Sbr Service srl un gruppo industriale che sta crescendo proprio perch\u00e9 il piano industriale ha aderito alla sostenibilit\u00e0 in modo strategico. &#8220;Abbiamo puntato alla sostenibilit\u00e0 che intendiamo vivere e promuovere ogni giorno &#8211; spiega Solai- presentando Sovean Group che rappresenter\u00e0 a breve il cartello di societ\u00e0 riconducibili a questa bella esperienza plurisettoriale che adesso fa una scelta radicale. Con la societ\u00e0 Ricarica diamo vita a una societ\u00e0 dedicata completamente all&#8217;energia rinnovabile. E abbiamo puntato dopo il food alla moda con tessuti e capi completamente sostenibili. E sappiamo quanto il settore marchi un confine&#8221; All&#8217;incontro a Roma la presenza di tanti imprenditori come Romano Soali \u00e8 stata valorizzata dall&#8217;intervento in collegamento con Dubai del Governo Emiratino salutato da Roma dai ministri Luigi Di Maio e Federico D&#8217;Inca.<\/p>\n<p><a href=\"https:\/\/www.massimolucidi.it\/site\/romano-solai-partecipa-a-ceoforlife\/\">Articolo di riferimento<\/a><\/p>\n","protected":false},"excerpt":{"rendered":"<p>Il 30 marzo scorso nella splendida cornice del Grand Hotel St. Regis a Roma si \u00e8 tenuto un incontro periodico promosso da Ceo For Life, il sodalizio voluto da Germano Fatali per creare sinergie tra i Ceo che scelgono la Vita, la Sostenibilit\u00e0. Sono amministratori consapevoli e responsabili ma pure sensibili e preparati sulle questioni [&hellip;]<\/p>\n","protected":false},"author":4753,"featured_media":0,"comment_status":"open","ping_status":"open","sticky":false,"template":"","format":"standard","meta":{"footnotes":""},"categories":[29],"tags":[],"class_list":["post-70539","post","type-post","status-publish","format-standard","hentry","category-comunicati"],"_links":{"self":[{"href":"https:\/\/www.area-press.eu\/comunicatistampa\/wp-json\/wp\/v2\/posts\/70539","targetHints":{"allow":["GET"]}}],"collection":[{"href":"https:\/\/www.area-press.eu\/comunicatistampa\/wp-json\/wp\/v2\/posts"}],"about":[{"href":"https:\/\/www.area-press.eu\/comunicatistampa\/wp-json\/wp\/v2\/types\/post"}],"author":[{"embeddable":true,"href":"https:\/\/www.area-press.eu\/comunicatistampa\/wp-json\/wp\/v2\/users\/4753"}],"replies":[{"embeddable":true,"href":"https:\/\/www.area-press.eu\/comunicatistampa\/wp-json\/wp\/v2\/comments?post=70539"}],"version-history":[{"count":1,"href":"https:\/\/www.area-press.eu\/comunicatistampa\/wp-json\/wp\/v2\/posts\/70539\/revisions"}],"predecessor-version":[{"id":70540,"href":"https:\/\/www.area-press.eu\/comunicatistampa\/wp-json\/wp\/v2\/posts\/70539\/revisions\/70540"}],"wp:attachment":[{"href":"https:\/\/www.area-press.eu\/comunicatistampa\/wp-json\/wp\/v2\/media?parent=70539"}],"wp:term":[{"taxonomy":"category","embeddable":true,"href":"https:\/\/www.area-press.eu\/comunicatistampa\/wp-json\/wp\/v2\/categories?post=70539"},{"taxonomy":"post_tag","embeddable":true,"href":"https:\/\/www.area-press.eu\/comunicatistampa\/wp-json\/wp\/v2\/tags?post=70539"}],"curies":[{"name":"wp","href":"https:\/\/api.w.org\/{rel}","templated":true}]}}