{"id":70416,"date":"2022-08-27T21:10:47","date_gmt":"2022-08-27T19:10:47","guid":{"rendered":"https:\/\/www.area-press.eu\/comunicatistampa\/?p=70416"},"modified":"2022-08-27T21:10:47","modified_gmt":"2022-08-27T19:10:47","slug":"lincantesimo-con-il-caffe","status":"publish","type":"post","link":"https:\/\/www.area-press.eu\/comunicatistampa\/2022\/08\/27\/lincantesimo-con-il-caffe\/","title":{"rendered":"L\u2019incantesimo con il caff\u00e8"},"content":{"rendered":"<p>In questo articolo parleremo dell\u2019incantesimo con il caff\u00e8. Il caff\u00e8 \u00e8 una vivanda usata nel campo della magia. Esistono vari rituali che usano come elemento principale il caff\u00e8. Ecco il parere del noto Sensitivo Letterius.<\/p>\n<p>Sensitivo Letterius: Buona sera a tutti. \u00a0L\u2019incantesimo con il caff\u00e8 \u00e8 un rito semplicismo. Per meglio dire un legamento d\u2019amore con un ottimo potenziale. Tutto ci\u00f2 di cui abbiamo bisogno \u00e8: nove cucchiaini di caff\u00e8 e tre di sale, barattolo di vetro con tappo, foto del partner.<\/p>\n<p>Sensitivo Letterius: Vi consiglio di svolgere l\u2019incantesimo con il caff\u00e8 durante la luna crescente o piena. Meglio di Venerd\u00ec alle ore 22.<\/p>\n<p>Iniziamo con il rituale: Prendete dell\u2019acqua e fatela bollire. Dopo di che versatela nel barattolo. Versate i cucchiaini del caff\u00e8 e la foto della persona amata. Mescolate il tutto e aggiungete i tre cucchiaini di sale. Recitate (mentre per nove volte mescolate ) le seguenti parole: Cos\u00ec come questi elementi si mescolano i nostri cuori si uniscono. Cos\u00ec come quest\u2019acqua \u00e8 agitata il tuo cuore \u00e8 agitato Non potrai dormi e giacere senza di me. E\u2019 fatto. E\u2019 fatto. Duco Bonfine. Ringrazio l\u2019Universo per la realizzazione di tutto\u2019\u2019.<\/p>\n<p>Sensitivo Letterius: Seppellite il barattolo in un luogo sicuro. Mi raccomando non rivelate a nessuno di questo rituale. Neanche se avete ottenuto il risultato. Purtroppo le energie altrui non sono sempre positive. Anzi se volete svolgere l\u2019incantesimo con il caff\u00e8 in maniera corretta, vi consiglio di procedere con una bella purificazione sia personale che ambientale.\u00a0 Comunque per i casi complessi vi consiglio di affidarvi a un professionista del settore.\u00a0<\/p>\n<p>Vi ringrazio di avermi seguito anche stasera. Vi mando un abbraccio di luce.\u00a0<\/p>\n","protected":false},"excerpt":{"rendered":"<p>In questo articolo parleremo dell\u2019incantesimo con il caff\u00e8. Il caff\u00e8 \u00e8 una vivanda usata nel campo della magia. Esistono vari rituali che usano come elemento principale il caff\u00e8. Ecco il parere del noto Sensitivo Letterius. Sensitivo Letterius: Buona sera a tutti. \u00a0L\u2019incantesimo con il caff\u00e8 \u00e8 un rito semplicismo. Per meglio dire un legamento d\u2019amore [&hellip;]<\/p>\n","protected":false},"author":6475,"featured_media":0,"comment_status":"open","ping_status":"open","sticky":false,"template":"","format":"standard","meta":{"footnotes":""},"categories":[29],"tags":[],"class_list":["post-70416","post","type-post","status-publish","format-standard","hentry","category-comunicati"],"_links":{"self":[{"href":"https:\/\/www.area-press.eu\/comunicatistampa\/wp-json\/wp\/v2\/posts\/70416","targetHints":{"allow":["GET"]}}],"collection":[{"href":"https:\/\/www.area-press.eu\/comunicatistampa\/wp-json\/wp\/v2\/posts"}],"about":[{"href":"https:\/\/www.area-press.eu\/comunicatistampa\/wp-json\/wp\/v2\/types\/post"}],"author":[{"embeddable":true,"href":"https:\/\/www.area-press.eu\/comunicatistampa\/wp-json\/wp\/v2\/users\/6475"}],"replies":[{"embeddable":true,"href":"https:\/\/www.area-press.eu\/comunicatistampa\/wp-json\/wp\/v2\/comments?post=70416"}],"version-history":[{"count":1,"href":"https:\/\/www.area-press.eu\/comunicatistampa\/wp-json\/wp\/v2\/posts\/70416\/revisions"}],"predecessor-version":[{"id":70417,"href":"https:\/\/www.area-press.eu\/comunicatistampa\/wp-json\/wp\/v2\/posts\/70416\/revisions\/70417"}],"wp:attachment":[{"href":"https:\/\/www.area-press.eu\/comunicatistampa\/wp-json\/wp\/v2\/media?parent=70416"}],"wp:term":[{"taxonomy":"category","embeddable":true,"href":"https:\/\/www.area-press.eu\/comunicatistampa\/wp-json\/wp\/v2\/categories?post=70416"},{"taxonomy":"post_tag","embeddable":true,"href":"https:\/\/www.area-press.eu\/comunicatistampa\/wp-json\/wp\/v2\/tags?post=70416"}],"curies":[{"name":"wp","href":"https:\/\/api.w.org\/{rel}","templated":true}]}}