{"id":70372,"date":"2022-08-23T17:32:19","date_gmt":"2022-08-23T15:32:19","guid":{"rendered":"https:\/\/www.area-press.eu\/comunicatistampa\/?p=70372"},"modified":"2022-08-23T17:32:19","modified_gmt":"2022-08-23T15:32:19","slug":"club-per-lunesco-di-roma-e-the-map-report-con-la-partecipazione-di-mario-fritella-presso-sala-baldini-chiesa-di-santa-maria-in-portico-in-piazza-campitelli","status":"publish","type":"post","link":"https:\/\/www.area-press.eu\/comunicatistampa\/2022\/08\/23\/club-per-lunesco-di-roma-e-the-map-report-con-la-partecipazione-di-mario-fritella-presso-sala-baldini-chiesa-di-santa-maria-in-portico-in-piazza-campitelli\/","title":{"rendered":"Club per l\u2019UNESCO di Roma e The Map Report con la partecipazione di Mario Fritella presso Sala Baldini, Chiesa di Santa Maria in Portico, in Piazza Campitelli"},"content":{"rendered":"<p>Dal 1923, su iniziativa di librai spagnoli, sostenuta poi dal 1995 dall\u2019UNESCO, il 23 aprile \u00e8 la giornata mondiale del libro e del diritto d\u2019autore, omaggiando cos\u00ec gli autori nel giorno in cui trovarono la morte Miguel Cervantes Inca Garcilaso de la Vega e il grande William Shakespeare. E cos\u00ec calendario alla mano il Club per l\u2019Unesco di Roma presieduto dall\u2019avvocato Maura Gentile ha chiamato a raccolta i soci e i simpatizzanti per offrire alla citt\u00e0 in un incontro pubblico un ragionamento a tutto tondo attorno a un caposaldo della formazione civile di una societ\u00e0, la lettura. E la letteratura. Baluardo di libert\u00e0 e creativit\u00e0. Attorno al tema si incontreranno nella prestigiosa Sala Baldini della Chiesa di Santa Maria in Portico in Campitelli, in Piazza Campitelli, una serie di scrittori, moderati dal direttore editoriale di The Map Report e scrittore a sua volta Massimo Lucidi alla presenza del neo direttore di Rai Libri Marco Frittella, peraltro editorialista per la prestigiosa rivista legata a Unesco sulla sostenibilit\u00e0. Il confronto sulle diverse esperienze di scritture sar\u00e0 animato dal professor Pasquale Bacco, che presenter\u00e0 Maledetto Vaccino, dalla scrittrice Elvira Frojo che racconter\u00e0 i primi passi del suo originale percorso, Mario Mazzoli speleologo e firma letteraria e Sandro Menichelli dirigente di pubblica sicurezza che ci porta nel mondo di \u201cIslam al femminile\u201d. Temi in apparenza lontani, di certo distinti, ma accomunati dalla passione di testimoniare i mutamenti della societ\u00e0. \u201cC\u2019\u00e8 tanto da leggere\u2026 ma c\u2019\u00e8 tanto anche da scrivere\u201d si legge nella nota di invito della presidente Gentile. \u201cE come non essere d\u2019accordo? dichiara Romano Solai imprenditore innovatore e visionario che aggiunge: \u201cson colpito di ritrovare stasera una serie di volti pi\u00f9 o meno noti ma tutti protagonisti e testimoni di storie che ci aiutano a vivere il mondo contemporaneo. Diceva Benedetto Croce che la storia \u00e8 sempre contemporanea. Ecco per vivere questo mondo necessitiamo imprenditori sensibili a leggere questi dati e le risposte della storia\u201d<\/p>\n","protected":false},"excerpt":{"rendered":"<p>Dal 1923, su iniziativa di librai spagnoli, sostenuta poi dal 1995 dall\u2019UNESCO, il 23 aprile \u00e8 la giornata mondiale del libro e del diritto d\u2019autore, omaggiando cos\u00ec gli autori nel giorno in cui trovarono la morte Miguel Cervantes Inca Garcilaso de la Vega e il grande William Shakespeare. E cos\u00ec calendario alla mano il Club [&hellip;]<\/p>\n","protected":false},"author":4753,"featured_media":0,"comment_status":"open","ping_status":"open","sticky":false,"template":"","format":"standard","meta":{"footnotes":""},"categories":[29],"tags":[],"class_list":["post-70372","post","type-post","status-publish","format-standard","hentry","category-comunicati"],"_links":{"self":[{"href":"https:\/\/www.area-press.eu\/comunicatistampa\/wp-json\/wp\/v2\/posts\/70372","targetHints":{"allow":["GET"]}}],"collection":[{"href":"https:\/\/www.area-press.eu\/comunicatistampa\/wp-json\/wp\/v2\/posts"}],"about":[{"href":"https:\/\/www.area-press.eu\/comunicatistampa\/wp-json\/wp\/v2\/types\/post"}],"author":[{"embeddable":true,"href":"https:\/\/www.area-press.eu\/comunicatistampa\/wp-json\/wp\/v2\/users\/4753"}],"replies":[{"embeddable":true,"href":"https:\/\/www.area-press.eu\/comunicatistampa\/wp-json\/wp\/v2\/comments?post=70372"}],"version-history":[{"count":1,"href":"https:\/\/www.area-press.eu\/comunicatistampa\/wp-json\/wp\/v2\/posts\/70372\/revisions"}],"predecessor-version":[{"id":70375,"href":"https:\/\/www.area-press.eu\/comunicatistampa\/wp-json\/wp\/v2\/posts\/70372\/revisions\/70375"}],"wp:attachment":[{"href":"https:\/\/www.area-press.eu\/comunicatistampa\/wp-json\/wp\/v2\/media?parent=70372"}],"wp:term":[{"taxonomy":"category","embeddable":true,"href":"https:\/\/www.area-press.eu\/comunicatistampa\/wp-json\/wp\/v2\/categories?post=70372"},{"taxonomy":"post_tag","embeddable":true,"href":"https:\/\/www.area-press.eu\/comunicatistampa\/wp-json\/wp\/v2\/tags?post=70372"}],"curies":[{"name":"wp","href":"https:\/\/api.w.org\/{rel}","templated":true}]}}