{"id":70078,"date":"2022-08-07T08:50:02","date_gmt":"2022-08-07T06:50:02","guid":{"rendered":"https:\/\/www.area-press.eu\/comunicatistampa\/?p=70078"},"modified":"2022-08-07T08:50:02","modified_gmt":"2022-08-07T06:50:02","slug":"i-problemi-dentali-del-cane-e-del-gatto-le-cure-dellambulatorio-veterinario-aleandri-a-roma","status":"publish","type":"post","link":"https:\/\/www.area-press.eu\/comunicatistampa\/2022\/08\/07\/i-problemi-dentali-del-cane-e-del-gatto-le-cure-dellambulatorio-veterinario-aleandri-a-roma\/","title":{"rendered":"I problemi dentali del cane e del gatto, le cure dell\u2019ambulatorio veterinario Aleandri a Roma"},"content":{"rendered":"<p><span style=\"font-family: arial, helvetica, sans-serif\">A Roma, il Centro Veterinario Aleandri rappresenta il punto di riferimento d&#8217;eccellenza per ogni problema di salute del cane e del gatto. <\/span><\/p>\n<p><span style=\"font-family: arial, helvetica, sans-serif\">Nel suo ampio ventaglio di prestazioni spiccano le cure dentali, vero &#8220;fiore all&#8217;occhiello&#8221; della struttura. <\/span><\/p>\n<p><span style=\"font-family: arial, helvetica, sans-serif\">Questa tipologia di assistenza, infatti, richiede una particolare delicatezza unita alla conoscenza delle procedure pi\u00f9 all&#8217;avanguardia per un intervento rapido, risolutivo e allo stesso tempo totalmente sicuro per l&#8217;animale. <\/span><\/p>\n<p><span style=\"font-family: arial, helvetica, sans-serif\">Forte di uno staff altamente specializzato e di dotazioni di ultima generazione in grado di curare efficacemente nel pieno rispetto della sensibilit\u00e0 e del benessere di cani e gatti, l&#8217;ambulatorio veterinario Aleandri si distingue in modo particolare nel trattamento e nel controllo di una delle problematiche dentali oggi pi\u00f9 diffuse tra i cani e gatti: il tartaro. <\/span><\/p>\n<p><span style=\"font-family: arial, helvetica, sans-serif\">Verifica spesso lo stato dei denti e delle gengive del tuo amico a quattro zampe: il tartaro, infatti, \u00e8 un nemico insidioso che non sempre si fa notare. <\/span><\/p>\n<p><span style=\"font-family: arial, helvetica, sans-serif\">Esteticamente si presenta come una patina di colore scuro (dall&#8217;arancio al marrone) che ricopre lo smalto del dente. <\/span><\/p>\n<p><span style=\"font-family: arial, helvetica, sans-serif\">Perch\u00e8 si forma? Il tartaro deriva dalla calcificazione della placca dentale che si deposita sulla superficie del dente. <\/span><\/p>\n<p><span style=\"font-family: arial, helvetica, sans-serif\">Se non viene rimosso, questo residuo si accumula in sempre maggiore quantit\u00e0, causando vari tipi di disturbi: ascessi, infiammazioni gengivali, parodontiti, retrazione delle gengive, perdita del denti, alito cattivo. <\/span><\/p>\n<p><span style=\"font-family: arial, helvetica, sans-serif\">Dal cavo orale, lo squilibrio pu\u00f2 estendersi ad altre zone del corpo, favorendo la comparsa di patologie cardiache, renali ed epatiche. <\/span><\/p>\n<p><span style=\"font-family: arial, helvetica, sans-serif\">L&#8217;unico sistema per impedire l&#8217;accumulo del tartaro \u00e8 l&#8217;azione abrasiva della crocchetta e la pulizia quotidiana dei denti con spazzolino e dentifricio specifici per cani e gatti (mai ad uso umano!). <\/span><\/p>\n<p><span style=\"font-family: arial, helvetica, sans-serif\">Nonostante questi accorgimenti (spesso anche a causa di una predisposizione genetica), il tartaro pu\u00f2 formarsi ugualmente e in grande quantit\u00e0: in questo caso, pu\u00f2 essere rimosso solo con un intervento professionale chiamato detartrasi. <\/span><\/p>\n<h2><span style=\"font-family: arial, helvetica, sans-serif\">Tale procedura, effettuata in anestesia generale, consta di diverse fasi: <\/span><\/h2>\n<p><span style=\"font-family: arial, helvetica, sans-serif\">&#8211; la pulizia vera e propria, che serve ad eliminare tutto il tartaro;<\/span><\/p>\n<p><span style=\"font-family: arial, helvetica, sans-serif\">&#8211; la lucidatura, che mira a rallentare la riformazione del tartaro;<\/span><\/p>\n<p><span style=\"font-family: arial, helvetica, sans-serif\">&#8211; un trattamento antibiotico o antisettico. <\/span><\/p>\n<p><span style=\"font-family: arial, helvetica, sans-serif\">La detartrasi va effettuata periodicamente (dopo 6 mesi, un anno o due anni, a seconda dei casi) cos\u00ec da mantenere il cavo orale sempre libero dal tartaro che va via via riformandosi.<\/span><\/p>\n<h3><a href=\"https:\/\/www.ambvetaleandri.eu\/index.php\/prestazioni\/cure-dentali\"><span style=\"font-family: arial, helvetica, sans-serif\">Prenota ora una visita &gt;&gt;<\/span><\/a><\/h3>\n","protected":false},"excerpt":{"rendered":"<p>A Roma, il Centro Veterinario Aleandri rappresenta il punto di riferimento d&#8217;eccellenza per ogni problema di salute del cane e del gatto. Nel suo ampio ventaglio di prestazioni spiccano le cure dentali, vero &#8220;fiore all&#8217;occhiello&#8221; della struttura. Questa tipologia di assistenza, infatti, richiede una particolare delicatezza unita alla conoscenza delle procedure pi\u00f9 all&#8217;avanguardia per un [&hellip;]<\/p>\n","protected":false},"author":2944,"featured_media":0,"comment_status":"open","ping_status":"open","sticky":false,"template":"","format":"standard","meta":{"footnotes":""},"categories":[14],"tags":[29273,29274],"class_list":["post-70078","post","type-post","status-publish","format-standard","hentry","category-salute-e-medicina","tag-cure-dentali-cane","tag-cure-dentali-gatto"],"_links":{"self":[{"href":"https:\/\/www.area-press.eu\/comunicatistampa\/wp-json\/wp\/v2\/posts\/70078","targetHints":{"allow":["GET"]}}],"collection":[{"href":"https:\/\/www.area-press.eu\/comunicatistampa\/wp-json\/wp\/v2\/posts"}],"about":[{"href":"https:\/\/www.area-press.eu\/comunicatistampa\/wp-json\/wp\/v2\/types\/post"}],"author":[{"embeddable":true,"href":"https:\/\/www.area-press.eu\/comunicatistampa\/wp-json\/wp\/v2\/users\/2944"}],"replies":[{"embeddable":true,"href":"https:\/\/www.area-press.eu\/comunicatistampa\/wp-json\/wp\/v2\/comments?post=70078"}],"version-history":[{"count":2,"href":"https:\/\/www.area-press.eu\/comunicatistampa\/wp-json\/wp\/v2\/posts\/70078\/revisions"}],"predecessor-version":[{"id":70080,"href":"https:\/\/www.area-press.eu\/comunicatistampa\/wp-json\/wp\/v2\/posts\/70078\/revisions\/70080"}],"wp:attachment":[{"href":"https:\/\/www.area-press.eu\/comunicatistampa\/wp-json\/wp\/v2\/media?parent=70078"}],"wp:term":[{"taxonomy":"category","embeddable":true,"href":"https:\/\/www.area-press.eu\/comunicatistampa\/wp-json\/wp\/v2\/categories?post=70078"},{"taxonomy":"post_tag","embeddable":true,"href":"https:\/\/www.area-press.eu\/comunicatistampa\/wp-json\/wp\/v2\/tags?post=70078"}],"curies":[{"name":"wp","href":"https:\/\/api.w.org\/{rel}","templated":true}]}}