{"id":70033,"date":"2022-08-04T08:52:20","date_gmt":"2022-08-04T06:52:20","guid":{"rendered":"https:\/\/www.area-press.eu\/comunicatistampa\/?p=70033"},"modified":"2022-08-04T08:52:20","modified_gmt":"2022-08-04T06:52:20","slug":"pacchetti-turistici-e-disservizi-dei-vettori-aiav-chiede-maggiore-tutela-per-le-agenzie","status":"publish","type":"post","link":"https:\/\/www.area-press.eu\/comunicatistampa\/2022\/08\/04\/pacchetti-turistici-e-disservizi-dei-vettori-aiav-chiede-maggiore-tutela-per-le-agenzie\/","title":{"rendered":"Pacchetti turistici e disservizi dei vettori: AIAV chiede maggiore tutela per le agenzie"},"content":{"rendered":"<p>Nel periodo di pausa estiva e in un momento delicato per l\u2019intero Paese, alle prese con un clima di instabilit\u00e0 causato dalla crisi di governo, <strong>AIAV \u2013 Associazione Italiana Agenti di Viaggio<\/strong> &#8211; non si ferma e continua a stare al fianco dei suoi oltre 2.000 Associati.<\/p>\n<h2>Le richieste di AIAV<\/h2>\n<p>Nello specifico, l\u2019Associazione ha indirizzato una lettera al Ministro del Turismo <strong>Massimo Garavaglia<\/strong>, al Ministro delle Infrastrutture e della Mobilit\u00e0 Sostenibili <strong>Enrico Giovannini <\/strong>e al Ministro dello Sviluppo Economico <strong>Giancarlo Giorgetti<\/strong> per evidenziare la necessit\u00e0 di <strong>scindere la responsabilit\u00e0 degli organizzatori per l\u2019inesatta esecuzione del pacchetto turistico da quella relativa agli inadempimenti dei vettori aerei<\/strong>, e lasciare questi ultimi come unici responsabili per l\u2019inesatta esecuzione del servizio da loro fornito. Pur condividendo infatti le previsioni normative del Codice del Turismo, \u00e8 evidente che la situazione contingente, con decine di migliaia di voli cancellati o riprogrammati in tutto il mondo, \u00e8 fuori controllo sia dal punto di vista economico, sia dal punto di vista logistico, perch\u00e9 i <strong>vettori spesso non si fanno garanti del risarcimento del danno causato con il loro inadempimento.<\/strong><\/p>\n<h2><strong>Le parole di Fulvio Avataneo, Presidente AIAV<\/strong><\/h2>\n<p>Se da un lato, infatti, l\u2019attuale norma non pone particolari problemi nel caso in cui l\u2019inesatta esecuzione di un pacchetto turistico riguardi i servizi prestati da alberghi, guide, ristorazione o esperienze varie, perch\u00e8 il servizio \u00e8 sostituibile con quello di un altro fornitore, la situazione cambia drasticamente quando le <strong>difformit\u00e0 riguardano un vettore aereo<\/strong>: \u201cIn questo caso \u2013 dichiara <strong>Fulvio Avataneo, Presidente AIAV<\/strong> &#8211; trovare in tempi brevi ed a costi contenuti un servizio che possa sostituire quello del vettore che ha cancellato, ritardato o modificato un volo pu\u00f2 risultare complesso e molto oneroso. Le difficolt\u00e0 insorgono soprattutto per le agenzie di piccole o medie dimensioni perch\u00e9 l\u2019attuazione di tale garanzia \u00e8 impraticabile e rischia di creare problemi tanto al viaggiatore quanto all\u2019agenzia stessa, che pu\u00f2 in virt\u00f9 dei rimborsi andare incontro ad un grave dissesto economico\u201d.<\/p>\n<p>Ma non solo: AIAV torna a chiedere <strong>l\u2019obbligo per le compagnie aeree di sottoscrivere<\/strong>, come gi\u00e0 avviene per tour operator e agenzie di viaggio, <strong>una polizza\/fondo di garanzia contro il fallimento o l\u2019insolvenza<\/strong>, con lo scopo di tutelare tanto i consumatori quanto le imprese coinvolte nella filiera turistica.<\/p>\n","protected":false},"excerpt":{"rendered":"<p>Nel periodo di pausa estiva e in un momento delicato per l\u2019intero Paese, alle prese con un clima di instabilit\u00e0 causato dalla crisi di governo, AIAV \u2013 Associazione Italiana Agenti di Viaggio &#8211; non si ferma e continua a stare al fianco dei suoi oltre 2.000 Associati. Le richieste di AIAV Nello specifico, l\u2019Associazione ha [&hellip;]<\/p>\n","protected":false},"author":49,"featured_media":0,"comment_status":"open","ping_status":"open","sticky":false,"template":"","format":"standard","meta":{"footnotes":""},"categories":[17],"tags":[28394,28452],"class_list":["post-70033","post","type-post","status-publish","format-standard","hentry","category-turismo","tag-aiav","tag-fulvio-avataneo"],"_links":{"self":[{"href":"https:\/\/www.area-press.eu\/comunicatistampa\/wp-json\/wp\/v2\/posts\/70033","targetHints":{"allow":["GET"]}}],"collection":[{"href":"https:\/\/www.area-press.eu\/comunicatistampa\/wp-json\/wp\/v2\/posts"}],"about":[{"href":"https:\/\/www.area-press.eu\/comunicatistampa\/wp-json\/wp\/v2\/types\/post"}],"author":[{"embeddable":true,"href":"https:\/\/www.area-press.eu\/comunicatistampa\/wp-json\/wp\/v2\/users\/49"}],"replies":[{"embeddable":true,"href":"https:\/\/www.area-press.eu\/comunicatistampa\/wp-json\/wp\/v2\/comments?post=70033"}],"version-history":[{"count":1,"href":"https:\/\/www.area-press.eu\/comunicatistampa\/wp-json\/wp\/v2\/posts\/70033\/revisions"}],"predecessor-version":[{"id":70034,"href":"https:\/\/www.area-press.eu\/comunicatistampa\/wp-json\/wp\/v2\/posts\/70033\/revisions\/70034"}],"wp:attachment":[{"href":"https:\/\/www.area-press.eu\/comunicatistampa\/wp-json\/wp\/v2\/media?parent=70033"}],"wp:term":[{"taxonomy":"category","embeddable":true,"href":"https:\/\/www.area-press.eu\/comunicatistampa\/wp-json\/wp\/v2\/categories?post=70033"},{"taxonomy":"post_tag","embeddable":true,"href":"https:\/\/www.area-press.eu\/comunicatistampa\/wp-json\/wp\/v2\/tags?post=70033"}],"curies":[{"name":"wp","href":"https:\/\/api.w.org\/{rel}","templated":true}]}}