{"id":69932,"date":"2022-08-04T08:58:06","date_gmt":"2022-08-04T06:58:06","guid":{"rendered":"https:\/\/www.area-press.eu\/comunicatistampa\/?p=69932"},"modified":"2022-08-04T08:59:24","modified_gmt":"2022-08-04T06:59:24","slug":"caribe-bay-e-h-farm-coinvolgono-i-ragazzi-nella-progettazione-del-parco-del-futuro","status":"publish","type":"post","link":"https:\/\/www.area-press.eu\/comunicatistampa\/2022\/08\/04\/caribe-bay-e-h-farm-coinvolgono-i-ragazzi-nella-progettazione-del-parco-del-futuro\/","title":{"rendered":"Caribe Bay e H-Farm coinvolgono i ragazzi nella progettazione del parco del futuro"},"content":{"rendered":"<p>Coinvolgere bambini e ragazzi, grandi appassionati e frequentatori dei parchi divertimento, in un\u00a0<strong>percorso di formazione sul campo<\/strong>\u00a0per esplorare il potenziale ancora in larga parte inespresso della\u00a0<strong>trasformazione digitale applicata al settore<\/strong>\u00a0e definire come sar\u00e0 il parco del futuro. \u00c8 l\u2019ambizioso progetto nato dalla collaborazione tra\u00a0<strong>Caribe Bay<\/strong>, storico parco acquatico del Lido di Jesolo, e\u00a0<strong>H-FARM<\/strong>, il polo di innovazione pi\u00f9 grande ed importante d\u2019Europa, con sede a Ca\u2019 Tron (TV), a una manciata di km da Venezia.<\/p>\n<p>H-FARM progetta e realizza percorsi di studio che abbracciano una fascia di et\u00e0 molto ampia, coinvolgendo bambini, ragazzi, ma anche professionisti, lavoratori e manager attraverso programmi strutturati sulle esigenze formative di ciascun individuo.<\/p>\n<h2>Il progetto<\/h2>\n<p>La partnership, di durata triennale, focalizzata sulla Digital Transformation &amp; Innovazione dell\u2019Industria dei parchi divertimento, \u00e8 gi\u00e0 entrata nel vivo con gli \u201cSparx 2022\u201d, i\u00a0<strong>campus estivi di H-FARM rivolti a bambini e ragazzi di et\u00e0 compresa tra 5 e 19 anni.<\/strong><\/p>\n<p>Tra coding digitale, robotica, storytelling e video-making, i ragazzi partecipano ad un laboratorio nel quale\u00a0<strong>mettono in pratica le competenze digitali acquisite, sviluppando con ingegno e creativit\u00e0 idee che guideranno l\u2019evoluzione futura del Parco.<\/strong>\u00a0In programma anche una serie di trasferte di gruppo, che, tra un\u2019attrazione e l\u2019altra, permetteranno ai ragazzi di trarre nuove ispirazioni e testare \u201csul campo\u201d la validit\u00e0 delle loro intuizioni.<\/p>\n<p>Nessun vincolo sulle idee, che possono riguardare\u00a0<strong>attrazioni, tematizzazione, servizi, logistica,<\/strong>\u00a0traendo spunto dalle opportunit\u00e0 offerte dall\u2019accelerazione digitale, a cominciare da\u00a0<strong>realt\u00e0 virtuale e intelligenza artificiale.<\/strong>\u00a0<strong>Idee e progetti saranno raccolti da H-FARM<\/strong>\u00a0durante tutta l\u2019estate e sabato 3 settembre, proprio a\u00a0Caribe Bay,\u00a0<strong>saranno celebrate<\/strong>\u00a0nell\u2019ambito della reunion \u201cpre back-to-school\u201d di tutti i partecipanti ai camp.<\/p>\n<h2>Le parole di Luciano Pareschi, socio fondatore e AD Caribe Bay<\/h2>\n<p>\u201cCi siamo impegnati a progettare il parco del futuro \u2013 dichiara\u00a0<strong>Luciano Pareschi, socio fondatore e AD di\u00a0Caribe Bay<\/strong>\u00a0\u2013 e per questo abbiamo scelto un partner di primo livello come H-FARM: una piattaforma di innovazione che punta sui giovani. Oltre ad essere i fruitori elettivi del nostro prodotto, hanno pi\u00f9 familiarit\u00e0 con la tecnologia e una mente pi\u00f9 aperta e curiosa: sapranno sicuramente fornirci spunti interessanti per proseguire nel nostro percorso di digital transformation\u201d.<\/p>\n<p>Superata l\u2019estate, la collaborazione proseguir\u00e0 con nuovi laboratori in cui i ragazzi potranno costruire, ad esempio, un parco divertimenti con i mattoncini LEGO oppure progettare un parco virtuale su Minecraft o Roblox.<\/p>\n<h2>Il commento di Marco Labozzetta, Education Manager H-FARM<\/h2>\n<p><strong>Marco Labozzetta, Education Manager H-FARM<\/strong>, aggiunge: \u201cSiamo entusiasti di collaborare con Caribe Bay, perch\u00e9 le imprese di questo settore sono proiettate al futuro, sono inclini alla fantasia e hanno nel loro core-business l\u2019obiettivo di sorprendere e divertire continuamente i loro ospiti. Siamo certi che il risultato di questa iniziativa sar\u00e0 molto stimolante per entrambe le parti\u201d.<\/p>\n","protected":false},"excerpt":{"rendered":"<p>Coinvolgere bambini e ragazzi, grandi appassionati e frequentatori dei parchi divertimento, in un\u00a0percorso di formazione sul campo\u00a0per esplorare il potenziale ancora in larga parte inespresso della\u00a0trasformazione digitale applicata al settore\u00a0e definire come sar\u00e0 il parco del futuro. \u00c8 l\u2019ambizioso progetto nato dalla collaborazione tra\u00a0Caribe Bay, storico parco acquatico del Lido di Jesolo, e\u00a0H-FARM, il polo [&hellip;]<\/p>\n","protected":false},"author":49,"featured_media":0,"comment_status":"open","ping_status":"open","sticky":false,"template":"","format":"standard","meta":{"footnotes":""},"categories":[17],"tags":[31706,32808],"class_list":["post-69932","post","type-post","status-publish","format-standard","hentry","category-turismo","tag-caribe-bay","tag-h-farm"],"_links":{"self":[{"href":"https:\/\/www.area-press.eu\/comunicatistampa\/wp-json\/wp\/v2\/posts\/69932","targetHints":{"allow":["GET"]}}],"collection":[{"href":"https:\/\/www.area-press.eu\/comunicatistampa\/wp-json\/wp\/v2\/posts"}],"about":[{"href":"https:\/\/www.area-press.eu\/comunicatistampa\/wp-json\/wp\/v2\/types\/post"}],"author":[{"embeddable":true,"href":"https:\/\/www.area-press.eu\/comunicatistampa\/wp-json\/wp\/v2\/users\/49"}],"replies":[{"embeddable":true,"href":"https:\/\/www.area-press.eu\/comunicatistampa\/wp-json\/wp\/v2\/comments?post=69932"}],"version-history":[{"count":1,"href":"https:\/\/www.area-press.eu\/comunicatistampa\/wp-json\/wp\/v2\/posts\/69932\/revisions"}],"predecessor-version":[{"id":69933,"href":"https:\/\/www.area-press.eu\/comunicatistampa\/wp-json\/wp\/v2\/posts\/69932\/revisions\/69933"}],"wp:attachment":[{"href":"https:\/\/www.area-press.eu\/comunicatistampa\/wp-json\/wp\/v2\/media?parent=69932"}],"wp:term":[{"taxonomy":"category","embeddable":true,"href":"https:\/\/www.area-press.eu\/comunicatistampa\/wp-json\/wp\/v2\/categories?post=69932"},{"taxonomy":"post_tag","embeddable":true,"href":"https:\/\/www.area-press.eu\/comunicatistampa\/wp-json\/wp\/v2\/tags?post=69932"}],"curies":[{"name":"wp","href":"https:\/\/api.w.org\/{rel}","templated":true}]}}