{"id":69867,"date":"2022-08-04T08:52:00","date_gmt":"2022-08-04T06:52:00","guid":{"rendered":"https:\/\/www.area-press.eu\/comunicatistampa\/?p=69867"},"modified":"2022-08-04T08:52:00","modified_gmt":"2022-08-04T06:52:00","slug":"luciano-castiglione-come-raggiungere-la-neutralita-climatica-leditoriale-dellesperto","status":"publish","type":"post","link":"https:\/\/www.area-press.eu\/comunicatistampa\/2022\/08\/04\/luciano-castiglione-come-raggiungere-la-neutralita-climatica-leditoriale-dellesperto\/","title":{"rendered":"Luciano Castiglione: come raggiungere la neutralit\u00e0 climatica, l\u2019editoriale dell\u2019esperto"},"content":{"rendered":"<p><em><strong><a title=\"Luciano Castiglione - Business Post\" href=\"https:\/\/www.businesspost.eu\/tag\/luciano-castiglione\/\">Luciano Castiglione<\/a>: per raggiungere la neutralit\u00e0 climatica e ridurre sostanzialmente le emissioni di gas a effetto serra \u00e8 di fondamentale importanza ottimizzare la mobilit\u00e0 elettrica.<\/strong><\/em><\/p>\n<p><a title=\"Luciano Castiglione: Business Post\" href=\"https:\/\/www.businesspost.eu\/tag\/luciano-castiglione\/\"><img decoding=\"async\" src=\"https:\/\/www.originalcontents.eu\/wp-content\/uploads\/2022\/01\/luciano-castiglione-183x300.jpg\" alt=\"Luciano Castiglione\" width=\"120\" \/><\/a><\/p>\n<h2>Luciano Castiglione: il raggiungimento della neutralit\u00e0 climatica passa attraverso la crescita della mobilit\u00e0 elettrica<\/h2>\n<p>\u00c8 <strong>Luciano Castiglione<\/strong>, esperto di efficientamento energetico, a sottolineare il valore della mobilit\u00e0 elettrica nel raggiungimento della neutralit\u00e0 climatica. \u00c8 un obiettivo ambizioso ma quanto mai necessario per la sopravvivenza del pianeta: nel blog in cui approfondisce le principali tematiche relative al mondo dell&#8217;energia, l&#8217;esperto si sofferma sulle correlazioni tra neutralit\u00e0 climatica e inquinamento atmosferico sottolineando come per far in modo che le emissioni di gas a effetto serra subiscano una drastica riduzione sia indispensabile ottimizzare la mobilit\u00e0 elettrica. <em>&#8220;L&#8217;obiettivo da raggiungere globalmente entro il 2050 \u00e8 quello della neutralit\u00e0 climatica, e non sar\u00e0 possibile ambire a questo risultato senza mettere al centro il tema della mobilit\u00e0 elettrica&#8221;<\/em>, osserva <strong>Luciano Castiglione<\/strong>.<\/p>\n<h2>Luciano Castiglione: incentivare la mobilit\u00e0 elettrica, come raggiungere il traguardo e spegnere le perplessit\u00e0<\/h2>\n<p>Secondo <a title=\"Luciano Castiglione, Business Post\" href=\"https:\/\/www.businesspost.eu\/tag\/luciano-castiglione\/\">Luciano Castiglione<\/a> soltanto attraverso una partecipazione integrata tra i soggetti principali dell&#8217;intera catena, dai produttori ai legislatori fino ad arrivare ai consumatori, si pu\u00f2 raggiungere l&#8217;obiettivo della mobilit\u00e0 elettrica, ad oggi la principale soluzione al trasporto cittadino. Questo aiuterebbe anche a spegnere le perplessit\u00e0 che alcuni acquirenti manifestano tuttora nei confronti delle auto elettriche dovute principalmente a due motivi: l&#8217;autonomia elettrica del mezzo e un impianto di rifornimento esteso e ben organizzato. Nell&#8217;auspicare quindi una partecipazione integrata tra i diversi soggetti dell&#8217;intera catena, <strong>Luciano Castiglione<\/strong> rileva dunque come una conversione massiva della produzione, interventi costanti da parte dei Governi nazionali, una crescente coscienza sostenibile da parte dei consumatori e un programma volto alla trasformazione delle unit\u00e0 pubbliche e aziendali possano contribuire a raggiungere il traguardo della mobilit\u00e0 elettrica: <em>&#8220;L&#8217;attuale tecnologia non \u00e8 un punto d&#8217;arrivo ma \u00e8 altrettanto certo che rappresenta una tappa di un percorso che porter\u00e0 nuovi stimoli alla ricerca di soluzioni ancora pi\u00f9 avanzate per sostenere il trasporto del futuro che non potr\u00e0 che essere climaticamente neutro&#8221;<\/em>.<\/p>\n","protected":false},"excerpt":{"rendered":"<p>Luciano Castiglione: per raggiungere la neutralit\u00e0 climatica e ridurre sostanzialmente le emissioni di gas a effetto serra \u00e8 di fondamentale importanza ottimizzare la mobilit\u00e0 elettrica. Luciano Castiglione: il raggiungimento della neutralit\u00e0 climatica passa attraverso la crescita della mobilit\u00e0 elettrica \u00c8 Luciano Castiglione, esperto di efficientamento energetico, a sottolineare il valore della mobilit\u00e0 elettrica nel raggiungimento [&hellip;]<\/p>\n","protected":false},"author":40,"featured_media":0,"comment_status":"open","ping_status":"open","sticky":false,"template":"","format":"standard","meta":{"footnotes":""},"categories":[29],"tags":[30117],"class_list":["post-69867","post","type-post","status-publish","format-standard","hentry","category-comunicati","tag-luciano-castiglione"],"_links":{"self":[{"href":"https:\/\/www.area-press.eu\/comunicatistampa\/wp-json\/wp\/v2\/posts\/69867","targetHints":{"allow":["GET"]}}],"collection":[{"href":"https:\/\/www.area-press.eu\/comunicatistampa\/wp-json\/wp\/v2\/posts"}],"about":[{"href":"https:\/\/www.area-press.eu\/comunicatistampa\/wp-json\/wp\/v2\/types\/post"}],"author":[{"embeddable":true,"href":"https:\/\/www.area-press.eu\/comunicatistampa\/wp-json\/wp\/v2\/users\/40"}],"replies":[{"embeddable":true,"href":"https:\/\/www.area-press.eu\/comunicatistampa\/wp-json\/wp\/v2\/comments?post=69867"}],"version-history":[{"count":1,"href":"https:\/\/www.area-press.eu\/comunicatistampa\/wp-json\/wp\/v2\/posts\/69867\/revisions"}],"predecessor-version":[{"id":69869,"href":"https:\/\/www.area-press.eu\/comunicatistampa\/wp-json\/wp\/v2\/posts\/69867\/revisions\/69869"}],"wp:attachment":[{"href":"https:\/\/www.area-press.eu\/comunicatistampa\/wp-json\/wp\/v2\/media?parent=69867"}],"wp:term":[{"taxonomy":"category","embeddable":true,"href":"https:\/\/www.area-press.eu\/comunicatistampa\/wp-json\/wp\/v2\/categories?post=69867"},{"taxonomy":"post_tag","embeddable":true,"href":"https:\/\/www.area-press.eu\/comunicatistampa\/wp-json\/wp\/v2\/tags?post=69867"}],"curies":[{"name":"wp","href":"https:\/\/api.w.org\/{rel}","templated":true}]}}