{"id":69806,"date":"2022-07-27T10:57:45","date_gmt":"2022-07-27T08:57:45","guid":{"rendered":"https:\/\/www.area-press.eu\/comunicatistampa\/?p=69806"},"modified":"2022-07-27T10:57:45","modified_gmt":"2022-07-27T08:57:45","slug":"mondoflex-fatti-curiosi-e-particolarita-legate-al-sonno","status":"publish","type":"post","link":"https:\/\/www.area-press.eu\/comunicatistampa\/2022\/07\/27\/mondoflex-fatti-curiosi-e-particolarita-legate-al-sonno\/","title":{"rendered":"Mondoflex: fatti curiosi e particolarit\u00e0 legate al sonno"},"content":{"rendered":"<p style=\"text-align: center\"><i><span style=\"font-weight: 400\">Lo scorso 17 marzo \u00e8 stata Giornata mondiale del sonno, nata per sensibilizzare l\u2019opinione pubblica circa l\u2019importanza del riposo notturno, un fattore fondamentale per il benessere di corpo e mente. Ma qual \u00e8 il numero perfetto di ore di sonno? Ed \u00e8 vero che essere mattinieri \u00e8 una questione genetica? Abbiamo parlato di questo e di altre curiosit\u00e0 relative al sonno con Mondoflex, azienda lombarda leader nella produzione e vendita di materassi, cuscini e sistemi letto.<\/span><\/i><\/p>\n<p><i><span style=\"font-weight: 400\">Milano, luglio 2022. <\/span><\/i><span style=\"font-weight: 400\">Che il <\/span><b>sonno<\/b><span style=\"font-weight: 400\"> sia fondamentale per il nostro <\/span><b>benessere<\/b><span style=\"font-weight: 400\"> \u00e8 cosa risaputa; su questo tema cos\u00ec importante, inoltre, tanti sono i <\/span><b>modi di dire<\/b><span style=\"font-weight: 400\"> e le <\/span><b>credenze<\/b><span style=\"font-weight: 400\"> che, nonostante possano sembrare pi\u00f9 che altro leggende, spesso contengono un fondo di <\/span><b>verit\u00e0<\/b><span style=\"font-weight: 400\">. Molte sono anche le <\/span><b>curiosit\u00e0<\/b><span style=\"font-weight: 400\"> che riguardano un argomento cos\u00ec affascinante e complesso come il sonno: vediamole insieme agli esperti di <a href=\"https:\/\/www.mondoflex.it\/\">Mondoflex<\/a>!<\/span><\/p>\n<p><span style=\"font-weight: 400\">Per esempio, il famoso detto \u201caprile dolce dormire\u201d fa riferimento al fatto che durante i primi mesi della <\/span><b>primavera<\/b><span style=\"font-weight: 400\"> il nostro organismo sia vittima del <\/span><b>cambio d\u2019ora<\/b><span style=\"font-weight: 400\">, a causa del quale abbiamo momenti di <\/span><b>stanchezza<\/b><span style=\"font-weight: 400\"> e di <\/span><b>sonnolenza<\/b><span style=\"font-weight: 400\"> persistente.<\/span><\/p>\n<p><span style=\"font-weight: 400\">Esiste per\u00f2 chi davvero fa fatica a <\/span><b>svegliarsi la mattina<\/b><span style=\"font-weight: 400\">, a causa di una patologia chiamata <\/span><b>disania<\/b><span style=\"font-weight: 400\">, che spesso \u00e8 associata a stati di <\/span><b>forte depressione<\/b><span style=\"font-weight: 400\">.<\/span><\/p>\n<p><span style=\"font-weight: 400\">Se da un lato il <\/span><b>troppo sonno fa male<\/b><span style=\"font-weight: 400\">, d\u2019altro canto passare <\/span><b>troppo tempo senza dormire<\/b><span style=\"font-weight: 400\"> pu\u00f2 causare <\/span><b>danni<\/b><span style=\"font-weight: 400\"> all\u2019organismo: infatti, l\u2019adolescente <\/span><b>Randy Gardner<\/b><span style=\"font-weight: 400\"> nel 1964 si sottopose ad un esperimento medico, restando <\/span><b>senza dormire per 11 giorni e 25 minuti<\/b><span style=\"font-weight: 400\">. Durante questo periodo gli furono diagnosticati <\/span><b>cambiamenti nelle funzioni cognitive<\/b><span style=\"font-weight: 400\"> e <\/span><b>comportamentali<\/b><span style=\"font-weight: 400\">, con deficit di memoria a breve termine.<\/span><\/p>\n<p><span style=\"font-weight: 400\">Ma allora <\/span><b>qual \u00e8 la giusta quantit\u00e0<\/b><span style=\"font-weight: 400\"> di ore di sonno? In realt\u00e0 <\/span><b>non esiste<\/b><span style=\"font-weight: 400\">: infatti ciascuno di noi ha il suo <\/span><b>bioritmo<\/b><span style=\"font-weight: 400\">, che dipende dal nostro <\/span><b>DNA<\/b><span style=\"font-weight: 400\"> e che influenza anche la nostra <\/span><b>reattivit\u00e0<\/b> <b>appena<\/b> <b>svegli<\/b><span style=\"font-weight: 400\">. Il risultato \u00e8 che vi sono persone che appena alzate riescono subito ad essere scattanti, mentre altre hanno bisogno di pi\u00f9 tempo.<\/span><\/p>\n<p><span style=\"font-weight: 400\">Detto questo, secondo gli incaricati di Mondoflex per <\/span><b>migliorare<\/b><span style=\"font-weight: 400\"> il nostro <\/span><b>riposo notturno<\/b><span style=\"font-weight: 400\"> possiamo:<\/span><\/p>\n<ul>\n<li style=\"font-weight: 400\"><b>ascoltare i segnali del nostro corpo<\/b><span style=\"font-weight: 400\">, specialmente durante i cambi di stagione, e aiutarlo a riposare;<\/span><\/li>\n<li style=\"font-weight: 400\"><span style=\"font-weight: 400\">fare una <\/span><b>passeggiata 15 minuti dopo cena<\/b><span style=\"font-weight: 400\">, per favorire l\u2019addormentamento e migliorare la qualit\u00e0 del riposo;<\/span><\/li>\n<li style=\"font-weight: 400\"><b>evitare di dormire con un animale domestico<\/b><span style=\"font-weight: 400\">: infatti cani e gatti hanno periodi di sonno-veglia diversi dai nostri e tendono a svegliarsi pi\u00f9 volte durante la notte.<\/span><\/li>\n<li style=\"font-weight: 400\"><span style=\"font-weight: 400\">dormire su un <\/span><b>sistema letto di qualit\u00e0<\/b><span style=\"font-weight: 400\">, che dev\u2019essere scelto sulla base delle proprie esigenze e necessit\u00e0.<\/span><\/li>\n<\/ul>\n<p><span style=\"font-weight: 400\">Ci sono altre curiosit\u00e0 sul sonno che vale la pena conoscere, vediamole insieme:<\/span><\/p>\n<ul>\n<li style=\"font-weight: 400\"><span style=\"font-weight: 400\">una <\/span><b>persona nata cieca<\/b><span style=\"font-weight: 400\"> non <\/span><b>fa sogni<\/b><span style=\"font-weight: 400\"> visivi ma <\/span><b>sonori, gustosi e olfattivi<\/b><span style=\"font-weight: 400\">, potenziando anche durante il sonno i sensi che ha sviluppato maggiormente. Ecco allora che il sogno di un cieco pu\u00f2 essere profumato, armonico e saporito;\u00a0<\/span><\/li>\n<li style=\"font-weight: 400\"><b>sapete come dormono gli animali?<\/b><span style=\"font-weight: 400\"> Le lontre di mare, ad esempio, dormono tenendosi per mano, temendo di perdersi e di essere portate via dalle onde durante il sonno. I pipistrelli invece, sono gli animali pi\u00f9 dormiglioni, dedicando mediamente 20 ore al giorno ai loro sonni profondi. Cavalli, asini e giraffe fanno l\u2019opposto: dormono anche meno di due ore al giorno e soffrono, talvolta, d\u2019insonnia;\u00a0<\/span><\/li>\n<li style=\"font-weight: 400\"><b>Einstein<\/b><span style=\"font-weight: 400\">, lo scienziato pi\u00f9 importante di tutti i tempi, dormiva circa 11 ore al giorno, contro le 4 di <\/span><b>Napoleone<\/b><span style=\"font-weight: 400\">;<\/span><\/li>\n<li style=\"font-weight: 400\"><span style=\"font-weight: 400\">l\u2019inglese <\/span><b>Tony Wright<\/b><span style=\"font-weight: 400\"> ha trascorso 266 ore (11 giorni) sveglio, credendo di aver superato il record mondiale, ma ci\u00f2 non \u00e8 accaduto. Il primato per il record di maggior numero di ore di sonno, invece, lo detiene l\u2019americana <\/span><b>Nicole Dielen<\/b><span style=\"font-weight: 400\">, che ha dormito per 64 giorni;\u00a0<\/span><\/li>\n<li style=\"font-weight: 400\"><span style=\"font-weight: 400\">da uno studio scientifico emerge che i discorsi fatti mentre si dorme sono per il 60% incomprensibili e, la parola pi\u00f9 ricorrente \u00e8 \u201cno\u201d.\u00a0<\/span><\/li>\n<\/ul>\n","protected":false},"excerpt":{"rendered":"<p>Lo scorso 17 marzo \u00e8 stata Giornata mondiale del sonno, nata per sensibilizzare l\u2019opinione pubblica circa l\u2019importanza del riposo notturno, un fattore fondamentale per il benessere di corpo e mente. Ma qual \u00e8 il numero perfetto di ore di sonno? Ed \u00e8 vero che essere mattinieri \u00e8 una questione genetica? Abbiamo parlato di questo e [&hellip;]<\/p>\n","protected":false},"author":4517,"featured_media":0,"comment_status":"open","ping_status":"open","sticky":false,"template":"","format":"standard","meta":{"footnotes":""},"categories":[14],"tags":[],"class_list":["post-69806","post","type-post","status-publish","format-standard","hentry","category-salute-e-medicina"],"_links":{"self":[{"href":"https:\/\/www.area-press.eu\/comunicatistampa\/wp-json\/wp\/v2\/posts\/69806","targetHints":{"allow":["GET"]}}],"collection":[{"href":"https:\/\/www.area-press.eu\/comunicatistampa\/wp-json\/wp\/v2\/posts"}],"about":[{"href":"https:\/\/www.area-press.eu\/comunicatistampa\/wp-json\/wp\/v2\/types\/post"}],"author":[{"embeddable":true,"href":"https:\/\/www.area-press.eu\/comunicatistampa\/wp-json\/wp\/v2\/users\/4517"}],"replies":[{"embeddable":true,"href":"https:\/\/www.area-press.eu\/comunicatistampa\/wp-json\/wp\/v2\/comments?post=69806"}],"version-history":[{"count":1,"href":"https:\/\/www.area-press.eu\/comunicatistampa\/wp-json\/wp\/v2\/posts\/69806\/revisions"}],"predecessor-version":[{"id":69808,"href":"https:\/\/www.area-press.eu\/comunicatistampa\/wp-json\/wp\/v2\/posts\/69806\/revisions\/69808"}],"wp:attachment":[{"href":"https:\/\/www.area-press.eu\/comunicatistampa\/wp-json\/wp\/v2\/media?parent=69806"}],"wp:term":[{"taxonomy":"category","embeddable":true,"href":"https:\/\/www.area-press.eu\/comunicatistampa\/wp-json\/wp\/v2\/categories?post=69806"},{"taxonomy":"post_tag","embeddable":true,"href":"https:\/\/www.area-press.eu\/comunicatistampa\/wp-json\/wp\/v2\/tags?post=69806"}],"curies":[{"name":"wp","href":"https:\/\/api.w.org\/{rel}","templated":true}]}}