{"id":69475,"date":"2022-07-27T10:42:32","date_gmt":"2022-07-27T08:42:32","guid":{"rendered":"https:\/\/www.area-press.eu\/comunicatistampa\/?p=69475"},"modified":"2022-07-27T10:42:32","modified_gmt":"2022-07-27T08:42:32","slug":"porte-interne-quali-tendenze-nel-2022","status":"publish","type":"post","link":"https:\/\/www.area-press.eu\/comunicatistampa\/2022\/07\/27\/porte-interne-quali-tendenze-nel-2022\/","title":{"rendered":"Porte interne: quali tendenze nel 2022?"},"content":{"rendered":"<p>Ottimizzazione dell\u2019efficienza termica dei serramenti ma non solo: a giocare un ruolo importante all\u2019interno di un\u2019abitazione sono anche le <a href=\"http:\/\/infissimodesti.it\/categoria\/porte\"><strong><u>porte interne<\/u><\/strong><\/a>, la cui scelta rappresenta un passo decisivo dal punto di vista del design e dell\u2019estetica.<\/p>\n<p>Armonizzare lo stile della propria casa non \u00e8 affatto semplice, e in questo caso le porte interne possono fare la differenza. Ma quali sono le tendenze nel 2022? A fornirci spunti importanti \u00e8 il sito <em>architetturaecosostenibile.it<\/em>.<\/p>\n<p>Si parte dalle dimensioni. Al fine di garantire continuit\u00e0 degli ambienti e ottimizzazione degli spazi, la soluzione pi\u00f9 idonea resta la porta scorrevole classica o filo muro, indipendentemente dallo stile, ed in particolare il modello a doppia anta. Tuttavia, uno dei prototipi pi\u00f9 impiegati in architettura e negli ambienti moderni \u00e8 la porta tutta altezza, in grado di adattarsi a qualsiasi stile e di offrire vantaggi come maggiore ampiezza delle pareti e continuit\u00e0 con le stesse.<\/p>\n<p>Altro aspetto importante \u00e8 il colore: anche quest\u2019anno quelli neutri la fanno da padrone, ma sempre pi\u00f9 spazio si ritagliano quelli che rimandano alla natura (grigio chiaro, ocra, bianco ecc) e tonalit\u00e0 pi\u00f9 scure con diverse sfumature.<\/p>\n<p>Infine, il materiale. Come per gli <a href=\"http:\/\/infissimodesti.it\/\"><strong><u>infissi in legno<\/u><\/strong><\/a> realizzati da Modesti srl, \u00e8 proprio quest\u2019ultimo la prima scelta nel 2022: ecosostenibile, adattabile a ogni stile, duraturo, di qualit\u00e0 e in grado di conferire confort e calore.<\/p>\n","protected":false},"excerpt":{"rendered":"<p>Ottimizzazione dell\u2019efficienza termica dei serramenti ma non solo: a giocare un ruolo importante all\u2019interno di un\u2019abitazione sono anche le porte interne, la cui scelta rappresenta un passo decisivo dal punto di vista del design e dell\u2019estetica. Armonizzare lo stile della propria casa non \u00e8 affatto semplice, e in questo caso le porte interne possono fare [&hellip;]<\/p>\n","protected":false},"author":5108,"featured_media":0,"comment_status":"open","ping_status":"open","sticky":false,"template":"","format":"standard","meta":{"footnotes":""},"categories":[18],"tags":[19030,21128,19031],"class_list":["post-69475","post","type-post","status-publish","format-standard","hentry","category-altri-vari","tag-finestre-in-legno","tag-infissi-in-legno","tag-portoni-blindati"],"_links":{"self":[{"href":"https:\/\/www.area-press.eu\/comunicatistampa\/wp-json\/wp\/v2\/posts\/69475","targetHints":{"allow":["GET"]}}],"collection":[{"href":"https:\/\/www.area-press.eu\/comunicatistampa\/wp-json\/wp\/v2\/posts"}],"about":[{"href":"https:\/\/www.area-press.eu\/comunicatistampa\/wp-json\/wp\/v2\/types\/post"}],"author":[{"embeddable":true,"href":"https:\/\/www.area-press.eu\/comunicatistampa\/wp-json\/wp\/v2\/users\/5108"}],"replies":[{"embeddable":true,"href":"https:\/\/www.area-press.eu\/comunicatistampa\/wp-json\/wp\/v2\/comments?post=69475"}],"version-history":[{"count":1,"href":"https:\/\/www.area-press.eu\/comunicatistampa\/wp-json\/wp\/v2\/posts\/69475\/revisions"}],"predecessor-version":[{"id":69476,"href":"https:\/\/www.area-press.eu\/comunicatistampa\/wp-json\/wp\/v2\/posts\/69475\/revisions\/69476"}],"wp:attachment":[{"href":"https:\/\/www.area-press.eu\/comunicatistampa\/wp-json\/wp\/v2\/media?parent=69475"}],"wp:term":[{"taxonomy":"category","embeddable":true,"href":"https:\/\/www.area-press.eu\/comunicatistampa\/wp-json\/wp\/v2\/categories?post=69475"},{"taxonomy":"post_tag","embeddable":true,"href":"https:\/\/www.area-press.eu\/comunicatistampa\/wp-json\/wp\/v2\/tags?post=69475"}],"curies":[{"name":"wp","href":"https:\/\/api.w.org\/{rel}","templated":true}]}}