{"id":69314,"date":"2022-07-10T11:35:14","date_gmt":"2022-07-10T09:35:14","guid":{"rendered":"https:\/\/www.area-press.eu\/comunicatistampa\/?p=69314"},"modified":"2022-07-10T11:35:14","modified_gmt":"2022-07-10T09:35:14","slug":"fme-education-valorizzare-e-promuovere-il-territorio-la-capitale-italiana-della-cultura-2024","status":"publish","type":"post","link":"https:\/\/www.area-press.eu\/comunicatistampa\/2022\/07\/10\/fme-education-valorizzare-e-promuovere-il-territorio-la-capitale-italiana-della-cultura-2024\/","title":{"rendered":"FME Education: valorizzare e promuovere il territorio, la Capitale Italiana della Cultura 2024"},"content":{"rendered":"<p><em><strong>Il titolo di Capitale Italiana della Cultura rappresenta un programma utile alla valorizzazione e promozione del territorio, fondamentale per lo sviluppo e il futuro del nostro Paese. Un impegno condiviso da <a title=\"FME Education: la valorizzazione del territorio\" href=\"https:\/\/www.pressonlinews.com\/2022\/06\/07\/capitale-italiana-della-cultura-2024-valorizzazione-e-promozione-del-territorio-limpegno-di-fme-education\/\">FME Education<\/a>.<\/strong><\/em><\/p>\n<p><a title=\"FME Education: l'impegno - pressonlinews\" href=\"https:\/\/www.pressonlinews.com\/2022\/06\/07\/capitale-italiana-della-cultura-2024-valorizzazione-e-promozione-del-territorio-limpegno-di-fme-education\/\"><img decoding=\"async\" src=\"https:\/\/www.pressonlinews.com\/wp-content\/uploads\/2021\/06\/fme-education.jpg\" alt=\"FME Education\" width=\"120\" \/><\/a><\/p>\n<h2>FME Education: Pesaro \u00e8 la Capitale Italiana della Cultura 2024<\/h2>\n<p>Procida \u00e8 l&#8217;attuale Capitale Italiana della Cultura, mentre Bergamo e Brescia lo saranno nel 2023, a queste si \u00e8 aggiunta la citt\u00e0 di Pesaro per l&#8217;anno 2024. La candidatura della citt\u00e0 di Pesaro \u00e8 basata su un progetto culturale che <em>&#8220;valorizzando un territorio gi\u00e0 straordinariamente ricco di testimonianze storiche e preziosit\u00e0 paesaggistico-ambientali, propone azioni concrete attraverso le quali favorire anche l&#8217;integrazione, l&#8217;innovazione, lo sviluppo socio-economico&#8221;<\/em>, ha commentato il Ministero della Cultura. Attraverso la presentazione del dossier &#8220;La natura della cultura&#8221;, la vincitrice <em>&#8220;conferisce il giusto equilibrio a natura, cultura e tecnologia, tre elementi che si fondono in un contesto di azione condivisa tra pubblico e privato. L&#8217;enfasi data al valore della cittadinanza come riconoscimento e come pratica attraverso concreti esercizi, oggi pi\u00f9 che mai, afferma una direzione che pu\u00f2 generare contributi per altre esperienze future&#8221;<\/em>. L&#8217;assegnazione del titolo contribuisce alla promozione territoriale e culturale che rappresenta per <strong>FME Education<\/strong> la chiave per lo sviluppo e il futuro del nostro Paese: da sempre la Casa Editrice milanese sostiene la valorizzazione del patrimonio materiale e immateriale connesso alla cultura, all&#8217;arte e alla storia.<\/p>\n<h2>FME Education: l&#8217;importanza della valorizzazione e promozione del territorio<\/h2>\n<p>Nel 2014 l&#8217;allora Ministero dei Beni Culturali e del Turismo ha istituito il titolo di Capitale Italiana della Cultura con lo scopo di sostenere e incoraggiare, nonch\u00e9 valorizzare la capacit\u00e0 progettuale e attuativa delle citt\u00e0 italiane: l&#8217;obiettivo principale \u00e8 la diffusione del valore della cultura per la coesione sociale e lo sviluppo economico. Tutti i candidati, ovvero i Comuni, le Citt\u00e0 Metropolitane e le Unioni di Comuni che partecipano al bando, sono tenuti a presentare un programma basato sul potenziamento dell&#8217;offerta culturale e sulla promozione di importanti fattori tra cui l&#8217;inclusione sociale, l&#8217;accessibilit\u00e0, le nuove tecnologie e la sostenibilit\u00e0. Il finanziamento ottenuto consente di favorire le attivit\u00e0 culturali, di valorizzare i beni culturali e paesaggistici e di migliorare i servizi rivolti al turismo. Ogni vincitore ha quindi la possibilit\u00e0 di far conoscere, attraverso una serie di progetti, iniziative ed eventi di promozione, il lato culturale del proprio territorio. Valorizzare il territorio nazionale e il patrimonio storico-culturale che lo costituisce \u00e8 di fatto l&#8217;obiettivo principale del programma. Anche <a title=\"FME Education: la Capitale Italiana della Cultura 2024\" href=\"https:\/\/www.pressonlinews.com\/2022\/06\/07\/capitale-italiana-della-cultura-2024-valorizzazione-e-promozione-del-territorio-limpegno-di-fme-education\/\">FME Education<\/a> ritiene che la valorizzazione del patrimonio culturale italiano sia uno dei principi fondamentali alla base della sua attivit\u00e0 editoriale, anche attraverso la realizzazione di progetti digitali e percorsi didattici.<\/p>\n","protected":false},"excerpt":{"rendered":"<p>Il titolo di Capitale Italiana della Cultura rappresenta un programma utile alla valorizzazione e promozione del territorio, fondamentale per lo sviluppo e il futuro del nostro Paese. Un impegno condiviso da FME Education. FME Education: Pesaro \u00e8 la Capitale Italiana della Cultura 2024 Procida \u00e8 l&#8217;attuale Capitale Italiana della Cultura, mentre Bergamo e Brescia lo [&hellip;]<\/p>\n","protected":false},"author":40,"featured_media":0,"comment_status":"open","ping_status":"open","sticky":false,"template":"","format":"standard","meta":{"footnotes":""},"categories":[4],"tags":[23762],"class_list":["post-69314","post","type-post","status-publish","format-standard","hentry","category-attualita-e-societa","tag-fme-education"],"_links":{"self":[{"href":"https:\/\/www.area-press.eu\/comunicatistampa\/wp-json\/wp\/v2\/posts\/69314","targetHints":{"allow":["GET"]}}],"collection":[{"href":"https:\/\/www.area-press.eu\/comunicatistampa\/wp-json\/wp\/v2\/posts"}],"about":[{"href":"https:\/\/www.area-press.eu\/comunicatistampa\/wp-json\/wp\/v2\/types\/post"}],"author":[{"embeddable":true,"href":"https:\/\/www.area-press.eu\/comunicatistampa\/wp-json\/wp\/v2\/users\/40"}],"replies":[{"embeddable":true,"href":"https:\/\/www.area-press.eu\/comunicatistampa\/wp-json\/wp\/v2\/comments?post=69314"}],"version-history":[{"count":1,"href":"https:\/\/www.area-press.eu\/comunicatistampa\/wp-json\/wp\/v2\/posts\/69314\/revisions"}],"predecessor-version":[{"id":69317,"href":"https:\/\/www.area-press.eu\/comunicatistampa\/wp-json\/wp\/v2\/posts\/69314\/revisions\/69317"}],"wp:attachment":[{"href":"https:\/\/www.area-press.eu\/comunicatistampa\/wp-json\/wp\/v2\/media?parent=69314"}],"wp:term":[{"taxonomy":"category","embeddable":true,"href":"https:\/\/www.area-press.eu\/comunicatistampa\/wp-json\/wp\/v2\/categories?post=69314"},{"taxonomy":"post_tag","embeddable":true,"href":"https:\/\/www.area-press.eu\/comunicatistampa\/wp-json\/wp\/v2\/tags?post=69314"}],"curies":[{"name":"wp","href":"https:\/\/api.w.org\/{rel}","templated":true}]}}