{"id":6930,"date":"2016-02-27T20:07:25","date_gmt":"2016-02-27T19:07:25","guid":{"rendered":"http:\/\/www.area-press.eu\/comunicatistampa\/?p=6930"},"modified":"2016-02-27T20:07:25","modified_gmt":"2016-02-27T19:07:25","slug":"giulianello-di-cori-lunedi-29-febbraio-la-scuola-media-salvatore-marchetti-dedica-ungiornoinpiu-alla-riflessione-sulla-violenza-contro-le-donne","status":"publish","type":"post","link":"https:\/\/www.area-press.eu\/comunicatistampa\/2016\/02\/27\/giulianello-di-cori-lunedi-29-febbraio-la-scuola-media-salvatore-marchetti-dedica-ungiornoinpiu-alla-riflessione-sulla-violenza-contro-le-donne\/","title":{"rendered":"Giulianello di Cori: luned\u00ec 29 Febbraio la scuola media \u2018Salvatore Marchetti\u2019 dedica #ungiornoinpi\u00f9 alla riflessione sulla violenza contro le donne"},"content":{"rendered":"<p><strong>Luned\u00ec 29 Febbraio alunni e insegnanti delle classi della scuola secondaria inferiore di Giulianello, \u2018Salvatore Marchetti\u2019<\/strong>, di fermeranno a dedicare del tempo all\u2019ascolto, alla riflessione, al dialogo, al confronto e alla condivisione <strong>sul tema della violenza di genere.<\/strong><\/p>\n<p>Ci\u00f2 in adesione alla <strong>campagna di sensibilizzazione nazionale #ungiornoinpi\u00f9<\/strong>, organizzata da \u2018Posto Occupato\u2019, dal 2013 impegnato a contrastare la violenza sulle donne, promossa sul territorio dalle associazioni \u2018Il Ponte\u2019 e \u2018La Stazione\u2019, e accolta dall\u2019Istituto Comprensivo Statale \u2018Cesare Chiominto\u2019.<\/p>\n<p><strong>Il 29 Febbraio sar\u00e0 quel giorno in pi\u00f9 che il 2016 ci regaler\u00e0 e che per la scuola media di Giulianello sar\u00e0 occasione per provare a raccontare il valore e la bellezza della diversit\u00e0<\/strong> che, incomprensibilmente, rischia ogni giorno di essere volgarizzata in paura, discriminazione e violenza.<\/p>\n<p><strong>La violenza di genere in particolare, \u00e8 un fenomeno che non accenna ad arrestarsi. <\/strong>\u00c8 presente e visibile in ogni parte del mondo e non conosce alcuna distinzione sociale, n\u00e9 limiti di et\u00e0. Si manifesta in molteplici forme, non solo fisica, e una donna su tre ne rimane vittima.<\/p>\n<p><strong>Un problema culturale, al quale si deve dare una soluzione preventiva di tipo educativo, attraverso l\u2019informazione e la formazione<\/strong>. La scuola \u00e8 il luogo privilegiato per responsabilizzare gli uomini di domani e gli studenti i principali destinatari del messaggio della parit\u00e0 di genere e della non violenza.<\/p>\n<p><strong>L\u2019intervento scolastico \u00e8 ancora pi\u00f9 importante oggi<\/strong>, in una societ\u00e0 dove i ragazzi sono abituati che basta schiacciare un bottone per avere degli effetti immediati, dove tutto si consuma in fretta e dove il rifiuto e la privazione sono sempre meno tollerati.<\/p>\n","protected":false},"excerpt":{"rendered":"<p>Luned\u00ec 29 Febbraio alunni e insegnanti delle classi della scuola secondaria inferiore di Giulianello, \u2018Salvatore Marchetti\u2019, di fermeranno a dedicare del tempo all\u2019ascolto, alla riflessione, al dialogo, al confronto e alla condivisione sul tema della violenza di genere. Ci\u00f2 in adesione alla campagna di sensibilizzazione nazionale #ungiornoinpi\u00f9, organizzata da \u2018Posto Occupato\u2019, dal 2013 impegnato a [&hellip;]<\/p>\n","protected":false},"author":659,"featured_media":0,"comment_status":"open","ping_status":"open","sticky":false,"template":"","format":"standard","meta":{"footnotes":""},"categories":[4],"tags":[],"class_list":["post-6930","post","type-post","status-publish","format-standard","hentry","category-attualita-e-societa"],"_links":{"self":[{"href":"https:\/\/www.area-press.eu\/comunicatistampa\/wp-json\/wp\/v2\/posts\/6930","targetHints":{"allow":["GET"]}}],"collection":[{"href":"https:\/\/www.area-press.eu\/comunicatistampa\/wp-json\/wp\/v2\/posts"}],"about":[{"href":"https:\/\/www.area-press.eu\/comunicatistampa\/wp-json\/wp\/v2\/types\/post"}],"author":[{"embeddable":true,"href":"https:\/\/www.area-press.eu\/comunicatistampa\/wp-json\/wp\/v2\/users\/659"}],"replies":[{"embeddable":true,"href":"https:\/\/www.area-press.eu\/comunicatistampa\/wp-json\/wp\/v2\/comments?post=6930"}],"version-history":[{"count":1,"href":"https:\/\/www.area-press.eu\/comunicatistampa\/wp-json\/wp\/v2\/posts\/6930\/revisions"}],"predecessor-version":[{"id":6931,"href":"https:\/\/www.area-press.eu\/comunicatistampa\/wp-json\/wp\/v2\/posts\/6930\/revisions\/6931"}],"wp:attachment":[{"href":"https:\/\/www.area-press.eu\/comunicatistampa\/wp-json\/wp\/v2\/media?parent=6930"}],"wp:term":[{"taxonomy":"category","embeddable":true,"href":"https:\/\/www.area-press.eu\/comunicatistampa\/wp-json\/wp\/v2\/categories?post=6930"},{"taxonomy":"post_tag","embeddable":true,"href":"https:\/\/www.area-press.eu\/comunicatistampa\/wp-json\/wp\/v2\/tags?post=6930"}],"curies":[{"name":"wp","href":"https:\/\/api.w.org\/{rel}","templated":true}]}}