{"id":69220,"date":"2022-06-30T10:16:15","date_gmt":"2022-06-30T08:16:15","guid":{"rendered":"https:\/\/www.area-press.eu\/comunicatistampa\/?p=69220"},"modified":"2022-08-10T11:41:09","modified_gmt":"2022-08-10T09:41:09","slug":"eugenio-balzani-lalbero-della-vita-e-la-ballad-che-ricorda-il-meglio-della-tradizione-cantautorale-italiana-estratta-dallalbum-italiopolis","status":"publish","type":"post","link":"https:\/\/www.area-press.eu\/comunicatistampa\/2022\/06\/30\/eugenio-balzani-lalbero-della-vita-e-la-ballad-che-ricorda-il-meglio-della-tradizione-cantautorale-italiana-estratta-dallalbum-italiopolis\/","title":{"rendered":"EUGENIO BALZANI \u201cL\u2019albero della vita\u201d \u00e8 la ballad che ricorda il meglio della tradizione cantautorale italiana, estratta dall\u2019album Itali\u00f2Polis"},"content":{"rendered":"<p style=\"text-align: center\"><i><span style=\"font-weight: 400\">Una ballad che, con la sua delicatezza, riporta alla mente il meglio della tradizione cantautorale italiana\u00a0<\/span><\/i><\/p>\n<p>&nbsp;<\/p>\n<p style=\"text-align: center\"><b>In radio dal 1 luglio<\/b><\/p>\n<p>&nbsp;<\/p>\n<p><span style=\"font-weight: 400\">Guardare le stelle, in una notte serena, come quando si dormiva in spiaggia con il sacco a pelo e pensare che sono occhi e vite gi\u00e0 vissute che tornano, perch\u00e8\u00a0 tutto torna, come la foglia, che arriver\u00e0 con il vento, per riabbracciare il suo albero.<\/span><\/p>\n<p><span style=\"font-weight: 400\">\u00c8 una suggestione quella lasciata da <\/span><i><span style=\"font-weight: 400\">L\u2019albero della vita<\/span><\/i><span style=\"font-weight: 400\">, terza estratta dalle undici canzoni che compongono Itali\u00f2Polis, ultimo album del cantautore romagnolo, che racchiude la piccola storia melodica del Paese dei Balocchi e di tutti i suoi pinocchi.<\/span><\/p>\n<p><span style=\"font-weight: 400\">Undici canzoni per un racconto unico, racconto di uno Stato che spesso non c&#8217;\u00e8, che a volte assomiglia ad una grande e confusa citt\u00e0, come in un gioco o in un fumetto.Si parla dei suoi strani abitanti, gli Italiani, sempre meno riconoscibili, sicuramente spaventati dalla pandemia, ma gi\u00e0 da prima predisposti ad una collera collettiva che spaventa anche pi\u00f9 dei virus.<\/span><\/p>\n<p>&nbsp;<\/p>\n<p><span style=\"font-weight: 400\">Etichetta: <\/span><b>RNC Music<\/b><\/p>\n<p><span style=\"font-weight: 400\">Radio date:<\/span><b> 1 luglio 2022<\/b><\/p>\n<p>&nbsp;<\/p>\n<p><b>DICONO DI &#8220;ITALI<\/b><b>OP\u00d2LIS<\/b><b>&#8220;<\/b><\/p>\n<p>&nbsp;<\/p>\n<p><span style=\"font-weight: 400\">\u00ab<\/span><i><span style=\"font-weight: 400\">\u00c8 la poetica delle piccole cose, in cui la provincia italiana si fa contenitore dei sentimenti universali, il tutto attraversato da un\u2019amara ironica mista a invettiva.<\/span><\/i><span style=\"font-weight: 400\">\u00bb<\/span><b> Rumore<\/b><\/p>\n<p>&nbsp;<\/p>\n<p><span style=\"font-weight: 400\">\u00ab<\/span><i><span style=\"font-weight: 400\">Eugenio Balzani e questo suo Italiop\u00f2lis uscito a fine aprile, custodisce una delicata canzone d\u2019autore raffinata dentro ogni suo arrangiamento.<\/span><\/i><span style=\"font-weight: 400\">\u00bb<\/span><b> Raro pi\u00f9<\/b><\/p>\n<p>&nbsp;<\/p>\n<p><b>\u00ab<\/b><i><span style=\"font-weight: 400\">Si decisamente vintage nei suoni come nelle intenzioni questo \u201cItali\u00f2Polis\u201d, nuovo lavoro per il cantautore romagnolo Eugenio Balzani. Vintage perch\u00e9 sembra provenire da quel tempo magico per la canzone d\u2019autore, da quel mondo incantato delle parole dove ogni linea si faceva soffice e si fa soffice e accomodante anche dentro queste liriche, dentro questo suono, dentro questo modo di pensare alla canzone. \u00c8 semplicemente la vita che gira, ci dice Balzani, e la semplicit\u00e0 in questo piccolo grande circo del nostro tempo distopico, \u00e8 un punto chiave per tutto l\u2019ascolto.<\/span><\/i><b>\u00bb Mei web<\/b><\/p>\n<p>&nbsp;<\/p>\n<p><b>\u00ab<\/b><i><span style=\"font-weight: 400\">Il nuovo disco del cantautore di Cesena si poggia dentro un bellissimo suono vintage anche cos\u00ec voluto e ricercato dalla sua Recover Band e da quel Wurlitzer che spicca sovrano sull\u2019ascolto e quel suono suonato che sa molto di famiglia, di calore di casa, di cose piccole della soffitta<\/span><\/i><b>.\u00bb Exitwell\u00a0<\/b><\/p>\n<p>&nbsp;<\/p>\n<p><b>LINK SOCIAL<\/b><\/p>\n<p><b>Facebook:<\/b> <a href=\"https:\/\/www.facebook.com\/Eugenio-Balzani-318520318180005\"><span style=\"font-weight: 400\">https:\/\/www.facebook.com\/Eugenio-Balzani-318520318180005\u00a0<\/span><\/a><\/p>\n<p><b>Instagram: <\/b><a href=\"https:\/\/instagram.com\/eugeniobalzanigmail.com5562?utm_medium=copy_link\"><span style=\"font-weight: 400\">https:\/\/instagram.com\/eugeniobalzanigmail.com5562?utm_medium=copy_link\u00a0<\/span><\/a><\/p>\n<p>&nbsp;<\/p>\n<p><b>BIO<\/b><\/p>\n<p><span style=\"font-weight: 400\">Eugenio Balzani nasce e vive a Cesena (FC).<\/span><\/p>\n<p><span style=\"font-weight: 400\">Si laurea a Bologna presso la facolt\u00e0 di Medicina e Chirurgia, e attualmente svolge la libera professione nella sua citt\u00e0.<\/span><\/p>\n<p><span style=\"font-weight: 400\">A met\u00e0 degli anni 90 comincia a scrivere canzoni che finiranno nel suo primo disco \u201cBlu\u201d, un live registrato presso il Teatro Petrella di Longiano (FC), sar\u00e0 poi finalista nel 2002 e nel 2003 del Premio Citt\u00e0 di Recanati organizzato da Musicultura con i brani \u201cIo x Dio x 3e14\u201d e \u201cNormalizzazione\u201d.\u00a0<\/span><\/p>\n<p><span style=\"font-weight: 400\">Svolge la sua attivit\u00e0 cantautorale, quasi esclusivamente in ambito locale, salvo sporadiche apparizioni in manifestazioni inerenti sempre la canzone d&#8217;autore (Festival di Mantova, Borgo Sonoro ed altre).<\/span><\/p>\n<p><span style=\"font-weight: 400\">Nel 2012 porta in scena a \u201cFabbrica\u201d presso Gambettola (FC) uno spettacolo di parole e musica \u201cDall&#8217;Albero alla Nuvola\u201d ispirato al romanzo di Cormac McCarthy \u201cNon \u00e8 un paese per vecchi\u201d, il suo autore preferito insieme ad Iosif Brodskij e Raymond Carver.<\/span><\/p>\n<p><span style=\"font-weight: 400\">Ha pubblicato quattro raccolte di canzoni Bl\u00f9 (1997), TempOrale (2001), Io x Dio x 3e14 (2013) e Itali\u00f2Polis (2022).<\/span><\/p>\n<p>&nbsp;<\/p>\n<p><span style=\"font-weight: 400\">fonte: <\/span><a href=\"http:\/\/www.laltoparlante.it\"><span style=\"font-weight: 400\">www.laltoparlante.it<\/span><\/a><\/p>\n","protected":false},"excerpt":{"rendered":"<p>Una ballad che, con la sua delicatezza, riporta alla mente il meglio della tradizione cantautorale italiana\u00a0 &nbsp; In radio dal 1 luglio &nbsp; Guardare le stelle, in una notte serena, come quando si dormiva in spiaggia con il sacco a pelo e pensare che sono occhi e vite gi\u00e0 vissute che tornano, perch\u00e8\u00a0 tutto torna, [&hellip;]<\/p>\n","protected":false},"author":4383,"featured_media":0,"comment_status":"open","ping_status":"open","sticky":false,"template":"","format":"standard","meta":{"footnotes":""},"categories":[29],"tags":[],"class_list":["post-69220","post","type-post","status-publish","format-standard","hentry","category-comunicati"],"_links":{"self":[{"href":"https:\/\/www.area-press.eu\/comunicatistampa\/wp-json\/wp\/v2\/posts\/69220","targetHints":{"allow":["GET"]}}],"collection":[{"href":"https:\/\/www.area-press.eu\/comunicatistampa\/wp-json\/wp\/v2\/posts"}],"about":[{"href":"https:\/\/www.area-press.eu\/comunicatistampa\/wp-json\/wp\/v2\/types\/post"}],"author":[{"embeddable":true,"href":"https:\/\/www.area-press.eu\/comunicatistampa\/wp-json\/wp\/v2\/users\/4383"}],"replies":[{"embeddable":true,"href":"https:\/\/www.area-press.eu\/comunicatistampa\/wp-json\/wp\/v2\/comments?post=69220"}],"version-history":[{"count":1,"href":"https:\/\/www.area-press.eu\/comunicatistampa\/wp-json\/wp\/v2\/posts\/69220\/revisions"}],"predecessor-version":[{"id":69225,"href":"https:\/\/www.area-press.eu\/comunicatistampa\/wp-json\/wp\/v2\/posts\/69220\/revisions\/69225"}],"wp:attachment":[{"href":"https:\/\/www.area-press.eu\/comunicatistampa\/wp-json\/wp\/v2\/media?parent=69220"}],"wp:term":[{"taxonomy":"category","embeddable":true,"href":"https:\/\/www.area-press.eu\/comunicatistampa\/wp-json\/wp\/v2\/categories?post=69220"},{"taxonomy":"post_tag","embeddable":true,"href":"https:\/\/www.area-press.eu\/comunicatistampa\/wp-json\/wp\/v2\/tags?post=69220"}],"curies":[{"name":"wp","href":"https:\/\/api.w.org\/{rel}","templated":true}]}}