{"id":69080,"date":"2022-06-29T15:36:26","date_gmt":"2022-06-29T13:36:26","guid":{"rendered":"https:\/\/www.area-press.eu\/comunicatistampa\/?p=69080"},"modified":"2022-06-29T15:36:26","modified_gmt":"2022-06-29T13:36:26","slug":"nuove-aperture-e-ristrutturazioni-lestate-di-bruxelles-allinsegna-delle-novita-per-il-mice","status":"publish","type":"post","link":"https:\/\/www.area-press.eu\/comunicatistampa\/2022\/06\/29\/nuove-aperture-e-ristrutturazioni-lestate-di-bruxelles-allinsegna-delle-novita-per-il-mice\/","title":{"rendered":"Nuove aperture e ristrutturazioni: l\u2019estate di Bruxelles all\u2019insegna delle novit\u00e0 per il MICE"},"content":{"rendered":"<p>L\u2019estate a Bruxelles porta una ventata di novit\u00e0 per gli operatori MICE, presentate all&#8217;interno di <a href=\"https:\/\/3t7gs.r.ag.d.sendibm3.com\/mk\/cl\/f\/KsbuTLEReldejFHo9Mfnwoife-UeLsJxuY99zsUSVEYc7cpJ3RPyxJdWeAlylFnDN2ul0gsAIBOdamQhw7UUfH2y8xFU5NTtbRUsvPcfWJXfWXW_W5tGwQLHX_YppOSW7ksfV0-xNZUX6BYzPfAWAuAJdJflvLxtgML9PedAyWpBM-36tj5OUoKAmFurXDiNrcICiVi2YFOuWFtXNidbJUH7DAOgydxp6evdKnKDmjafQqlXa650JkTb72URXNzCQNDLoDBumCsO5KYl0rFd\"><strong>\u201cLet\u2019s Meet in Brussels 2022\u201d<\/strong><\/a>, manuale operativo rivolto ad agenzie, incentive house, aziende e operatori professionali alle prese con l\u2019organizzazione di eventi in citt\u00e0 nei prossimi mesi.<\/p>\n<h2>LE NUOVE APERTURE A BRUXELLES<\/h2>\n<p>Si parte da <strong>Stam Europa<\/strong>: l\u2019edificio, situato nel quartiere europeo, \u00e8 stato completamente ristrutturato e dopo 15 anni torna accessibile al pubblico nell\u2019ambito di un progetto volto a rafforzare il legame tra i cittadini di Bruxelles e il quartiere europeo e, su larga scala, a diffondere al pubblico i valori fondanti dell\u2019Unione Europea. Stam Europa ospiter\u00e0 <strong>eventi, workshop e congressi aperti al pubblico<\/strong>, dedicati a discutere il futuro dell\u2019Europa. Da segnalare il <strong>nuovo corso dello storico business club Cercle de Lorraine<\/strong>, recentemente rimodernato e sostituito dal nuovissimo <strong>The Marode<\/strong>, che pu\u00f2 essere affittato per organizzare eventi esclusivi.<\/p>\n<p>Proseguono speditamente anche i lavori per i progetti che vedranno la luce l\u2019anno prossimo: nel 2023 sar\u00e0 inaugurato il <strong>Belgian Beer Palace, <\/strong>ricavato all\u2019interno della famosa sede storica della Borsa. Il Belgian Beer Palace sar\u00e0 un vero e proprio \u201ctempio della birra\u201d di 12.000 m\u00b2 con ampi spazi a disposizione per l\u2019organizzazione di meeting ed eventi. Il tutto, accompagnato dalla possibilit\u00e0 di scoprire la celebre e peculiare storia della birra belga, degustando le migliori etichette della tradizione, in uno degli edifici pi\u00f9 rinomati di Bruxelles. Sempre nei primi mesi del 2023 \u00e8 prevista l\u2019attesissima apertura del <strong>Cardo Brussels Hotel (Autograph Collection)<\/strong>. La struttura di 29 piani, con 530 camere, rooftop bar, ristorante giapponese e food court spagnola, dispone di 15 meeting room in grado di ospitare fino a 600 persone per organizzare eventi business in un contesto innovativo, destinato a ripristinare il glamour dei tempi d\u2019oro di Place Rogier.<\/p>\n<p>Nel 2024 sar\u00e0 invece la volta del <strong>Kanal \u2013 Centre Pompidou:<\/strong> frutto della partnership tra il Centre Pompidou parigino e la regione Bruxelles Capitale, il progetto del Kanal vedr\u00e0 la luce all\u2019interno dell\u2019ex \u201cGarage Citro\u00ebn\u201d di Place de l\u2019Yser che, oltre al Museo di Arte Moderna e Contemporanea, ospiter\u00e0 collezioni di architettura e urbanistica, spazi dedicati a concerti e spettacoli, un ristorante e un auditorium da pi\u00f9 di 400 posti.<\/p>\n<h2>GLI EVENTI IBRIDI<\/h2>\n<p>Dopo il boom legato al lockdown, il trend degli <strong>eventi ibridi<\/strong> si candida a rappresentare il futuro per il settore del MICE. Anche su questo fronte, \u201cLet\u2019s Meet in Brussels 2022\u201d fornisce un valido supporto e permette di individuare i partner pi\u00f9 adatti: sempre allineata all\u2019evoluzione tecnologica, la citt\u00e0 si presenta come un vero e proprio hub per gli eventi ibridi con <strong>oltre 40 strutture<\/strong>, inclusi centri congressi e hotel, <strong>dotate di veri e propri studi di registrazione audio\/video interni<\/strong>, dai quali \u00e8 possibile trasmettere in streaming in tutto il mondo. A ci\u00f2 va aggiunto che la maggior parte delle venues \u00e8 in grado di organizzare eventi ibridi \u201con demand\u201d, con il supporto di provider esterni.<\/p>\n<h2>IL VENUE FINDER<\/h2>\n<p>Ultimo, ma non meno importante, il <strong>Venue Finder<\/strong>, <a href=\"https:\/\/3t7gs.r.ag.d.sendibm3.com\/mk\/cl\/f\/-lueeGr5Vsn9uKuBu04na-qnYzUt2sbSqDYbVaTeY-VqkOv451TS8flDGaKocZBNSXwEzhnj3Cp7_k-nO_EHvuLLRX-hEZc9Wlexf_jEaYwLpcTWEvs7S_G1tLWQUkaAe9tVmN89C15MZtuMWAlUVUzmx_DxiAG_nBYku1N0pq4XbK2Lk1Mb9yDX961GqJti6Jg9pmvFtU0p3kl5DA\">servizio online disponibile sul sito di Visit Brussels<\/a> che aiuta a identificare le location migliori sulla base dei parametri e degli obiettivi dell\u2019evento. Selezionando la zona, il numero di partecipanti e il tipo di locale desiderato, il Venue Finder permette di scegliere tra <strong>pi\u00f9 350 strutture in cui realizzare ogni tipo di meeting:<\/strong> si spazia dallo stile moderno e funzionale dei business centre di pi\u00f9 recente costruzione al fascino senza tempo dei palazzi in stile Art Nouveau e delle dimore private storiche. E poi musei, teatri, centri culturali e castelli. Il tutto supportato da oltre 20.000 camere suddivise in pi\u00f9 di 200 hotel situati in ogni angolo della citt\u00e0 e da una fitta rete di trasporti e collegamenti aerei e ferroviari.<\/p>\n","protected":false},"excerpt":{"rendered":"<p>L\u2019estate a Bruxelles porta una ventata di novit\u00e0 per gli operatori MICE, presentate all&#8217;interno di \u201cLet\u2019s Meet in Brussels 2022\u201d, manuale operativo rivolto ad agenzie, incentive house, aziende e operatori professionali alle prese con l\u2019organizzazione di eventi in citt\u00e0 nei prossimi mesi. LE NUOVE APERTURE A BRUXELLES Si parte da Stam Europa: l\u2019edificio, situato nel [&hellip;]<\/p>\n","protected":false},"author":49,"featured_media":0,"comment_status":"open","ping_status":"open","sticky":false,"template":"","format":"standard","meta":{"footnotes":""},"categories":[17],"tags":[3834,22856,21398],"class_list":["post-69080","post","type-post","status-publish","format-standard","hentry","category-turismo","tag-bruxelles","tag-ursula-jone-gandini","tag-visit-brussels"],"_links":{"self":[{"href":"https:\/\/www.area-press.eu\/comunicatistampa\/wp-json\/wp\/v2\/posts\/69080","targetHints":{"allow":["GET"]}}],"collection":[{"href":"https:\/\/www.area-press.eu\/comunicatistampa\/wp-json\/wp\/v2\/posts"}],"about":[{"href":"https:\/\/www.area-press.eu\/comunicatistampa\/wp-json\/wp\/v2\/types\/post"}],"author":[{"embeddable":true,"href":"https:\/\/www.area-press.eu\/comunicatistampa\/wp-json\/wp\/v2\/users\/49"}],"replies":[{"embeddable":true,"href":"https:\/\/www.area-press.eu\/comunicatistampa\/wp-json\/wp\/v2\/comments?post=69080"}],"version-history":[{"count":1,"href":"https:\/\/www.area-press.eu\/comunicatistampa\/wp-json\/wp\/v2\/posts\/69080\/revisions"}],"predecessor-version":[{"id":69081,"href":"https:\/\/www.area-press.eu\/comunicatistampa\/wp-json\/wp\/v2\/posts\/69080\/revisions\/69081"}],"wp:attachment":[{"href":"https:\/\/www.area-press.eu\/comunicatistampa\/wp-json\/wp\/v2\/media?parent=69080"}],"wp:term":[{"taxonomy":"category","embeddable":true,"href":"https:\/\/www.area-press.eu\/comunicatistampa\/wp-json\/wp\/v2\/categories?post=69080"},{"taxonomy":"post_tag","embeddable":true,"href":"https:\/\/www.area-press.eu\/comunicatistampa\/wp-json\/wp\/v2\/tags?post=69080"}],"curies":[{"name":"wp","href":"https:\/\/api.w.org\/{rel}","templated":true}]}}