{"id":69061,"date":"2022-06-29T15:36:25","date_gmt":"2022-06-29T13:36:25","guid":{"rendered":"https:\/\/www.area-press.eu\/comunicatistampa\/?p=69061"},"modified":"2022-06-29T15:36:25","modified_gmt":"2022-06-29T13:36:25","slug":"la-carriera-di-stefania-bariatti-da-docente-universitario-a-rappresentate-dellitalia-in-europa","status":"publish","type":"post","link":"https:\/\/www.area-press.eu\/comunicatistampa\/2022\/06\/29\/la-carriera-di-stefania-bariatti-da-docente-universitario-a-rappresentate-dellitalia-in-europa\/","title":{"rendered":"La carriera di Stefania Bariatti: da docente universitario a rappresentate dell\u2019Italia in Europa"},"content":{"rendered":"<p><em><strong><a title=\"Stefania Bariatti: la carriera\" href=\"https:\/\/www.stefaniabariatti.eu\/\">Stefania Bariatti<\/a> \u00e8 docente universitaria, avvocato e un&#8217;esperta di diritto Ue e internazionale che ha assistito il Parlamento europeo e la Commissione europea in diverse operazioni.<\/strong><\/em><\/p>\n<p><a title=\"Stefania Bariatti: l'attivit\u00e0 professionale e accademica\" href=\"https:\/\/www.stefaniabariatti.eu\/\"><img loading=\"lazy\" decoding=\"async\" src=\"https:\/\/h2biz.net\/images\/Plats\/crop_min_20211005174649.jpg\" alt=\"Stefania Bariatti\" width=\"120\" height=\"120\" \/><\/a><\/p>\n<h2>Stefania Bariatti: l&#8217;attivit\u00e0 accademica e la carriera da avvocato<\/h2>\n<p>Originaria di Milano, dopo la laurea in Giurisprudenza conseguita all&#8217;Universit\u00e0 degli Studi di Milano, <strong>Stefania Bariatti<\/strong> diventa ricercatrice di Diritto Internazionale nel 1983. Undici anni dopo ottiene la cattedra di professore ordinario, che la porta ad insegnare Diritto dell&#8217;Unione europea, Diritto della concorrenza e Diritto internazionale presso l&#8217;Universit\u00e0 di Sassari e l&#8217;Universit\u00e0 Milano-Bicocca. Nel 2002, rientrata alla &#8220;Statale&#8221; di Milano, insegna Diritto internazionale, Diritto internazionale privato e processuale e International Insolvency Law. Oltre ad insegnare, <strong>Stefania Bariatti<\/strong> ricopre importanti cariche accademiche. Tra queste: Consigliere di Amministrazione (Sassari e Milano-Bicocca), Direttore di dipartimento (Milano-Bicocca), Direttore di corsi Master (Milano-Bicocca, ISPI), Presidente di associazioni (European Law Faculties Association, Insol Europe Academic Forum). Dal 2002 esercita, inoltre, la professione di avvocato specializzato in diritto della concorrenza, contenzioso internazionale e arbitrato commerciale internazionale. Iscritta all&#8217;ordine degli avvocati di Milano e patrocinante in Cassazione, \u00e8 stata partner e poi of counsel di un rinomato studio legale italiano.<\/p>\n<h2>Stefania Bariatti: dai Consigli di Amministrazione di societ\u00e0 quotate alle cariche di rappresentanza<\/h2>\n<p>Forte dell&#8217;esperienza maturata negli organi accademici e in realt\u00e0 no profit, <a title=\"Stefania Bariatti: il profilo professionale\" href=\"https:\/\/www.stefaniabariatti.eu\/\">Stefania Bariatti<\/a> affianca alla sua attivit\u00e0 professionale quella di board member negli organi di governo di societ\u00e0 quotate. \u00c8 infatti membro del Consiglio di Amministrazione di A2A S.p.A., Mediaset S.p.A. e BNL S.p.A. Inoltre \u00e8 stata Presidente del Consiglio di Amministrazione di Banca Monte dei Paschi di Siena S.p.A. e di SIAS S.p.A., e membro del Consiglio di ASTM S.p.A. e di SIT Group S.p.A. Vanta anche la presenza al vertice di associazioni di categoria come l&#8217;Associazione Bancaria Italiana e Assonime. Nel corso della sua carriera <strong>Stefania Bariatti<\/strong> ha per di pi\u00f9 ricoperto, e continua ancora a farlo, ruoli di rappresentanza a livello internazionale. Ha rappresentato l&#8217;Italia alla Conferenza dell&#8217;Aja di Diritto internazionale privato in diversi negoziati e anche al Comitato di diritto civile del Consiglio dell&#8217;Unione europea. Ha altres\u00ec assistito il Parlamento europeo e la Commissione europea nella redazione di strumenti legislativi dell&#8217;Unione nel settore della cooperazione giudiziaria in materia civile. Nel 2011 entra a far parte del Gruppo di esperti della Commissione europea sul diritto dell&#8217;insolvenza. Designata dallo Stato Italiano, a partire dal 2014 \u00e8 membro del Governing Council di UNIDROIT, un&#8217;organizzazione internazionale intergovernativa con sede a Roma.<\/p>\n","protected":false},"excerpt":{"rendered":"<p>Stefania Bariatti \u00e8 docente universitaria, avvocato e un&#8217;esperta di diritto Ue e internazionale che ha assistito il Parlamento europeo e la Commissione europea in diverse operazioni. Stefania Bariatti: l&#8217;attivit\u00e0 accademica e la carriera da avvocato Originaria di Milano, dopo la laurea in Giurisprudenza conseguita all&#8217;Universit\u00e0 degli Studi di Milano, Stefania Bariatti diventa ricercatrice di Diritto [&hellip;]<\/p>\n","protected":false},"author":40,"featured_media":0,"comment_status":"open","ping_status":"open","sticky":false,"template":"","format":"standard","meta":{"footnotes":""},"categories":[29],"tags":[31216],"class_list":["post-69061","post","type-post","status-publish","format-standard","hentry","category-comunicati","tag-stefania-bariatti"],"_links":{"self":[{"href":"https:\/\/www.area-press.eu\/comunicatistampa\/wp-json\/wp\/v2\/posts\/69061","targetHints":{"allow":["GET"]}}],"collection":[{"href":"https:\/\/www.area-press.eu\/comunicatistampa\/wp-json\/wp\/v2\/posts"}],"about":[{"href":"https:\/\/www.area-press.eu\/comunicatistampa\/wp-json\/wp\/v2\/types\/post"}],"author":[{"embeddable":true,"href":"https:\/\/www.area-press.eu\/comunicatistampa\/wp-json\/wp\/v2\/users\/40"}],"replies":[{"embeddable":true,"href":"https:\/\/www.area-press.eu\/comunicatistampa\/wp-json\/wp\/v2\/comments?post=69061"}],"version-history":[{"count":1,"href":"https:\/\/www.area-press.eu\/comunicatistampa\/wp-json\/wp\/v2\/posts\/69061\/revisions"}],"predecessor-version":[{"id":69062,"href":"https:\/\/www.area-press.eu\/comunicatistampa\/wp-json\/wp\/v2\/posts\/69061\/revisions\/69062"}],"wp:attachment":[{"href":"https:\/\/www.area-press.eu\/comunicatistampa\/wp-json\/wp\/v2\/media?parent=69061"}],"wp:term":[{"taxonomy":"category","embeddable":true,"href":"https:\/\/www.area-press.eu\/comunicatistampa\/wp-json\/wp\/v2\/categories?post=69061"},{"taxonomy":"post_tag","embeddable":true,"href":"https:\/\/www.area-press.eu\/comunicatistampa\/wp-json\/wp\/v2\/tags?post=69061"}],"curies":[{"name":"wp","href":"https:\/\/api.w.org\/{rel}","templated":true}]}}