{"id":69012,"date":"2022-06-29T15:36:21","date_gmt":"2022-06-29T13:36:21","guid":{"rendered":"https:\/\/www.area-press.eu\/comunicatistampa\/?p=69012"},"modified":"2022-06-29T15:36:21","modified_gmt":"2022-06-29T13:36:21","slug":"sacchetti-di-carta-personalizzati-economici-per-negozi-o-take-away","status":"publish","type":"post","link":"https:\/\/www.area-press.eu\/comunicatistampa\/2022\/06\/29\/sacchetti-di-carta-personalizzati-economici-per-negozi-o-take-away\/","title":{"rendered":"Sacchetti di carta personalizzati economici per negozi o take away"},"content":{"rendered":"<p>Sempre pi\u00f9 aziende hanno deciso di seguire la tendenza di ricorrere alle <a href=\"https:\/\/www.diemmebags.it\/sacchetti-carta\/\"><span style=\"color: #0000ff\">buste di carta personalizzat<\/span>e<\/a>, lasciando dietro di s\u00e9 altri materiali meno rispettosi del nostro pianeta.<\/p>\n<p>Se vuoi che il tuo marchio si avvantaggi di questa soluzione e del suo impatto positivo, Diemme Bags semplifica dandoti la possibilit\u00e0 di stampare il tuo logo su resistenti sacchetti di carta dalle dimensioni personalizzate.<\/p>\n<p>Se hai un&#8217;attivit\u00e0, questo articolo promozionale sar\u00e0 fondamentale per consentire ai tuoi clienti di portare in giro i propri acquisti mostrando a tutti il tuo logo o messaggio pubblicitario con evidenti ritorni di immagine per la tua attivit\u00e0.<\/p>\n<p>&nbsp;<\/p>\n<h2>Decora i sacchetti di carta personalizzandoli<\/h2>\n<p>Chi non ha mai ordinato del cibo da portare a casa e lo ha ricevuto in sacchetti di carta?\u00a0Questa \u00e8 una grande opportunit\u00e0 per consentire al tuo pubblico di tenerti a mente, dal momento che questi sacchetti di carta con il logo rimarranno in casa dei clienti, dando loro la possibilit\u00e0 di usarli pi\u00f9 volte come si fa con i sacchetti di stoffa.\u00a0Inoltre, questo articolo \u00e8 un oggetto pubblicitario che pu\u00f2 sempre essere riutilizzato, e per questo il pianeta ti ringrazier\u00e0.<\/p>\n<p>&nbsp;<\/p>\n<h2>Una valida alternativa ai sacchetti di plastica<\/h2>\n<p>L&#8217;impatto di questi sacchetti di carta \u00e8 molto inferiore a quelli di plastica, a causa della lenta decomposizione di questo materiale, poich\u00e9 affinch\u00e8 la plastica si degradi completamente occorrono diversi secoli.\u00a0I sacchetti di carta riciclata hanno invece una maggiore sostenibilit\u00e0 e non \u00e8 il loro unico vantaggio, sono anche resistenti, personalizzabili e riutilizzabili.\u00a0Quindi non aspettare oltre e inizia a usarli!<\/p>\n","protected":false},"excerpt":{"rendered":"<p>Sempre pi\u00f9 aziende hanno deciso di seguire la tendenza di ricorrere alle buste di carta personalizzate, lasciando dietro di s\u00e9 altri materiali meno rispettosi del nostro pianeta. Se vuoi che il tuo marchio si avvantaggi di questa soluzione e del suo impatto positivo, Diemme Bags semplifica dandoti la possibilit\u00e0 di stampare il tuo logo su [&hellip;]<\/p>\n","protected":false},"author":107,"featured_media":0,"comment_status":"open","ping_status":"open","sticky":false,"template":"","format":"standard","meta":{"footnotes":""},"categories":[29],"tags":[],"class_list":["post-69012","post","type-post","status-publish","format-standard","hentry","category-comunicati"],"_links":{"self":[{"href":"https:\/\/www.area-press.eu\/comunicatistampa\/wp-json\/wp\/v2\/posts\/69012","targetHints":{"allow":["GET"]}}],"collection":[{"href":"https:\/\/www.area-press.eu\/comunicatistampa\/wp-json\/wp\/v2\/posts"}],"about":[{"href":"https:\/\/www.area-press.eu\/comunicatistampa\/wp-json\/wp\/v2\/types\/post"}],"author":[{"embeddable":true,"href":"https:\/\/www.area-press.eu\/comunicatistampa\/wp-json\/wp\/v2\/users\/107"}],"replies":[{"embeddable":true,"href":"https:\/\/www.area-press.eu\/comunicatistampa\/wp-json\/wp\/v2\/comments?post=69012"}],"version-history":[{"count":2,"href":"https:\/\/www.area-press.eu\/comunicatistampa\/wp-json\/wp\/v2\/posts\/69012\/revisions"}],"predecessor-version":[{"id":69014,"href":"https:\/\/www.area-press.eu\/comunicatistampa\/wp-json\/wp\/v2\/posts\/69012\/revisions\/69014"}],"wp:attachment":[{"href":"https:\/\/www.area-press.eu\/comunicatistampa\/wp-json\/wp\/v2\/media?parent=69012"}],"wp:term":[{"taxonomy":"category","embeddable":true,"href":"https:\/\/www.area-press.eu\/comunicatistampa\/wp-json\/wp\/v2\/categories?post=69012"},{"taxonomy":"post_tag","embeddable":true,"href":"https:\/\/www.area-press.eu\/comunicatistampa\/wp-json\/wp\/v2\/tags?post=69012"}],"curies":[{"name":"wp","href":"https:\/\/api.w.org\/{rel}","templated":true}]}}