{"id":68977,"date":"2022-06-29T15:41:24","date_gmt":"2022-06-29T13:41:24","guid":{"rendered":"https:\/\/www.area-press.eu\/comunicatistampa\/?p=68977"},"modified":"2022-06-29T15:54:52","modified_gmt":"2022-06-29T13:54:52","slug":"andrea-tarquini-in-fondo-al-900-e-il-terzo-album-del-cantautore-romano-che-racconta-storie-di-vita-comune-attraverso-sonorita-legate-alla-musica-americana","status":"publish","type":"post","link":"https:\/\/www.area-press.eu\/comunicatistampa\/2022\/06\/29\/andrea-tarquini-in-fondo-al-900-e-il-terzo-album-del-cantautore-romano-che-racconta-storie-di-vita-comune-attraverso-sonorita-legate-alla-musica-americana\/","title":{"rendered":"ANDREA TARQUINI \u201cIn fondo al \u2018900\u201d \u00e8 Il terzo album del cantautore romano che racconta storie di vita comune  attraverso sonorit\u00e0 legate alla musica americana."},"content":{"rendered":"<p style=\"text-align: center\"><i><span style=\"font-weight: 400\">Il nuovo lavoro discografico dell&#8217;artista milanese d\u2019adozione, racconta di storie di vita comune, quotidiana, e di ricordi, attraverso sonorit\u00e0 legate alla musica americana.<\/span><\/i><\/p>\n<p><img decoding=\"async\" class=\"aligncenter\" src=\"https:\/\/www.earone.it\/newsimages\/andrea-tarquini-in-fondo-al-39-900.jpeg___th_320_0.jpeg\" \/><\/p>\n<p style=\"text-align: center\"><b>Release album 17 giugno<\/b><\/p>\n<p>&nbsp;<\/p>\n<p><span style=\"font-weight: 400\">Andrea Tarquini, il cantautore romano, milanese di adozione, nato come chitarrista del celebre <\/span><b>Stefano Rosso<\/b><span style=\"font-weight: 400\">, esce col suo terzo disco, prodotto da Fabrizio \u201cCit\u201d Chiapello.\u00a0<\/span><\/p>\n<p><span style=\"font-weight: 400\">I temi delle canzoni sono tutti riconducibili al mal di vivere, alle incertezze, ai rapporti che non sono sempre sani e in equilibrio, ad un paese dove sempre meno persone leggono, studiano, e ricordano, i temi della vita reale insomma, che ha bisogno di bellezza e di saperla ricercare con gli strumenti giusti.<\/span><\/p>\n<p><span style=\"font-weight: 400\">Sulla copertina del disco compare l\u2019opera di Alfred Drago Rens <\/span><i><span style=\"font-weight: 400\">\u201cLa petite Gau\u201d<\/span><\/i><span style=\"font-weight: 400\">.\u00a0<\/span><\/p>\n<p>&nbsp;<\/p>\n<p><i><span style=\"font-weight: 400\">\u00abIn fondo al \u2018900 \u00e8 il mio terzo album. Il secondo di canzoni scritte da me. Giusto per fare una battuta potremmo dire che \u00e8 \u201cmusica per adulti\u201d, pur non essendo pornografia. Le canzoni sono piene di riferimenti generazionali che pu\u00f2 cogliere solo chi ha la mia et\u00e0 ma allo stesso tempo le canzoni devono essere accessibili a chiunque. La scrittura non \u00e8 talebana. In questo disco ci sono molte sonorit\u00e0 americane (e musicisti americani) perch\u00e9 vengo da una storia musicale legata al folk, al country, al bluegrass e al jazz acustico. Si tratta della naturale evoluzione rispetto al disco precedente uscito pi\u00f9 di cinque anni fa ma con in mezzo due anni di pandemia.\u00bb <\/span><\/i><b>Andrea Tarquini<\/b><\/p>\n<p>&nbsp;<\/p>\n<p><b>TRACK BY TRACK<\/b><\/p>\n<p>&nbsp;<\/p>\n<p><b>1) UFO ROBOT<\/b><span style=\"font-weight: 400\"> &#8211; Il brano di apertura \u00e8 un brano \u201cnostalgico spensierato\u201d di cui Paolo Giovenchi e Primiano Di Biase ne hanno firmato l\u2019arrangiamento. La Renault 4 dove trovarono Aldo Moro insieme a Goldrake fanno parte degli anni dell\u2019infanzia dell\u2019artista. Ufo Robot \u00e8 un piccolo manifesto ideale di questo disco, un racconto che parte dal passato e arriva all\u2019oggi, ossia ad un paese, come ritiene Tarquini, che istituisce giornate della memoria, ma lo fa spesso per auto assolversi dalla colpa di non custodire la memoria quotidianamente. Ed \u00e8 per questo che termina con \u201ctre Franceschi\u201d (De Gregori, Bergoglio, Totti) che sono tutti nati nel \u2018900 e sono tutti espressione di passioni antiche.<\/span><\/p>\n<p>&nbsp;<\/p>\n<p><b>2) CANTAUTORI INDIPENDENTI<\/b><span style=\"font-weight: 400\"> &#8211; Con il featuring di Federico Sirianni questa canzone racconta il mestiere del cantautore indipendente. Un mestiere bellissimo, incerto, a volte doloroso ma irrinunciabile. Fatto di alcune memorabili serate e poi, anche di mille piccoli concerti in club talvolta sgangherati, dopo i quali ci si trova a tornare a casa con le ossa rotte di stanchezza, ma con negli occhi la luce di quegli sguardi del pubblico che ti spronano ad andare avanti, nonostante i tanti sacrifici e le molte difficolt\u00e0.<\/span><\/p>\n<p>&nbsp;<\/p>\n<p><b>3) L\u2019AMORE IN FRIGO<\/b><span style=\"font-weight: 400\"> &#8211; Questa canzone funky-reggae \u00e8 un po\u2019 il seguito di \u201cMonete\u201d, un brano presente nel disco precedente. Si tratta di una storia di coppia. Una coppia di pazzi, un rapporto malato. Lei va a casa di lui e gli fa le pulizie perch\u00e9 senn\u00f2 lui affoga nella sporcizia, ovviamente non pu\u00f2 farne a meno ma entrambi si accorgono piano piano che questa unione \u00e8 basata pi\u00f9 sul bisogno (e poi sul rancore) che non sull\u2019amore e la stima.\u00a0<\/span><\/p>\n<p>&nbsp;<\/p>\n<p><b>4) IN FONDO AL \u2018900<\/b><span style=\"font-weight: 400\"> &#8211; Una canzone autobiografica, ma con storie applicabili un po\u2019 a chiunque, coetaneo all\u2019artista. Si tratta di un susseguirsi di \u201cquadri\u201d, immagini, persone e situazioni nate nel secolo scorso. Nello svilupparsi del racconto si arriva a cose dell\u2019oggi che sono comunque figlie del passato e di una memoria custodita. \u00c8 un piccolo manifesto che coinvolge gli affetti personali mischiandoli con la storia del nostro Paese.<\/span><\/p>\n<p>&nbsp;<\/p>\n<p><b>5) CASSA (IN) QUATTRO<\/b><span style=\"font-weight: 400\"> &#8211; Una canzone con una tematica sociale. C\u2019\u00e8 un gioco di parole continuo tra la \u201ccassa quattro\u201d del supermercato e la \u201ccassa in quattro\u201d della batteria in una canzone. Infatti \u00e8 la storia di una ragazza che suona blues nei locali, ma che per vivere fa la cassiera in un supermercato. Questo lavoro le sta stretto ed \u00e8 vessata al punto che una mattina, stufa del lavoro e delle vessazioni, prende il microfono degli annunci del supermercato ed inizia a cantare le sue canzoni blues. Questa azione ribelle le coster\u00e0 il posto, ma lei se ne andr\u00e0 felice al mare.<\/span><\/p>\n<p>&nbsp;<\/p>\n<p><b>6) PARAKALO\u2019 <\/b><span style=\"font-weight: 400\">&#8211; Questa country-waltz racconta la vacanza di un poeta, uno scrittore o un cantautore, su un\u2019isola greca dove si \u00e8 rifugiato per scrivere. Dalla sua terrazza questo personaggio assiste al passaggio, anche fuori stagione, di alcune bellissime ragazze greche che vanno in spiaggia passando per irti e spinosi sentieri e poi, la sera, rivede in piazza queste ragazze abbronzate e vestite per la sera. Si tratta di un\u2019ode alla bellezza femminile mediterranea.<\/span><\/p>\n<p>&nbsp;<\/p>\n<p><b>7) UVE AL SOLE (strumentale)<\/b><span style=\"font-weight: 400\"> &#8211; \u201cUVE\u201d \u00e8 l\u2019acronimo contratto delle iniziali di un amico recentemente scomparso e per il quale Tarquini ha scritto questa musica per chitarra acustica. Nel brano spicca il sax soprano di Luca Velotti, mitico membro della sezione fiati della band di Paolo Conte.<\/span><\/p>\n<p>&nbsp;<\/p>\n<p><b>8) PIOGGIA D\u2019ESTATE<\/b><span style=\"font-weight: 400\"> &#8211; \u00c8 la storia di una giornata al mare passata da una coppia un po\u2019 sbandata e un po\u2019 punk-a-bestia. Lui e lei con i relativi cani decidono di passare una giornata insieme al mare pensando che faccia bene stare insieme, rilassarsi e parlare. Dalla periferia di Roma partono coi mezzi pubblici per andare a Ostia, ma anzich\u00e9 trovare il litorale estivo e festante con gli stabilimenti balneari, troveranno una Ostia pasoliniana e sporca dove poi scende anche la pioggia che si mischia alla sabbia e li chiude ancor di pi\u00f9 nella loro incapacit\u00e0 di parlarsi.<\/span><\/p>\n<p>&nbsp;<\/p>\n<p><b>9) ADIOS AMIGOS<\/b><span style=\"font-weight: 400\"> &#8211; Qui siamo ai saluti. \u00c8 il commiato del disco, ma lo sar\u00e0 anche nei concerti. \u00c8 il racconto del prima e del dopo il concerto.<\/span><\/p>\n<p>&nbsp;<\/p>\n<p><span style=\"font-weight: 400\">Etichetta:<\/span><b> MoovOn<\/b><\/p>\n<p><span style=\"font-weight: 400\">Release album: <\/span><b>17 giugno 2022<\/b><\/p>\n<p>&nbsp;<\/p>\n<p><b>SOCIAL<\/b><\/p>\n<p><b>FACEBOOK<\/b> <a href=\"http:\/\/www.facebook.com\/Tarquini.official\"><span style=\"font-weight: 400\">www.facebook.com\/Tarquini.official<\/span><\/a><span style=\"font-weight: 400\">\u00a0<\/span><\/p>\n<p><b>INSTAGRAM<\/b> <a href=\"https:\/\/www.instagram.com\/andrea_tarquini_official\/\"><span style=\"font-weight: 400\">https:\/\/www.instagram.com\/andrea_tarquini_official\/<\/span><\/a><span style=\"font-weight: 400\">\u00a0<\/span><\/p>\n<p><b>SPOTIFY<\/b> <a href=\"https:\/\/spoti.fi\/3KJzLrO\"><span style=\"font-weight: 400\">https:\/\/spoti.fi\/3KJzLrO<\/span><\/a><span style=\"font-weight: 400\">\u00a0<\/span><\/p>\n<p><b>YOUTUBE<\/b> <span style=\"font-weight: 400\">https:\/\/www.youtube.com\/channel\/UCAxRbJvthR1-0KS2Ehsf_eg<\/span><span style=\"font-weight: 400\">\u00a0<\/span><\/p>\n<p>&nbsp;<\/p>\n<p><b>BIO<\/b><\/p>\n<p>&nbsp;<\/p>\n<p><span style=\"font-weight: 400\">Andrea Tarquini, romano trapiantato a Milano, esordisce negli anni \u201990 del secolo scorso come chitarrista e corista del mitico <\/span><b>Stefano Rosso<\/b><span style=\"font-weight: 400\">. Dopo molti anni di formazione passati a suonare musiche tradizionali nordamericane, Andrea Tarquini si sposta a Milano dove inizia un percorso didattico nel quale insegna le tecniche della chitarra acustica americana. Grazie all\u2019amicizia con <\/span><b>Luigi \u201cGrechi\u201d De Gregori<\/b><span style=\"font-weight: 400\">, fratello maggiore del pi\u00f9 celebre Francesco, nel 2013 con la produzione di <\/span><b>Paolo Giovenchi<\/b><span style=\"font-weight: 400\">, pubblica il suo primo disco, <\/span><b>\u201cREDS! Canzoni di Stefano Rosso\u201d<\/b><span style=\"font-weight: 400\"> (Self) disco finalista alle <\/span><b>Targhe Tenco 2013 <\/b><span style=\"font-weight: 400\">nella categoria interpreti. Nel 2014 i buoni risultati del primo disco realizzato lo portano a diventare endorser di Bourgeois Guitars, uno dei pi\u00f9 prestigiosi marchi di alta liuteria chitarristica degli Stati Uniti. Nel 2016, con la produzione di Anchise Bolchi pubblica <\/span><b>\u201cDISCO ROTTO\u201d<\/b><span style=\"font-weight: 400\"> (Self-Ice Records) disco finalista alle <\/span><b>Targhe Tenco 2016<\/b><span style=\"font-weight: 400\"> come Miglior Opera Prima.<\/span><\/p>\n<p><span style=\"font-weight: 400\">Sempre nel 2016 istituisce il premio per cantautori chitarristi Corde &amp; Voci d\u2019Autore presso l\u2019Acoustic Guitar Village di Cremona che si tiene ogni anno all\u2019interno di Cremona Musica Exhibition &amp; Festival. Nel 2017 partecipa al <\/span><b>Premio Bindi<\/b><span style=\"font-weight: 400\"> dove vince la <\/span><b>Targa Beppe Quirici per il \u201cMiglior Arrangiamento\u201d<\/b><span style=\"font-weight: 400\">.\u00a0<\/span><\/p>\n<p><span style=\"font-weight: 400\">Tra il 2018 e il 2021 collabora con il rapper <\/span><b>Jesto<\/b><span style=\"font-weight: 400\"> per il quale compone le musiche di molti suoi brani.<\/span><\/p>\n<p><span style=\"font-weight: 400\">Nel 2019 amplia ulteriormente il suo rapporto di reciproca sponsorizzazione con alcuni marchi di strumenti di alta qualit\u00e0 tra i quali i microfoni Ear Trumpet Labs e l\u2019italiana Acus, fabbrica specializzata nella produzione di amplificatori per chitarra acustica. Queste collaborazioni porteranno poi i marchi ad avviare attivit\u00e0 di sostegno ai produttori di contenuti e live.\u00a0\u00a0<\/span><\/p>\n<p><span style=\"font-weight: 400\">Nel giugno 2022 pubblica il suo terzo disco che si intitola <\/span><b>\u201cIn fondo al \u2018900\u201d <\/b><span style=\"font-weight: 400\">(MoovOn-Altafonte-Self).<\/span><\/p>\n<p>&nbsp;<\/p>\n<p><span style=\"font-weight: 400\">fonte: <\/span><span style=\"font-weight: 400\">www.laltoparlante.it<\/span><\/p>\n","protected":false},"excerpt":{"rendered":"<p>Il nuovo lavoro discografico dell&#8217;artista milanese d\u2019adozione, racconta di storie di vita comune, quotidiana, e di ricordi, attraverso sonorit\u00e0 legate alla musica americana. Release album 17 giugno &nbsp; Andrea Tarquini, il cantautore romano, milanese di adozione, nato come chitarrista del celebre Stefano Rosso, esce col suo terzo disco, prodotto da Fabrizio \u201cCit\u201d Chiapello.\u00a0 I temi [&hellip;]<\/p>\n","protected":false},"author":4383,"featured_media":0,"comment_status":"open","ping_status":"open","sticky":false,"template":"","format":"standard","meta":{"footnotes":""},"categories":[12],"tags":[5033,32650],"class_list":["post-68977","post","type-post","status-publish","format-standard","hentry","category-musica","tag-album","tag-andrea-tarquini"],"_links":{"self":[{"href":"https:\/\/www.area-press.eu\/comunicatistampa\/wp-json\/wp\/v2\/posts\/68977","targetHints":{"allow":["GET"]}}],"collection":[{"href":"https:\/\/www.area-press.eu\/comunicatistampa\/wp-json\/wp\/v2\/posts"}],"about":[{"href":"https:\/\/www.area-press.eu\/comunicatistampa\/wp-json\/wp\/v2\/types\/post"}],"author":[{"embeddable":true,"href":"https:\/\/www.area-press.eu\/comunicatistampa\/wp-json\/wp\/v2\/users\/4383"}],"replies":[{"embeddable":true,"href":"https:\/\/www.area-press.eu\/comunicatistampa\/wp-json\/wp\/v2\/comments?post=68977"}],"version-history":[{"count":1,"href":"https:\/\/www.area-press.eu\/comunicatistampa\/wp-json\/wp\/v2\/posts\/68977\/revisions"}],"predecessor-version":[{"id":68978,"href":"https:\/\/www.area-press.eu\/comunicatistampa\/wp-json\/wp\/v2\/posts\/68977\/revisions\/68978"}],"wp:attachment":[{"href":"https:\/\/www.area-press.eu\/comunicatistampa\/wp-json\/wp\/v2\/media?parent=68977"}],"wp:term":[{"taxonomy":"category","embeddable":true,"href":"https:\/\/www.area-press.eu\/comunicatistampa\/wp-json\/wp\/v2\/categories?post=68977"},{"taxonomy":"post_tag","embeddable":true,"href":"https:\/\/www.area-press.eu\/comunicatistampa\/wp-json\/wp\/v2\/tags?post=68977"}],"curies":[{"name":"wp","href":"https:\/\/api.w.org\/{rel}","templated":true}]}}