{"id":68870,"date":"2022-06-20T23:09:39","date_gmt":"2022-06-20T21:09:39","guid":{"rendered":"https:\/\/www.area-press.eu\/comunicatistampa\/?p=68870"},"modified":"2022-06-20T23:09:39","modified_gmt":"2022-06-20T21:09:39","slug":"al-vanilla-club-di-jesolo-si-sperimenta-un-nuovo-sistema-di-ingresso","status":"publish","type":"post","link":"https:\/\/www.area-press.eu\/comunicatistampa\/2022\/06\/20\/al-vanilla-club-di-jesolo-si-sperimenta-un-nuovo-sistema-di-ingresso\/","title":{"rendered":"Al Vanilla Club di Jesolo si sperimenta un nuovo sistema di ingresso"},"content":{"rendered":"<p>Il divertimento di sempre, abbinato ad un rinnovato impegno a garanzia della sicurezza degli ospiti, per promuovere un <strong>approccio pi\u00f9 consapevole rispetto ai rischi e alle inevitabili zone d\u2019ombra associate alla vita notturna<\/strong>: \u00e8 la proposta del <strong>Vanilla Club<\/strong>, storico punto di riferimento della nightlife del Lido di Jesolo, adiacente al parco Caribe Bay, che <strong>riapre i battenti sabato 18 giugno<\/strong> dopo due anni di stop dovuto alla pandemia.<\/p>\n<h2>Il nuovo sistema di accesso al Vanilla Club<\/h2>\n<p>In vista della nuova stagione il locale ha sviluppato un <strong>inedito sistema di accesso<\/strong> che sar\u00e0 sperimentato per tutta l\u2019estate: <strong>l\u2019ingresso sar\u00e0 gratuito e sar\u00e0 consentito solo attraverso la registrazione sull\u2019app Vanilla Club Jesolo<\/strong>, gi\u00e0 disponibile online sul sito <a href=\"https:\/\/vanillajesolo.it\/\">https:\/\/vanillajesolo.it\/<\/a> e prossimamente anche negli store Apple e Android. Dopo la registrazione, sar\u00e0 sufficiente accreditarsi presso i check-in posti all\u2019ingresso del locale: in questo modo sar\u00e0 possibile <strong>monitorare le presenze degli ospiti durante la serata<\/strong> e controllarne anche l\u2019et\u00e0, garantendo l\u2019ingresso solo ai maggiorenni.<\/p>\n<h2>Le parole di Luciano Pareschi, Fondatore del Vanilla Club<\/h2>\n<p><strong>Luciano Pareschi, Fondatore del Vanilla Club<\/strong> e del polo che comprende il parco a tema acquatico <strong>Caribe Bay<\/strong> e il <strong>Caribbean Golf<\/strong>, dichiara: \u201cSicurezza ed efficienza sono alla base di questo progetto: un supporto digitale al tradizionale servizio di security che ci consente, da un lato, di velocizzare le procedure di controllo dell\u2019et\u00e0, dall\u2019altro di rafforzare la sicurezza del locale e di individuare eventuali comportamenti inappropriati. Per legge i titolari delle discoteche e dei locali da ballo hanno l\u2019obbligo di garantire l\u2019ordine e la sicurezza e il nostro obiettivo \u00e8 assicurare la massima vivibilit\u00e0 del locale agli ospiti di tutte le et\u00e0: il Vanilla Club, in particolare, \u00e8 una realt\u00e0 molto frequentata dalle ragazze e dai giovani, quindi sentiamo un forte senso di responsabilit\u00e0 nei confronti dei genitori\u201d.<\/p>\n<p>\u201cDopo due anni di chiusura e di sofferenza per l\u2019intero settore \u2013 continua <strong>Pareschi<\/strong> \u2013 lanciamo un nuovo modello di vita notturna, con l\u2019ambizione di promuovere un divertimento sano e sicuro, alla portata di tutti. In linea con questa filosofia, anticiperemo l\u2019apertura per consentire di frequentare il locale anche a chi non vuole fare le ore piccole\u201d.<\/p>\n<h2>Come funziona l\u2019app Vanilla Club Jesolo<\/h2>\n<p>Sempre in tema di sicurezza, l\u2019app Vanilla Club Jesolo funzioner\u00e0 anche come <strong>portafoglio virtuale<\/strong>: le consumazioni si potranno pagare via smartphone, evitando quindi l\u2019utilizzo di denaro contante e carte di credito all\u2019interno del locale.<\/p>\n<p>Scaricando l\u2019app, gli appassionati di vita notturna, se lo vorranno, potranno entrare a far parte della <strong>community digitale del Vanilla Club<\/strong>, che prevede inviti esclusivi, promozioni speciali e interessanti anteprime sugli eventi in programma nel locale e nell\u2019adiacente Caribe Bay.<\/p>\n<h2>Il 18 giugno l\u2019apertura della nuova stagione<\/h2>\n<p>E, a proposito di eventi, ad inaugurare la stagione <strong>sabato 18 giugno <\/strong>sar\u00e0 la nuova serata \u201c<strong>We are all made of Stars<\/strong>\u201d: un inno al mondo della notte tra ritmo e divertimento, all\u2019insegna dell\u2019energia dirompente delle stelle e della Supernova, la stella delle stelle. Ospite d\u2019eccezione <strong>Stefano Mattara<\/strong>, dj di fama internazionale e direttore artistico di <strong>Radio WOW<\/strong>, media partner ufficiale del locale per tutta la stagione. Dopo le anteprime di giugno, <strong>dal 4 luglio il Vanilla Club sar\u00e0 aperto tutte le sere<\/strong>, con la grande animazione di sempre e la presenza dei migliori bartenders e barladies d\u2019Italia, tratto distintivo del locale. Il programma prevede <strong>ogni notte una serata differente<\/strong>: la Ladies Night ogni luned\u00ec, i gioved\u00ec firmati Besame per gli amanti dei ritmi latini e molte altre novit\u00e0 e guest star che saranno svelate a breve.<\/p>\n<p><strong>Info e prenotazione tavoli: +39 389 346 0273<\/strong><\/p>\n","protected":false},"excerpt":{"rendered":"<p>Il divertimento di sempre, abbinato ad un rinnovato impegno a garanzia della sicurezza degli ospiti, per promuovere un approccio pi\u00f9 consapevole rispetto ai rischi e alle inevitabili zone d\u2019ombra associate alla vita notturna: \u00e8 la proposta del Vanilla Club, storico punto di riferimento della nightlife del Lido di Jesolo, adiacente al parco Caribe Bay, che [&hellip;]<\/p>\n","protected":false},"author":49,"featured_media":0,"comment_status":"open","ping_status":"open","sticky":false,"template":"","format":"standard","meta":{"footnotes":""},"categories":[17],"tags":[31706,32387,32621],"class_list":["post-68870","post","type-post","status-publish","format-standard","hentry","category-turismo","tag-caribe-bay","tag-luciano-pareschi","tag-vanilla-club"],"_links":{"self":[{"href":"https:\/\/www.area-press.eu\/comunicatistampa\/wp-json\/wp\/v2\/posts\/68870","targetHints":{"allow":["GET"]}}],"collection":[{"href":"https:\/\/www.area-press.eu\/comunicatistampa\/wp-json\/wp\/v2\/posts"}],"about":[{"href":"https:\/\/www.area-press.eu\/comunicatistampa\/wp-json\/wp\/v2\/types\/post"}],"author":[{"embeddable":true,"href":"https:\/\/www.area-press.eu\/comunicatistampa\/wp-json\/wp\/v2\/users\/49"}],"replies":[{"embeddable":true,"href":"https:\/\/www.area-press.eu\/comunicatistampa\/wp-json\/wp\/v2\/comments?post=68870"}],"version-history":[{"count":1,"href":"https:\/\/www.area-press.eu\/comunicatistampa\/wp-json\/wp\/v2\/posts\/68870\/revisions"}],"predecessor-version":[{"id":68871,"href":"https:\/\/www.area-press.eu\/comunicatistampa\/wp-json\/wp\/v2\/posts\/68870\/revisions\/68871"}],"wp:attachment":[{"href":"https:\/\/www.area-press.eu\/comunicatistampa\/wp-json\/wp\/v2\/media?parent=68870"}],"wp:term":[{"taxonomy":"category","embeddable":true,"href":"https:\/\/www.area-press.eu\/comunicatistampa\/wp-json\/wp\/v2\/categories?post=68870"},{"taxonomy":"post_tag","embeddable":true,"href":"https:\/\/www.area-press.eu\/comunicatistampa\/wp-json\/wp\/v2\/tags?post=68870"}],"curies":[{"name":"wp","href":"https:\/\/api.w.org\/{rel}","templated":true}]}}