{"id":68868,"date":"2022-06-20T23:09:39","date_gmt":"2022-06-20T21:09:39","guid":{"rendered":"https:\/\/www.area-press.eu\/comunicatistampa\/?p=68868"},"modified":"2022-06-20T23:09:39","modified_gmt":"2022-06-20T21:09:39","slug":"diario-di-volo-nel-libro-di-paolo-gallo-unanalisi-del-legame-tra-digitale-e-transizione-green","status":"publish","type":"post","link":"https:\/\/www.area-press.eu\/comunicatistampa\/2022\/06\/20\/diario-di-volo-nel-libro-di-paolo-gallo-unanalisi-del-legame-tra-digitale-e-transizione-green\/","title":{"rendered":"\u201cDiario di volo\u201d, nel libro di Paolo Gallo un\u2019analisi del legame tra digitale e transizione green"},"content":{"rendered":"<p><em><strong>Per <a href=\"https:\/\/energiaoltre.it\/energia-nel-suo-nuovo-libro-paolo-gallo-racconta-la-strategia-e-il-percorso-di-digitalizzazione-di-italgas\/\" title=\"Paolo Gallo: il percorso digitale di Italgas\">Paolo Gallo<\/a> digitalizzare un&#8217;azienda significa rivoluzionarla in toto. Un processo che, spiega l&#8217;AD di Italgas, una volta avviato non pu\u00f2 avere una fine, soprattutto in vista della transizione energetica.<\/strong><\/em><\/p>\n<p><a href=\"https:\/\/energiaoltre.it\/energia-nel-suo-nuovo-libro-paolo-gallo-racconta-la-strategia-e-il-percorso-di-digitalizzazione-di-italgas\/\" title=\"Paolo Gallo: il nuovo libro &quot;Diario di Volo&quot;\"><img loading=\"lazy\" decoding=\"async\" alt=\"Paolo Gallo\" height=\"120\" src=\"https:\/\/h2biz.net\/images\/Plats\/crop_min_20210902155441.jpg\" width=\"120\" \/><\/a> <\/p>\n<h2>Paolo Gallo: &quot;Trasformazione digitale, un fenomeno complesso che va compreso e gestito&quot;<\/h2>\n<p>Un libro che affronta e soprattutto mette in relazione temi attuali come la trasformazione digitale e la transizione ecologica, con la prima considerata propedeutica della seconda. E che non si limita alla teoria, ma prende spunto dall&#8217;esperienza diretta di Italgas. &quot;Diario di volo&quot; \u00e8 il titolo del volume pubblicato da <strong>Paolo Gallo<\/strong>, ingegnere aeronautico dal 2016 alla guida del Gruppo. Un vero e proprio vademecum per tutte le aziende che intendono allinearsi agli obiettivi dell&#8217;Agenda Onu e ai target climatici Ue. Per raggiungere la neutralit\u00e0 climatica e contribuire alla transizione green la digitalizzazione \u00e8 un passaggio ormai obbligatorio: <em>&quot;La transizione digitale \u00e8 la precondizione tecnica della transizione energetica, \u00e8 il suo fattore abilitante<\/em> &#8211; ha dichiarato <strong>Paolo Gallo<\/strong> in occasione della presentazione del libro tenutasi alla Microsoft House di Milano &#8211; <em>Il percorso che ci attende \u00e8 abbastanza chiaro e il gas naturale giocher\u00e0 un ruolo chiave per sostenere il processo di decarbonizzazione&quot;<\/em>. Ma, avverte, il cambiamento va guidato, stimolato e soprattutto compreso, perch\u00e9 oggi la trasformazione digitale \u00e8 un fenomeno che <em>&quot;ha chiaramente un inizio, ma non pu\u00f2 avere una fine&quot;<\/em>.<\/p>\n<h2>Paolo Gallo: &quot;In Italgas stiamo cambiando il nostro modo di lavorare&quot;<\/h2>\n<p>L&#8217;evoluzione dell&#8217;azienda e la ricerca di innovazione devono essere infatti costanti. Non si tratta semplicemente di sviluppare app, e-commerce o di rafforzare la propria presenza sui social. Le aziende devono abbracciare la digitalizzazione in senso ampio, spiega <a href=\"https:\/\/energiaoltre.it\/energia-nel-suo-nuovo-libro-paolo-gallo-racconta-la-strategia-e-il-percorso-di-digitalizzazione-di-italgas\/\" title=\"Paolo Gallo: la transizione ecologica\">Paolo Gallo<\/a>, altrimenti il rischio, concreto, \u00e8 quello di <em>&quot;restare in superficie&quot;<\/em>. Asset, processi, persone e cultura aziendale: la trasformazione digitale \u00e8 <em>&quot;un concetto unitario&quot;<\/em> che rivoluziona tutti i livelli di un&#8217;azienda, dal management ai dipendenti, e che comporta un cambiamento nel modo di lavorare. Ed \u00e8 proprio la naturale resistenza al cambiamento, aggiunge, la vera sfida da affrontare per i manager di oggi. Trasformare asset e strumenti \u00e8 la parte meno complessa. Ma per gestire e sfruttare al meglio l&#8217;elevato numero di soluzioni hi-tech disponibili oggi (Big data, cloud, IA, IoT, machine learning), il fattore umano e il mindset aziendale risultano indispensabili. Avere a disposizione un numero sempre pi\u00f9 elevato di dati \u00e8 inutile se mancano le competenze per interpretarli. Italgas, che negli ultimi cinque anni si \u00e8 concentrata sulla digitalizzazione della rete in vista dell&#8217;integrazione dei gas rinnovabili, ne \u00e8 un esempio: <em>&quot;Adesso di dati ne stiamo ricevendo a milioni non solo dai contatori ma anche dagli altri dispositivi che abbiamo installato<\/em> &#8211; ha ricordato <strong>Paolo Gallo<\/strong> &#8211; <em>e quindi ci stiamo allenando sull&#8217;interpretazione di questi dati per cambiare il modo in cui lavoriamo&quot;<\/em>. <\/p>\n","protected":false},"excerpt":{"rendered":"<p>Per Paolo Gallo digitalizzare un&#8217;azienda significa rivoluzionarla in toto. Un processo che, spiega l&#8217;AD di Italgas, una volta avviato non pu\u00f2 avere una fine, soprattutto in vista della transizione energetica. Paolo Gallo: &quot;Trasformazione digitale, un fenomeno complesso che va compreso e gestito&quot; Un libro che affronta e soprattutto mette in relazione temi attuali come la [&hellip;]<\/p>\n","protected":false},"author":6899,"featured_media":0,"comment_status":"open","ping_status":"open","sticky":false,"template":"","format":"standard","meta":{"footnotes":""},"categories":[7],"tags":[29742],"class_list":["post-68868","post","type-post","status-publish","format-standard","hentry","category-economia-e-finanza","tag-paolo-gallo"],"_links":{"self":[{"href":"https:\/\/www.area-press.eu\/comunicatistampa\/wp-json\/wp\/v2\/posts\/68868","targetHints":{"allow":["GET"]}}],"collection":[{"href":"https:\/\/www.area-press.eu\/comunicatistampa\/wp-json\/wp\/v2\/posts"}],"about":[{"href":"https:\/\/www.area-press.eu\/comunicatistampa\/wp-json\/wp\/v2\/types\/post"}],"author":[{"embeddable":true,"href":"https:\/\/www.area-press.eu\/comunicatistampa\/wp-json\/wp\/v2\/users\/6899"}],"replies":[{"embeddable":true,"href":"https:\/\/www.area-press.eu\/comunicatistampa\/wp-json\/wp\/v2\/comments?post=68868"}],"version-history":[{"count":1,"href":"https:\/\/www.area-press.eu\/comunicatistampa\/wp-json\/wp\/v2\/posts\/68868\/revisions"}],"predecessor-version":[{"id":68869,"href":"https:\/\/www.area-press.eu\/comunicatistampa\/wp-json\/wp\/v2\/posts\/68868\/revisions\/68869"}],"wp:attachment":[{"href":"https:\/\/www.area-press.eu\/comunicatistampa\/wp-json\/wp\/v2\/media?parent=68868"}],"wp:term":[{"taxonomy":"category","embeddable":true,"href":"https:\/\/www.area-press.eu\/comunicatistampa\/wp-json\/wp\/v2\/categories?post=68868"},{"taxonomy":"post_tag","embeddable":true,"href":"https:\/\/www.area-press.eu\/comunicatistampa\/wp-json\/wp\/v2\/tags?post=68868"}],"curies":[{"name":"wp","href":"https:\/\/api.w.org\/{rel}","templated":true}]}}