{"id":68745,"date":"2022-06-15T19:06:30","date_gmt":"2022-06-15T17:06:30","guid":{"rendered":"https:\/\/www.area-press.eu\/comunicatistampa\/?p=68745"},"modified":"2022-06-15T19:06:30","modified_gmt":"2022-06-15T17:06:30","slug":"massimo-malvestio-democrazia-cristiana-il-contributo-in-veneto-e-le-cause-del-declino","status":"publish","type":"post","link":"https:\/\/www.area-press.eu\/comunicatistampa\/2022\/06\/15\/massimo-malvestio-democrazia-cristiana-il-contributo-in-veneto-e-le-cause-del-declino\/","title":{"rendered":"Massimo Malvestio: Democrazia Cristiana, il contributo in Veneto e le cause del declino"},"content":{"rendered":"<p><strong><em>\u201cDue anime, un partito, una societ\u00e0. Che non c\u2019\u00e8 pi\u00f9\u201d: \u00e8 il titolo dell\u2019articolo scritto nel 2005 da <a title=\"Massimo Malvestio - Pressonlinews\" href=\"https:\/\/www.pressonlinews.com\/tag\/massimo-malvestio\/\">Massimo Malvestio<\/a>. Nel testo l\u2019avvocato ricorda le origini delle due principali correnti della DC, soffermandosi in particolare sulla loro influenza nello sviluppo del Nordest.<\/em><\/strong><\/p>\n<p><a title=\"Massimo Malvestio: Pressonlinews\" href=\"https:\/\/www.pressonlinews.com\/tag\/massimo-malvestio\/\"><strong><em><img loading=\"lazy\" decoding=\"async\" src=\"https:\/\/www.pressonlinews.com\/wp-content\/uploads\/2021\/06\/massimo-malvestio.jpg\" alt=\"Massimo Malvestio\" width=\"90\" height=\"120\" \/><\/em><\/strong><\/a><\/p>\n<h2>Massimo Malvestio: DC, un potere basato sul labile equilibrio tra due linee di pensiero<\/h2>\n<p>Precedentemente alla trasformazione in \u201c<em>paralisi prima e diaspora poi<\/em>\u201d, il dialogo costante tra i due volti della Democrazia Cristiana ha consentito al partito di regnare incontrastato, in Italia e in particolar modo in Veneto, dagli anni del Secondo Dopoguerra fino allo scioglimento avvenuto nel 1994. Una sintesi tra due visioni opposte che <strong>Massimo Malvestio<\/strong> ha descritto come \u201c<em>dinamica e originale<\/em>\u201d. In un editoriale del 2005 pubblicato su \u201cNordesteuropa\u201d e ripreso di recente da \u201cVeneziepost\u201d, l\u2019avvocato ricorda la coesistenza nella DC tra \u201c<em>chi studiava e con la cultura politica mirava a trasformare la societ\u00e0<\/em>\u201d e \u201c<em>chi organizzava il territorio in una prassi di governo<\/em>\u201d. Un compromesso continuo, sottolinea nel testo <strong>Massimo Malvestio<\/strong>, tra \u201c<em>due anime che si sono reciprocamente condizionate e che hanno dovuto apprendere ciascuna qualcosa dall\u2019altra ma che sono, nel loro complesso, riuscite a produrre una classe dirigente che era tale<\/em>\u201d. L\u2019avvocato porta l\u2019esempio della lettera pastorale pubblicata nel 1995 dal titolo \u201cScribo vobis juvenes\u201d e scritta da quello che allora era il Vescovo di Treviso, Antonio Mantiero. Un appello generico ma rivolto in particolar modo ai giovani del partito, in quel periodo protagonisti di un acceso dibattito che per il Vescovo risultava troppo incentrato sulla \u201c<em>propaganda a sfondo materialista<\/em>\u201d e su \u201c<em>dottrine pericolose<\/em>\u201d diffuse sia dalla stampa che da organizzazioni oltre confine. Una lettera sollecitata, secondo alcune voci, dall\u2019allora Vice Segretario della DC Mariano Rumor e segno dell\u2019attenzione che il partito riservava alle voci nate al suo interno.<\/p>\n<h2>Massimo Malvestio: gli inizi del declino della DC e la crisi della coesistenza<\/h2>\n<p>Ed ecco che da quegli \u201cjuvenes\u201d, ricorda <a title=\"Massimo Malvestio, Pressonlinews\" href=\"https:\/\/www.pressonlinews.com\/tag\/massimo-malvestio\/\">Massimo Malvestio<\/a>, verranno fuori nomi sia di dirigenti storici della DC che di personaggi, come Lucio Magri e Toni Negri, che decideranno poi di aderire alla sinistra estrema. La coesistenza tra i due volti continua senza particolari intoppi fino agli anni \u201980, per poi passare ad essere una delle cause del declino del partito in Veneto. Con la radicale trasformazione dell\u2019economia della regione, che si aggiunge alla perdita di potere della Chiesa, gli interessi iniziano a propendere non pi\u00f9 verso i mezzi per lo sviluppo ma nel mantenimento dei benefici e dello status quo. Una cornice in cui diventa sempre pi\u00f9 difficile mettere d\u2019accordo la parte moderata della DC, sempre pi\u00f9 anti marxista, con la corrente della sinistra. Dagli anni \u201990 inizia quindi la \u201c<em>diaspora<\/em>\u201d, che tuttavia in Veneto non conduce a nessuna nuova esperienza politica rilevante, nonostante alcuni esempi di continuit\u00e0 nell\u2019azione di governo a livello regionale. \u00c8 evidente, scrive <strong>Massimo Malvestio<\/strong>, che negli anni \u201c<em>non \u00e8 venuta meno una sensazione di precariet\u00e0 dovuta alla mutabilit\u00e0 del contesto con una variabilit\u00e0 continua a tutti livelli territoriali inferiori con l\u2019effetto che qualsiasi azione di coordinamento, quelle poche volte in cui \u00e8 stata tentata, \u00e8 parsa velleitaria<\/em>\u201d.<\/p>\n","protected":false},"excerpt":{"rendered":"<p>\u201cDue anime, un partito, una societ\u00e0. Che non c\u2019\u00e8 pi\u00f9\u201d: \u00e8 il titolo dell\u2019articolo scritto nel 2005 da Massimo Malvestio. Nel testo l\u2019avvocato ricorda le origini delle due principali correnti della DC, soffermandosi in particolare sulla loro influenza nello sviluppo del Nordest. Massimo Malvestio: DC, un potere basato sul labile equilibrio tra due linee di [&hellip;]<\/p>\n","protected":false},"author":40,"featured_media":0,"comment_status":"open","ping_status":"open","sticky":false,"template":"","format":"standard","meta":{"footnotes":""},"categories":[29],"tags":[30477],"class_list":["post-68745","post","type-post","status-publish","format-standard","hentry","category-comunicati","tag-massimo-malvestio"],"_links":{"self":[{"href":"https:\/\/www.area-press.eu\/comunicatistampa\/wp-json\/wp\/v2\/posts\/68745","targetHints":{"allow":["GET"]}}],"collection":[{"href":"https:\/\/www.area-press.eu\/comunicatistampa\/wp-json\/wp\/v2\/posts"}],"about":[{"href":"https:\/\/www.area-press.eu\/comunicatistampa\/wp-json\/wp\/v2\/types\/post"}],"author":[{"embeddable":true,"href":"https:\/\/www.area-press.eu\/comunicatistampa\/wp-json\/wp\/v2\/users\/40"}],"replies":[{"embeddable":true,"href":"https:\/\/www.area-press.eu\/comunicatistampa\/wp-json\/wp\/v2\/comments?post=68745"}],"version-history":[{"count":1,"href":"https:\/\/www.area-press.eu\/comunicatistampa\/wp-json\/wp\/v2\/posts\/68745\/revisions"}],"predecessor-version":[{"id":68746,"href":"https:\/\/www.area-press.eu\/comunicatistampa\/wp-json\/wp\/v2\/posts\/68745\/revisions\/68746"}],"wp:attachment":[{"href":"https:\/\/www.area-press.eu\/comunicatistampa\/wp-json\/wp\/v2\/media?parent=68745"}],"wp:term":[{"taxonomy":"category","embeddable":true,"href":"https:\/\/www.area-press.eu\/comunicatistampa\/wp-json\/wp\/v2\/categories?post=68745"},{"taxonomy":"post_tag","embeddable":true,"href":"https:\/\/www.area-press.eu\/comunicatistampa\/wp-json\/wp\/v2\/tags?post=68745"}],"curies":[{"name":"wp","href":"https:\/\/api.w.org\/{rel}","templated":true}]}}