{"id":68622,"date":"2022-06-04T02:02:58","date_gmt":"2022-06-04T00:02:58","guid":{"rendered":"https:\/\/www.area-press.eu\/comunicatistampa\/?p=68622"},"modified":"2022-06-04T02:02:58","modified_gmt":"2022-06-04T00:02:58","slug":"quintetto-destate-di-giuseppe-raudino-un-viaggio-di-formazione-on-the-road-dalla-sicilia-alla-lettonia","status":"publish","type":"post","link":"https:\/\/www.area-press.eu\/comunicatistampa\/2022\/06\/04\/quintetto-destate-di-giuseppe-raudino-un-viaggio-di-formazione-on-the-road-dalla-sicilia-alla-lettonia\/","title":{"rendered":"\u201cQuintetto d\u2019estate\u201d di Giuseppe Raudino: un viaggio di formazione on the road dalla Sicilia alla Lettonia"},"content":{"rendered":"<p>L\u2019autore siciliano Giuseppe Raudino scrive un romanzo di formazione intriso di musica e richiami alla classicit\u00e0 greca. Protagonisti cinque giovani musicisti appena diplomati al conservatorio S. Lucia di Siracusa che verranno coinvolti dal loro maestro in un viaggio che ne cambier\u00e0 le vite.<\/p>\n<blockquote><p><em>I piani del maestro erano chiari: divergenza e convergenza, carota e bastone. La divergenza consisteva nel separarli, facendoli studiare da soli, lasciando che prendessero confidenza col pezzo in modo del tutto personale prima di passare alla convergenza, al gruppo, all\u2019unione\u2026<\/em><\/p><\/blockquote>\n<p>Martina, Fabrizio, Ileana, Stefano e Calliroe si sono appena diplomati al conservatorio Santa Lucia di Siracusa e, con la spensieratezza dei vent\u2019anni, si preparano a inseguire i loro sogni. Non sanno, per\u00f2, che il loro maestro sta per coinvolgerli in un\u2019avventura che cambier\u00e0 per sempre il loro modo di essere e di suonare. Sono i prescelti per accompagnarlo in camper a Riga, invitati a suonare al teatro dell\u2019Opera alla cerimonia in cui il maestro verr\u00e0 premiato per una sua composizione. Il lungo viaggio dalla Sicilia alla Lettonia dar\u00e0 loro il tempo necessario e la possibilit\u00e0 di conoscersi meglio, costretti alla condivisione di spazi angusti impareranno a declinare ogni sfumatura della prima persona plurale.<\/p>\n<p>I cinque musicisti riusciranno infine a dire \u201cnoi\u201d, a mettere da parte ogni personalismo al servizio dello spartito: Stefano e Ileana potranno tornare ad amarsi, Fabrizio e Martina innamorarsi perdutamente, Calliroe superer\u00e0 senza rancori la sua infatuazione per il maestro. Insieme diventeranno infine l\u2019indissolubile\u00a0<em>quintetto<\/em>\u00a0<em>d\u2019estate\u00a0<\/em>che d\u00e0 il titolo al romanzo.<\/p>\n<p>Fondamentale in questa trasformazione \u00e8 il personaggio del maestro, figura socratica che seduce e conduce gli allievi sulla via che gli antichi greci insegnano: un popolo che sapeva stupirsi di fronte alla bellezza della natura e che si lasciava affascinare dai vertiginosi abissi dell\u2019animo umano. In questo senso, il maestro e i cinque allievi somigliano a una delle tante scuole filosofiche dell\u2019antichit\u00e0 classica. Anche nel nostro quintetto gli adepti venerano l\u2019insegnante e l\u2019insegnante rivela le conoscenze di cui \u00e8 depositario, fino a far loro dono del premio pi\u00f9 ambito: la sospirata armonia nel gruppo. L\u2019ultimo passo sar\u00e0 quello di vedere il maestro scendere dallo scranno di educatore e mischiarsi agli allievi, mettendoli al corrente di una misteriosa vicenda privata che cambier\u00e0 il corso e i destini delle loro vite.<\/p>\n<p>&nbsp;<\/p>\n<p>&nbsp;<\/p>\n<p><strong>Giuseppe<\/strong>\u00a0<strong>Raudino<\/strong>\u00a0\u00e8 nato in Sicilia nel 1977 ma vive nei Paesi Bassi, dove insegna Giornalismo e Teoria dei Media all\u2019Universit\u00e0 di Scienze Applicate di Groningen. Si interessa di scrittura creativa, interculturalit\u00e0 e storytelling. Collabora con diverse riviste, occupandosi principalmente di critica e analisi di testi letterari. Come narratore ha esordito nel 2019 con il romanzo\u00a0<em>Mistero<\/em>\u00a0<em>nel<\/em>\u00a0<em>Mediterraneo<\/em>, seguito nello stesso anno da\u00a0<em>Stelle<\/em>\u00a0<em>di<\/em>\u00a0<em>un<\/em>\u00a0<em>cielo<\/em>\u00a0<em>diviso<\/em>\u00a0(Alessandro Polidoro Editore)<\/p>\n","protected":false},"excerpt":{"rendered":"<p>L\u2019autore siciliano Giuseppe Raudino scrive un romanzo di formazione intriso di musica e richiami alla classicit\u00e0 greca. Protagonisti cinque giovani musicisti appena diplomati al conservatorio S. Lucia di Siracusa che verranno coinvolti dal loro maestro in un viaggio che ne cambier\u00e0 le vite. I piani del maestro erano chiari: divergenza e convergenza, carota e bastone. [&hellip;]<\/p>\n","protected":false},"author":7441,"featured_media":0,"comment_status":"open","ping_status":"open","sticky":false,"template":"","format":"standard","meta":{"footnotes":""},"categories":[29],"tags":[],"class_list":["post-68622","post","type-post","status-publish","format-standard","hentry","category-comunicati"],"_links":{"self":[{"href":"https:\/\/www.area-press.eu\/comunicatistampa\/wp-json\/wp\/v2\/posts\/68622","targetHints":{"allow":["GET"]}}],"collection":[{"href":"https:\/\/www.area-press.eu\/comunicatistampa\/wp-json\/wp\/v2\/posts"}],"about":[{"href":"https:\/\/www.area-press.eu\/comunicatistampa\/wp-json\/wp\/v2\/types\/post"}],"author":[{"embeddable":true,"href":"https:\/\/www.area-press.eu\/comunicatistampa\/wp-json\/wp\/v2\/users\/7441"}],"replies":[{"embeddable":true,"href":"https:\/\/www.area-press.eu\/comunicatistampa\/wp-json\/wp\/v2\/comments?post=68622"}],"version-history":[{"count":1,"href":"https:\/\/www.area-press.eu\/comunicatistampa\/wp-json\/wp\/v2\/posts\/68622\/revisions"}],"predecessor-version":[{"id":68623,"href":"https:\/\/www.area-press.eu\/comunicatistampa\/wp-json\/wp\/v2\/posts\/68622\/revisions\/68623"}],"wp:attachment":[{"href":"https:\/\/www.area-press.eu\/comunicatistampa\/wp-json\/wp\/v2\/media?parent=68622"}],"wp:term":[{"taxonomy":"category","embeddable":true,"href":"https:\/\/www.area-press.eu\/comunicatistampa\/wp-json\/wp\/v2\/categories?post=68622"},{"taxonomy":"post_tag","embeddable":true,"href":"https:\/\/www.area-press.eu\/comunicatistampa\/wp-json\/wp\/v2\/tags?post=68622"}],"curies":[{"name":"wp","href":"https:\/\/api.w.org\/{rel}","templated":true}]}}