{"id":67685,"date":"2022-05-03T13:06:14","date_gmt":"2022-05-03T11:06:14","guid":{"rendered":"https:\/\/www.area-press.eu\/comunicatistampa\/?p=67685"},"modified":"2022-05-03T13:06:14","modified_gmt":"2022-05-03T11:06:14","slug":"parquet-storici-la-norma-uni-11161-per-il-restauro","status":"publish","type":"post","link":"https:\/\/www.area-press.eu\/comunicatistampa\/2022\/05\/03\/parquet-storici-la-norma-uni-11161-per-il-restauro\/","title":{"rendered":"Parquet storici: la norma UNI 11161 per il restauro"},"content":{"rendered":"<p>Scegliere un parquet come pavimentazione da interni \u00e8 sempre un\u2019opzione azzeccata dal punto di vista estetico e dell\u2019efficienza energetica, ma il tempo pu\u00f2 lasciare inevitabilmente segni che non dipendono esclusivamente dall\u2019usura o dai temibili <a href=\"http:\/\/www.trattamentoantitarlo.net\/aree\/restauro-mobili-antichi\"><strong><u>tarli del legno<\/u><\/strong><\/a>.<\/p>\n<p>Immaginiamo, ad esempio, un pavimento storico in legno, considerato a tutti gli effetti un bene di interesse culturale, per cui una manutenzione costante \u00e8 importante nel caso si rendesse necessario preservarne il valore storico e culturale. Esiste, a tal proposito, la norma UNI 11161 intitolata <em>\u201cManufatti lignei \u2013 Linee guida per la conservazione, manutenzione e restauro\u201d<\/em>, che indica i requisiti essenziali da seguire per il raggiungimento dell\u2019obiettivo.<\/p>\n<p>Dalla documentazione storica indicante la cronistoria del pavimento all\u2019identificazione della specie legnosa di cui \u00e8 fatto il materiale, alle modalit\u00e0 di esecuzione dell\u2019intervento di recupero, questa norma si concentra soprattutto sull\u2019importanza della diagnosi dello stato del pavimento, al fine di verificarne un\u2019eventuale deterioramento biologico.<\/p>\n<p>Secondo la UNI 11161, infatti, a scaturirlo pu\u00f2 essere un attacco fungino quando il livello di umidit\u00e0 \u00e8 superiore al 20%. Non possono mancare, ovviamente, gli insetti xilofagi in grado di attaccare il legno anche in condizioni asciutte (ad esempio l\u2019Anobium Puntactum o lo Xestobium Rufovillosum), ma la causa potrebbe anche essere di tipo abiotico.<\/p>\n<p>Anche in questo caso \u00e8 evidente, insomma, che un intervento di recupero e restauro di un parquet storico passi inevitabilmente da un <a href=\"http:\/\/www.trattamentoantitarlo.net\/\"><strong><u>trattamento antitarlo a microonde<\/u><\/strong><\/a>.<\/p>\n","protected":false},"excerpt":{"rendered":"<p>Scegliere un parquet come pavimentazione da interni \u00e8 sempre un\u2019opzione azzeccata dal punto di vista estetico e dell\u2019efficienza energetica, ma il tempo pu\u00f2 lasciare inevitabilmente segni che non dipendono esclusivamente dall\u2019usura o dai temibili tarli del legno. Immaginiamo, ad esempio, un pavimento storico in legno, considerato a tutti gli effetti un bene di interesse culturale, [&hellip;]<\/p>\n","protected":false},"author":5108,"featured_media":0,"comment_status":"open","ping_status":"open","sticky":false,"template":"","format":"standard","meta":{"footnotes":""},"categories":[3],"tags":[21091,21090,21092],"class_list":["post-67685","post","type-post","status-publish","format-standard","hentry","category-arte-e-cultura","tag-disinfestazione-tarli","tag-restauro-mobili-antichi","tag-trattamento-antitarlo"],"_links":{"self":[{"href":"https:\/\/www.area-press.eu\/comunicatistampa\/wp-json\/wp\/v2\/posts\/67685","targetHints":{"allow":["GET"]}}],"collection":[{"href":"https:\/\/www.area-press.eu\/comunicatistampa\/wp-json\/wp\/v2\/posts"}],"about":[{"href":"https:\/\/www.area-press.eu\/comunicatistampa\/wp-json\/wp\/v2\/types\/post"}],"author":[{"embeddable":true,"href":"https:\/\/www.area-press.eu\/comunicatistampa\/wp-json\/wp\/v2\/users\/5108"}],"replies":[{"embeddable":true,"href":"https:\/\/www.area-press.eu\/comunicatistampa\/wp-json\/wp\/v2\/comments?post=67685"}],"version-history":[{"count":1,"href":"https:\/\/www.area-press.eu\/comunicatistampa\/wp-json\/wp\/v2\/posts\/67685\/revisions"}],"predecessor-version":[{"id":67686,"href":"https:\/\/www.area-press.eu\/comunicatistampa\/wp-json\/wp\/v2\/posts\/67685\/revisions\/67686"}],"wp:attachment":[{"href":"https:\/\/www.area-press.eu\/comunicatistampa\/wp-json\/wp\/v2\/media?parent=67685"}],"wp:term":[{"taxonomy":"category","embeddable":true,"href":"https:\/\/www.area-press.eu\/comunicatistampa\/wp-json\/wp\/v2\/categories?post=67685"},{"taxonomy":"post_tag","embeddable":true,"href":"https:\/\/www.area-press.eu\/comunicatistampa\/wp-json\/wp\/v2\/tags?post=67685"}],"curies":[{"name":"wp","href":"https:\/\/api.w.org\/{rel}","templated":true}]}}