{"id":6752,"date":"2016-02-24T13:54:11","date_gmt":"2016-02-24T12:54:11","guid":{"rendered":"http:\/\/www.area-press.eu\/comunicatistampa\/?p=6752"},"modified":"2018-10-28T18:55:46","modified_gmt":"2018-10-28T17:55:46","slug":"il-percorso-professionale-di-federico-cervellini-le-attivita-in-qualita-di-director-of-corporate-affairs-per-mbm-group","status":"publish","type":"post","link":"https:\/\/www.area-press.eu\/comunicatistampa\/2016\/02\/24\/il-percorso-professionale-di-federico-cervellini-le-attivita-in-qualita-di-director-of-corporate-affairs-per-mbm-group\/","title":{"rendered":"Il percorso professionale di Federico Cervellini: le attivit\u00e0 in qualit\u00e0 di Director of Corporate Affairs per MBM Group"},"content":{"rendered":"<p><em><strong>Classe 1974, originario di San Marino,\u00a0Federico Cervellini\u00a0sviluppa un percorso professionale che lo porta ad assumere nel 2012 l\u2019incarico di Director of Corporate Affairs presso MBM Group.<\/strong><\/em><\/p>\n<h2>Le prime tappe del percorso professionale di Federico Cervellini<\/h2>\n<p>Nato a San Marino nel 1974, <strong>Federico Cervellini<\/strong> si forma in Italia, dove intraprende inizialmente un percorso professionale nel settore della sicurezza. Tra il 1998 e il 2003 lavora, infatti, per esercizi commerciali e per alcuni vip del mondo dello spettacolo. Nel 2004 comincia a rivolgersi a una clientela dagli standard pi\u00f9 elevati, svolgendo l&#8217;attivit\u00e0 di Security Manager per case di moda e importanti multinazionali. Attirato dal mondo dell&#8217;imprenditoria, nel 2005 avvia insieme ad alcuni soci Palazzo Guidi 1556, esercizio di ristorazione e banqueting che gli offre l&#8217;opportunit\u00e0 di gestire in prima persona attivit\u00e0 di marketing e relazioni esterne. Nel frattempo, <strong>Federico Cervellini<\/strong> continua a lavorare sulle proprie competenze sia nel settore della sicurezza che in quello manageriale. Nel 2009 decide di trasferirsi negli Emirati Arabi Uniti, dove inizialmente \u00e8 Responsabile della gestione della Sicurezza e delle attivit\u00e0 personali di Sua Maest\u00e0 la Sceicca Maryam bint Hamdan bin Mohammed Al Nahyan.<\/p>\n<h2>Federico Cervellini e l&#8217;incarico presso MBM Group<\/h2>\n<p>Nel 2012 <strong>Federico Cervellini<\/strong> viene nominato Director of Corporate Affairs presso MBM Group, societ\u00e0 di Dubai che funge da mediatrice dei processi di internazionalizzazione delle imprese estere in cerca di una guida che faccia da interprete delle specifiche economiche interne di questi territori. Per la sua formazione multidisciplinare, <strong>Federico Cervellini<\/strong> si rivela infatti la persona adatta sia per la sicurezza che per lo sviluppo e la crescita del business, interloquendo non solo con le realt\u00e0 italiane, ambito nel quale pu\u00f2 sfruttare le relazioni sviluppate nel corso della sua carriera, ma anche con realt\u00e0 aziendali provenienti da differenti Paesi. Queste tipologie di investimento rappresentano un&#8217;importante alternativa ai mercati classici e la possibilit\u00e0 di usufruire di un intermediario autorevole e preparato diventa un punto di grande valenza strategica per lo sviluppo del business di MBM Group.<\/p>\n<p><strong><em>Per avere maggiori informazioni sulla carriera di Federico Cervellini, visita il suo sito ufficiale.<\/em><\/strong><\/p>\n","protected":false},"excerpt":{"rendered":"<p>Classe 1974, originario di San Marino,\u00a0Federico Cervellini\u00a0sviluppa un percorso professionale che lo porta ad assumere nel 2012 l\u2019incarico di Director of Corporate Affairs presso MBM Group. Le prime tappe del percorso professionale di Federico Cervellini Nato a San Marino nel 1974, Federico Cervellini si forma in Italia, dove intraprende inizialmente un percorso professionale nel settore [&hellip;]<\/p>\n","protected":false},"author":40,"featured_media":0,"comment_status":"open","ping_status":"open","sticky":false,"template":"","format":"standard","meta":{"footnotes":""},"categories":[29],"tags":[],"class_list":["post-6752","post","type-post","status-publish","format-standard","hentry","category-comunicati"],"_links":{"self":[{"href":"https:\/\/www.area-press.eu\/comunicatistampa\/wp-json\/wp\/v2\/posts\/6752","targetHints":{"allow":["GET"]}}],"collection":[{"href":"https:\/\/www.area-press.eu\/comunicatistampa\/wp-json\/wp\/v2\/posts"}],"about":[{"href":"https:\/\/www.area-press.eu\/comunicatistampa\/wp-json\/wp\/v2\/types\/post"}],"author":[{"embeddable":true,"href":"https:\/\/www.area-press.eu\/comunicatistampa\/wp-json\/wp\/v2\/users\/40"}],"replies":[{"embeddable":true,"href":"https:\/\/www.area-press.eu\/comunicatistampa\/wp-json\/wp\/v2\/comments?post=6752"}],"version-history":[{"count":3,"href":"https:\/\/www.area-press.eu\/comunicatistampa\/wp-json\/wp\/v2\/posts\/6752\/revisions"}],"predecessor-version":[{"id":35596,"href":"https:\/\/www.area-press.eu\/comunicatistampa\/wp-json\/wp\/v2\/posts\/6752\/revisions\/35596"}],"wp:attachment":[{"href":"https:\/\/www.area-press.eu\/comunicatistampa\/wp-json\/wp\/v2\/media?parent=6752"}],"wp:term":[{"taxonomy":"category","embeddable":true,"href":"https:\/\/www.area-press.eu\/comunicatistampa\/wp-json\/wp\/v2\/categories?post=6752"},{"taxonomy":"post_tag","embeddable":true,"href":"https:\/\/www.area-press.eu\/comunicatistampa\/wp-json\/wp\/v2\/tags?post=6752"}],"curies":[{"name":"wp","href":"https:\/\/api.w.org\/{rel}","templated":true}]}}