{"id":6749,"date":"2016-02-24T13:54:11","date_gmt":"2016-02-24T12:54:11","guid":{"rendered":"http:\/\/www.area-press.eu\/comunicatistampa\/?p=6749"},"modified":"2016-02-24T13:54:11","modified_gmt":"2016-02-24T12:54:11","slug":"ale-la-merckx-alla-scoperta-dei-tracciati-2016-ultimi-giorni-per-iscriversi-a-quote-vantaggiose","status":"publish","type":"post","link":"https:\/\/www.area-press.eu\/comunicatistampa\/2016\/02\/24\/ale-la-merckx-alla-scoperta-dei-tracciati-2016-ultimi-giorni-per-iscriversi-a-quote-vantaggiose\/","title":{"rendered":"AL\u00c9 LA MERCKX ALLA SCOPERTA DEI TRACCIATI 2016, ULTIMI GIORNI PER ISCRIVERSI A QUOTE VANTAGGIOSE"},"content":{"rendered":"<p>Decima Al\u00e9 La Merckx il 12 giugno a Verona<\/p>\n<p>Quote promozionali disponibili sino al 29 febbraio<\/p>\n<p>Percorsi \u201cmedio\u201d e \u201clungo\u201d di 85 e 139 km<\/p>\n<p>Al traguardo riso party al Palazzo della Gran Guardia<\/p>\n<p>&nbsp;<\/p>\n<p>&nbsp;<\/p>\n<p>Dopo nove gloriose annate passate sulle strade di Rivalta di Brentino Belluno, in grado di far divertire, appassionare ed affezionare oltre 15.000 cicloamatori, il cuore di Verona \u00e8 stato scelto come prestigioso teatro per animare la decima edizione della granfondo ciclistica Al\u00e9 La Merckx del 12 giugno, dedicata all\u2019azienda leader nella produzione di abbigliamento ciclistico Al\u00e9 e alle gesta dell\u2019inarrestabile \u2018cannibale\u2019 belga Eddy Merckx, considerato dagli esperti come il migliore ad aver mai \u2018inforcato\u2019 una bicicletta.<\/p>\n<p>I cicloamatori avranno ancora qualche giorno per iscriversi sfruttando la quota \u2018agevolata\u2019 di 35 euro, pi\u00f9 precisamente sino al 29 febbraio. Una tariffa comprensiva di pacco gara, al cui interno si trover\u00e0 un giubbino tecnico waterproof antivento a manica lunga, realizzato con materiale traspirante e performante con membrana E-vent prodotto da Al\u00e9, un capo che garantir\u00e0 agli atleti la massima protezione nel caso in cui dovessero affrontare agenti atmosferici avversi.<\/p>\n<p>Dal palcoscenico regale di Piazza Br\u00e0 partiranno i percorsi di 85 km e 1250 metri di dislivello e di 139 km e 2500 metri di dislivello, che impegneranno i prodi del pedale in terra scaligera. I cicloamatori si divideranno dopo circa 70 km di pedalata comune, e i concorrenti del tracciato \u201clungo\u201d svolteranno in direzione Erbezzo.<\/p>\n<p>Dopo la partenza da Piazza Br\u00e0 i partecipanti inizieranno la propria \u2018cavalcata\u2019 nelle vie della citt\u00e0 scaligera, costeggiando i bastioni e dirigendosi in direzione opposta al corso del fiume Adige, verso la bassa Valpolicella e i borghi storici pedemontani. Si proseguir\u00e0 oltrepassando uno dopo l\u2019altro i paesi di Pescantina, San Pietro in Cariano, Gargagnago, con l\u2019uscita da quest\u2019ultimo paese a costituire il primo \u2018ostacolo\u2019 di giornata, arrivando a San Giorgio di Valpolicella dopo altri 3 km, pedalando fra i vitigni di alcuni fra i pi\u00f9 pregiati vini italiani come il Valpolicella, l\u2019Amarone e il Recioto.<\/p>\n<p>Si proseguir\u00e0 lungo la lieve dorsale in salita verso Mazzurega, in cui una breve ma tecnica discesa porter\u00e0 nel paese di Fumane, prima di addentrarsi nel Parco naturale delle cascate di Molina, un territorio ricco d\u2019acqua che ha portato alla formazione di fragorose cascate e torrenti che baciano le rocce sottostanti. 5 km di falsopiano serviranno ad \u201callenare\u201d le gambe prima della consueta \u201ccronoscalata del Cannibale\u201d di 9.5 km che riserver\u00e0 pendenze dall\u20198 al 15% nei primi 7 km.<\/p>\n<p>Passato il paese di Breonio si svolter\u00e0 a destra proseguendo verso Fosse e Sant\u2019Anna d\u2019Alfaedo, e in localit\u00e0 Barozze si punter\u00e0 verso la Valpantena e si giunger\u00e0 al \u201cbivio\u201d con la SP 14a, nel quale i concorrenti del \u201clungo\u201d svolteranno a sinistra in direzione Erbezzo, mentre quelli del \u201cmedio\u201d proseguiranno diretti verso il fondovalle e la citt\u00e0 di Verona, giungendo al traguardo situato in Via Torbido, a poca distanza dal Villaggio Al\u00e9.<\/p>\n<p>Il tracciato \u2018lungo\u2019 proseguir\u00e0 verso la Lessinia nella zona delle Prealpi venete, ricche di estesi pascoli punteggiati da malghe di pietra adibite alla produzione di formaggi tipici. Arricchiranno il percorso circa 8,5 km di regolare salita fra paesaggi mozzafiato, prima di scendere lungo curve e tornanti verso Passo Fittanze e in direzione Ronconi, Barozze e Fosse, in cui si svolter\u00e0 a sinistra per collegarsi nuovamente al percorso precedente che porter\u00e0 prima a Sant\u2019Anna d\u2019Alfaedo e poi in localit\u00e0 Barozze, scendendo in direzione Valpantena e giungere dopo 139 km di gioia, fatica e soddisfazione al traguardo di Verona, dopo il quale gli stanchi ma felici concorrenti troveranno ad attenderli i maestri del riso di Isola della Scala, nella splendida cornice del Palazzo della Gran Guardia in Piazza Br\u00e0.<\/p>\n<p>Info: <a href=\"http:\/\/www.granfondoeddymerckx.com\/\">www.granfondoeddymerckx.com<\/a><\/p>\n","protected":false},"excerpt":{"rendered":"<p>Decima Al\u00e9 La Merckx il 12 giugno a Verona Quote promozionali disponibili sino al 29 febbraio Percorsi \u201cmedio\u201d e \u201clungo\u201d di 85 e 139 km Al traguardo riso party al Palazzo della Gran Guardia &nbsp; &nbsp; Dopo nove gloriose annate passate sulle strade di Rivalta di Brentino Belluno, in grado di far divertire, appassionare ed [&hellip;]<\/p>\n","protected":false},"author":15,"featured_media":0,"comment_status":"open","ping_status":"open","sticky":false,"template":"","format":"standard","meta":{"footnotes":""},"categories":[15],"tags":[],"class_list":["post-6749","post","type-post","status-publish","format-standard","hentry","category-sport"],"_links":{"self":[{"href":"https:\/\/www.area-press.eu\/comunicatistampa\/wp-json\/wp\/v2\/posts\/6749","targetHints":{"allow":["GET"]}}],"collection":[{"href":"https:\/\/www.area-press.eu\/comunicatistampa\/wp-json\/wp\/v2\/posts"}],"about":[{"href":"https:\/\/www.area-press.eu\/comunicatistampa\/wp-json\/wp\/v2\/types\/post"}],"author":[{"embeddable":true,"href":"https:\/\/www.area-press.eu\/comunicatistampa\/wp-json\/wp\/v2\/users\/15"}],"replies":[{"embeddable":true,"href":"https:\/\/www.area-press.eu\/comunicatistampa\/wp-json\/wp\/v2\/comments?post=6749"}],"version-history":[{"count":1,"href":"https:\/\/www.area-press.eu\/comunicatistampa\/wp-json\/wp\/v2\/posts\/6749\/revisions"}],"predecessor-version":[{"id":6750,"href":"https:\/\/www.area-press.eu\/comunicatistampa\/wp-json\/wp\/v2\/posts\/6749\/revisions\/6750"}],"wp:attachment":[{"href":"https:\/\/www.area-press.eu\/comunicatistampa\/wp-json\/wp\/v2\/media?parent=6749"}],"wp:term":[{"taxonomy":"category","embeddable":true,"href":"https:\/\/www.area-press.eu\/comunicatistampa\/wp-json\/wp\/v2\/categories?post=6749"},{"taxonomy":"post_tag","embeddable":true,"href":"https:\/\/www.area-press.eu\/comunicatistampa\/wp-json\/wp\/v2\/tags?post=6749"}],"curies":[{"name":"wp","href":"https:\/\/api.w.org\/{rel}","templated":true}]}}