{"id":6719,"date":"2016-02-24T13:54:11","date_gmt":"2016-02-24T12:54:11","guid":{"rendered":"http:\/\/www.area-press.eu\/comunicatistampa\/?p=6719"},"modified":"2016-02-24T13:54:11","modified_gmt":"2016-02-24T12:54:11","slug":"granfondo-liotto-eccellenza-italiana-ultimi-giorni-a-tariffe-agevolate","status":"publish","type":"post","link":"https:\/\/www.area-press.eu\/comunicatistampa\/2016\/02\/24\/granfondo-liotto-eccellenza-italiana-ultimi-giorni-a-tariffe-agevolate\/","title":{"rendered":"GRANFONDO LIOTTO ECCELLENZA ITALIANA, ULTIMI GIORNI A TARIFFE AGEVOLATE"},"content":{"rendered":"<p>Granfondo Liotto nella citt\u00e0 di Vicenza il 10 aprile<\/p>\n<p>Tempo fino al 28 febbraio per sfruttare le quote promozionali<\/p>\n<p>Al sito <a href=\"http:\/\/www.granfondoliotto.it\/\">www.granfondoliotto.it<\/a> news sportive e turistiche<\/p>\n<p>Gara del Campionato Nazionale ACSI, Al\u00e9 Challenge e Zero Wind Show<\/p>\n<p>&nbsp;<\/p>\n<p>&nbsp;<\/p>\n<p>La Granfondo Liotto del 10 aprile concede la possibilit\u00e0 di iscriversi alla quota \u201cagevolata\u201d di 36 euro sino al 28 febbraio, dopodich\u00e9 la tariffa subir\u00e0 un leggero aumento. A disposizione anche un sostanzioso pacco gara dotato di prelibatezze locali del territorio, buoni sconto per abbigliamento e prodotti ideali per affrontare \u201cben attrezzati\u201d qualsiasi tipo di contest sportivo.<\/p>\n<p>La gara delle meraviglie vicentine \u00e8 una competizione ciclistica che si dipana fra la storia e la cultura della citt\u00e0 di Vicenza ed il paesaggio circostante, il tutto \u201csotto la supervisione\u201d della famiglia Liotto, \u201cuna storia che parte da molto lontano\u201d, iniziata nel 1922 grazie a Luigi Liotto, un ex bersagliere che nel primo dopoguerra intraprese con passione l\u2019attivit\u00e0 di riparazione biciclette. Il figlio Gino ne segu\u00ec le orme sviluppando la passione del padre, apprendendo le conoscenze tecniche che hanno portato la \u201cCicli Liotto\u201d ad essere dov\u2019\u00e8 oggi, grazie anche al \u201cproseguimento dell\u2019opera\u201d dei figli Pierangelo, Doretta e Luigina.<\/p>\n<p>Ritrovo, partenza e arrivo della Granfondo Liotto sono previsti in Viale Roma a Vicenza, mentre gli itinerari di gara saranno due e permetteranno di scegliere il percorso pi\u00f9 adatto alle necessit\u00e0 dei cicloamatori, che al bivio dei 65 km posto in localit\u00e0 Pozzolo potranno scegliere se proseguire con il tracciato \u201cmediofondo\u201d di 95 km e 1400 metri di dislivello, o cimentarsi con la distanza \u201cgranfondo\u201d di 130 km e 2300 metri di dislivello. La possibilit\u00e0 di partecipare verr\u00e0 concessa anche ai possessori delle biciclette elettriche e-bike, regolarmente iscritti con partenza dall\u2019ultima griglia.<\/p>\n<p>Sabato 9 aprile \u00e8 in programma anche una manifestazione riservata ai giovanissimi, la Junior Liotto Race di 550 metri all\u2019interno di Campo Marzo, un vasto parco alle pendici di Monte Berico, il colle che sovrasta la citt\u00e0 palladiana. All\u2019interno della pagina web <a href=\"http:\/\/www.granfondoliotto.it\/\">www.granfondoliotto.it<\/a> alla sezione \u201cVicenza turismo\u201d sono a disposizione alcuni suggerimenti per quanto riguarda i poli di attrazione della citt\u00e0 veneta, che legano indissolubilmente il proprio nome all\u2019architetto rinascimentale Andrea Palladio, quali la Basilica Palladiana che si affaccia su Piazza dei Signori, Villa Almerico Capra detta \u201cLa Rotonda\u201d, una delle pi\u00f9 celebri ville venete, la Chiesa di San Francesco, il Teatro Olimpico, esito degli studi effettuati dal Palladio sul teatro classico, Palazzo Chiericati che ospita la pinacoteca civica, Piazza Castello, la Basilica di San Felice e il Duomo di Vicenza.<\/p>\n<p>La competizione vicentina sar\u00e0 parte del Campionato Nazionale ACSI, seconda tappa Al\u00e9 Challenge e terzo appassionante contest dell\u2019innovativo Zero Wind Show, un nuovo format atto a valorizzare le bellezze paesaggistiche nostrane. La GF Liotto \u00e8 \u201cMemorial Gino Liotto\u201d, in onore della storica azienda veneta da cui prende il nome la gara, vera e propria eccellenza del made in Italy.<\/p>\n<p>Info: <a href=\"http:\/\/www.granfondoliotto.it\/\">www.granfondoliotto.it<\/a><\/p>\n","protected":false},"excerpt":{"rendered":"<p>Granfondo Liotto nella citt\u00e0 di Vicenza il 10 aprile Tempo fino al 28 febbraio per sfruttare le quote promozionali Al sito www.granfondoliotto.it news sportive e turistiche Gara del Campionato Nazionale ACSI, Al\u00e9 Challenge e Zero Wind Show &nbsp; &nbsp; La Granfondo Liotto del 10 aprile concede la possibilit\u00e0 di iscriversi alla quota \u201cagevolata\u201d di 36 [&hellip;]<\/p>\n","protected":false},"author":15,"featured_media":0,"comment_status":"open","ping_status":"open","sticky":false,"template":"","format":"standard","meta":{"footnotes":""},"categories":[15],"tags":[],"class_list":["post-6719","post","type-post","status-publish","format-standard","hentry","category-sport"],"_links":{"self":[{"href":"https:\/\/www.area-press.eu\/comunicatistampa\/wp-json\/wp\/v2\/posts\/6719","targetHints":{"allow":["GET"]}}],"collection":[{"href":"https:\/\/www.area-press.eu\/comunicatistampa\/wp-json\/wp\/v2\/posts"}],"about":[{"href":"https:\/\/www.area-press.eu\/comunicatistampa\/wp-json\/wp\/v2\/types\/post"}],"author":[{"embeddable":true,"href":"https:\/\/www.area-press.eu\/comunicatistampa\/wp-json\/wp\/v2\/users\/15"}],"replies":[{"embeddable":true,"href":"https:\/\/www.area-press.eu\/comunicatistampa\/wp-json\/wp\/v2\/comments?post=6719"}],"version-history":[{"count":1,"href":"https:\/\/www.area-press.eu\/comunicatistampa\/wp-json\/wp\/v2\/posts\/6719\/revisions"}],"predecessor-version":[{"id":6720,"href":"https:\/\/www.area-press.eu\/comunicatistampa\/wp-json\/wp\/v2\/posts\/6719\/revisions\/6720"}],"wp:attachment":[{"href":"https:\/\/www.area-press.eu\/comunicatistampa\/wp-json\/wp\/v2\/media?parent=6719"}],"wp:term":[{"taxonomy":"category","embeddable":true,"href":"https:\/\/www.area-press.eu\/comunicatistampa\/wp-json\/wp\/v2\/categories?post=6719"},{"taxonomy":"post_tag","embeddable":true,"href":"https:\/\/www.area-press.eu\/comunicatistampa\/wp-json\/wp\/v2\/tags?post=6719"}],"curies":[{"name":"wp","href":"https:\/\/api.w.org\/{rel}","templated":true}]}}