{"id":6692,"date":"2016-02-23T17:29:34","date_gmt":"2016-02-23T16:29:34","guid":{"rendered":"http:\/\/www.area-press.eu\/comunicatistampa\/?p=6692"},"modified":"2016-02-23T17:29:34","modified_gmt":"2016-02-23T16:29:34","slug":"silver-esco-tutti-i-giorni","status":"publish","type":"post","link":"https:\/\/www.area-press.eu\/comunicatistampa\/2016\/02\/23\/silver-esco-tutti-i-giorni\/","title":{"rendered":"Silver &#8211; Esco Tutti i Giorni"},"content":{"rendered":"<p>Esco tutti i giorni\u00a0 \u00e8 il nuovo singolo di Silver che annuncia l\u2019album in uscita ad aprile 2016.<br \/>\nScritto anch\u2019esso da Silver, con la collaborazione di Paolo Battaglino (Se mi freghi un respiro, Tre gocce, Questo amore), mantiene la nuova linea artistica inaugurata da Questo Amore, in un connubio di idee e sonorit\u00e0 sospese tra contemporaneit\u00e0 e suggestioni pi\u00f9 tradizionali, derivanti dal background musicale dell\u2019artista.<br \/>\nIl brano racconta un altro aspetto dell\u2019amore, la separazione o l\u2019abbandono nel suo vissuto quotidiano. Il raggiungimento di quella apparentemente agognata libert\u00e0, che per\u00f2 alla fine, quasi con sorpresa, si rivela non essere realmente desiderata, nonostante gli autoinganni e i convincimenti messi in atto per sollevare l\u2019animo dalla delusione. Il tutto sempre con la leggerezza che contraddistingue Silver e, soprattutto, con molta ironia ed autoironia.<br \/>\nUna giocosit\u00e0 amplificata ulteriormente nello stesso videoclip, girato a Cento (Fe) nel Giardino del Gigante \u2013 riprese Marco Dardari, regia Francesco Dardari (Dardari Multimedia) \u2013 sotto una imprevista pioggia che ha reso il lavoro sul set particolarmente divertente ed animato, per quanto difficoltoso, come attesta la scena della caduta di Silver,\u00a0 che si \u00e8 voluta mantenere di proposito nel montaggio finale.<br \/>\nIl\u00a0 brano\u00a0 sar\u00e0 presentato in anteprima all\u2019apertura della prestigiosa manifestazione Cento Carnevale D\u2019Europa il 31 gennaio, manifestazione che in questa edizione torner\u00e0 finalmente, dopo anni dal terremoto, nel centro storico della citt\u00e0.<\/p>\n<p>Info<\/p>\n<p>Il Giardino del Gigante \u00e8 un parco artistico situato a Cento, in via Respighi, creato dall\u2019artista Marco Pellizzola. Il giardino nasce da: \u201cC\u2019era una volta\u2026\u201d al futuro\u201d, ispirato da una favola (\u201cLa Favola del Giardino del Gigante\u201d)\u00a0 scritta dalla sua bambina all\u2019et\u00e0 di 9 anni.<br \/>\nLe sculture vivibili a misura d\u2019uomo sono realizzate in mosaico ceramico dalle forti valenze pittoriche e luministiche ed evocano un mondo fiabesco, colorato, che dialoga con la natura\u00a0 creando un oasi fantastica all\u2019interno dell\u2019attuale contesto urbano. Si tratta di un\u2019opera d\u2019arte ambientale, che trae diretta ispirazione stilistica dalle panchine progettate da Antoni Gaud\u00ec nel Parco G\u00fcell a Barcellona, nei primi due decenni del Novecento.<\/p>\n<p><a href=\"https:\/\/www.youtube.com\/watch?v=Ex7HZ3D_CbA\">https:\/\/www.youtube.com\/watch?v=Ex7HZ3D_CbA<\/a><\/p>\n","protected":false},"excerpt":{"rendered":"<p>Esco tutti i giorni\u00a0 \u00e8 il nuovo singolo di Silver che annuncia l\u2019album in uscita ad aprile 2016. Scritto anch\u2019esso da Silver, con la collaborazione di Paolo Battaglino (Se mi freghi un respiro, Tre gocce, Questo amore), mantiene la nuova linea artistica inaugurata da Questo Amore, in un connubio di idee e sonorit\u00e0 sospese tra [&hellip;]<\/p>\n","protected":false},"author":2261,"featured_media":0,"comment_status":"open","ping_status":"open","sticky":false,"template":"","format":"standard","meta":{"footnotes":""},"categories":[29],"tags":[25,1621,721,3583],"class_list":["post-6692","post","type-post","status-publish","format-standard","hentry","category-comunicati","tag-arte","tag-eventi","tag-musica","tag-video"],"_links":{"self":[{"href":"https:\/\/www.area-press.eu\/comunicatistampa\/wp-json\/wp\/v2\/posts\/6692","targetHints":{"allow":["GET"]}}],"collection":[{"href":"https:\/\/www.area-press.eu\/comunicatistampa\/wp-json\/wp\/v2\/posts"}],"about":[{"href":"https:\/\/www.area-press.eu\/comunicatistampa\/wp-json\/wp\/v2\/types\/post"}],"author":[{"embeddable":true,"href":"https:\/\/www.area-press.eu\/comunicatistampa\/wp-json\/wp\/v2\/users\/2261"}],"replies":[{"embeddable":true,"href":"https:\/\/www.area-press.eu\/comunicatistampa\/wp-json\/wp\/v2\/comments?post=6692"}],"version-history":[{"count":1,"href":"https:\/\/www.area-press.eu\/comunicatistampa\/wp-json\/wp\/v2\/posts\/6692\/revisions"}],"predecessor-version":[{"id":6693,"href":"https:\/\/www.area-press.eu\/comunicatistampa\/wp-json\/wp\/v2\/posts\/6692\/revisions\/6693"}],"wp:attachment":[{"href":"https:\/\/www.area-press.eu\/comunicatistampa\/wp-json\/wp\/v2\/media?parent=6692"}],"wp:term":[{"taxonomy":"category","embeddable":true,"href":"https:\/\/www.area-press.eu\/comunicatistampa\/wp-json\/wp\/v2\/categories?post=6692"},{"taxonomy":"post_tag","embeddable":true,"href":"https:\/\/www.area-press.eu\/comunicatistampa\/wp-json\/wp\/v2\/tags?post=6692"}],"curies":[{"name":"wp","href":"https:\/\/api.w.org\/{rel}","templated":true}]}}