{"id":6669,"date":"2016-02-23T13:15:27","date_gmt":"2016-02-23T12:15:27","guid":{"rendered":"http:\/\/www.area-press.eu\/comunicatistampa\/?p=6669"},"modified":"2016-02-23T13:15:27","modified_gmt":"2016-02-23T12:15:27","slug":"acsi-ciclismo-sfodera-zero-wind-show-un-nuovo-modo-di-vivere-la-bicicletta","status":"publish","type":"post","link":"https:\/\/www.area-press.eu\/comunicatistampa\/2016\/02\/23\/acsi-ciclismo-sfodera-zero-wind-show-un-nuovo-modo-di-vivere-la-bicicletta\/","title":{"rendered":"ACSI CICLISMO \u201cSFODERA\u201d ZERO WIND SHOW, UN NUOVO MODO DI VIVERE LA BICICLETTA"},"content":{"rendered":"<p>ACSI Ciclismo \u201ccoprir\u00e0\u201d tutte le manifestazioni del circuito<\/p>\n<p>Tra poco meno di un mese si partir\u00e0 con la GF Davide Cassani del 28 marzo<\/p>\n<p>Per partecipare al challenge baster\u00e0 iscriversi alle singole competizioni<\/p>\n<p>Otto appuntamenti da non perdere fra gli scenari pi\u00f9 suggestivi d\u2019Italia<\/p>\n<p>&nbsp;<\/p>\n<p>&nbsp;<\/p>\n<p>Indomabile ACSI Ciclismo, nuovamente in sella con un nuovo circuito nel quale porr\u00e0 sotto la propria egida alcune delle pi\u00f9 celebri granfondo cicloamatoriali del nord Italia. Si tratta di Zero Wind Show, un nuovo format anti-stress, atto a sdoganare il mito delle competizioni per gli amanti del pedale riservate unicamente agli agonisti pi\u00f9 ardimentosi. Saranno valorizzate le particolarit\u00e0 e le bellezze paesaggistiche italiane, lungo un chilometraggio totale che arriver\u00e0 a toccare i 1000 km e i 16000 metri di dislivello, dagli Appennini al mare, dalle montagne al Lago di Garda, fra le magnifiche citt\u00e0 d\u2019arte che il nostro paese \u00e8 in grado di offrire.<\/p>\n<p>Nessun tipo di pressione anche per quanto riguarda le registrazioni al circuito, non ci sar\u00e0 alcun abbonamento, baster\u00e0 iscriversi alle singole gare per parteciparvi.<\/p>\n<p>E tu che colore sei? Recita uno slogan della manifestazione. Infatti, le classifiche conclusive concederanno un riconoscimento \u201cBronze\u201d a chi avr\u00e0 completato almeno cinque prove del circuito, \u201cSilver\u201d a chi avr\u00e0 portato a termine sei gare, \u201cGold\u201d per sette tappe e \u201cPlatinum\u201d a chi avr\u00e0 concluso tutti e otto gli appuntamenti. Le cinque migliori societ\u00e0 saranno determinate dalla somma di tutti i \u201cfinishers\u201d di ogni team, a condizione che gli atleti abbiano concluso almeno cinque delle otto prove.<\/p>\n<p>Manca poco meno di un mese al via della prima competizione del circuito, che porta il nome del commissario tecnico della nazionale italiana maschile di ciclismo su strada: la societ\u00e0 organizzatrice per la Gran Fondo Davide Cassani del 28 marzo proporr\u00e0 due percorsi con partenza dalla ridente cittadina di Faenza, nel Ravennate. Anche qui i colori saranno i protagonisti, con le griglie suddivise in \u201crossa\u201d per gli invitati, \u201cverde\u201d, \u201cgialla\u201d e \u201cbianca\u201d.<\/p>\n<p>La proposta sportiva di ACSI si fa ancor pi\u00f9 allettante con le otto spettacolari manifestazioni di Zero Wind Show, alla scoperta degli squarci naturalistici pi\u00f9 suggestivi d\u2019Italia, pedalando in compagnia e in assoluto relax. Concluso l\u2019appuntamento faentino, si andr\u00e0 ad affrontare la Granfondo Selle Italia di Cervia, cos\u00ec commentata dal responsabile nazionale di ACSI Ciclismo Emiliano Borgna: \u201cTre giorni di puro divertimento, celebrati venerd\u00ec in occasione dei festeggiamenti per il ventennale della gara; non posso che invitare tutti i cicloamatori a godere assieme a noi di questo prestigioso anniversario\u201d.<\/p>\n<p>Terzo appuntamento sar\u00e0 la Granfondo Liotto, fra la storia e la cultura della citt\u00e0 di Vicenza ed il paesaggio circostante fatto di strutture architettoniche classico-romane, ville palladiane e i Colli Berici.<\/p>\n<p>Si proseguir\u00e0 spediti con il Colnago Cycling Festival alla riscoperta del magnifico Lago di Garda, cui faranno seguito la Granfondo degli Squali e la 3 Epic Cycling Road fra le leggendarie Tre Cime di Lavaredo, sino ad arrivare ad altri spettacolari scenari dolomitici, quelli di Fiemme e Fassa in Trentino con l\u2019ambita Marcialonga Cycling Craft, giunta a celebrare la decima edizione. La Granfondo Citt\u00e0 di Padova, in un mese \u201ccaldo\u201d per quanto riguarda il circuito, sar\u00e0 chiamata a chiudere i contest su due ruote.<\/p>\n<p>ACSI Ciclismo garantisce un\u2019ottima politica organizzativa, curando in particolar modo gli ambiti legati alla sicurezza dei tracciati, alla salute dei corridori e alle iniziative che fanno da cornice a proposte cos\u00ec allettanti. Tutte le manifestazioni saranno valide per il Campionato Nazionale ACSI Ciclismo.<\/p>\n<p>Info: <a href=\"http:\/\/www.zerowindshow.com\/\">www.zerowindshow.com<\/a><\/p>\n<p>&nbsp;<\/p>\n<p>&nbsp;<\/p>\n<p><strong>Calendario Zero Wind Show 2016<\/strong><\/p>\n<p>&nbsp;<\/p>\n<p>GRAN FONDO DAVIDE CASSANI &#8211; 28 marzo 2016<\/p>\n<p>GRANFONDO SELLE ITALIA &#8211; 3 aprile 2016<\/p>\n<p>GRANFONDO LIOTTO &#8211; 10 aprile 2016<\/p>\n<p>COLNAGO CYCLING FESTIVAL &#8211; 8 maggio 2016<\/p>\n<p>GRANFONDO DEGLI SQUALI &#8211; 15 maggio 2016<\/p>\n<p>3 EPIC CYCLING ROAD &#8211; 4 giugno 2016<\/p>\n<p>MARCIALONGA CYCLING CRAFT &#8211; 12 giugno 2016<\/p>\n<p>GRANFONDO CITTA&#8217; DI PADOVA &#8211; 26 giugno 2016<\/p>\n","protected":false},"excerpt":{"rendered":"<p>ACSI Ciclismo \u201ccoprir\u00e0\u201d tutte le manifestazioni del circuito Tra poco meno di un mese si partir\u00e0 con la GF Davide Cassani del 28 marzo Per partecipare al challenge baster\u00e0 iscriversi alle singole competizioni Otto appuntamenti da non perdere fra gli scenari pi\u00f9 suggestivi d\u2019Italia &nbsp; &nbsp; Indomabile ACSI Ciclismo, nuovamente in sella con un nuovo [&hellip;]<\/p>\n","protected":false},"author":15,"featured_media":0,"comment_status":"open","ping_status":"open","sticky":false,"template":"","format":"standard","meta":{"footnotes":""},"categories":[15],"tags":[],"class_list":["post-6669","post","type-post","status-publish","format-standard","hentry","category-sport"],"_links":{"self":[{"href":"https:\/\/www.area-press.eu\/comunicatistampa\/wp-json\/wp\/v2\/posts\/6669","targetHints":{"allow":["GET"]}}],"collection":[{"href":"https:\/\/www.area-press.eu\/comunicatistampa\/wp-json\/wp\/v2\/posts"}],"about":[{"href":"https:\/\/www.area-press.eu\/comunicatistampa\/wp-json\/wp\/v2\/types\/post"}],"author":[{"embeddable":true,"href":"https:\/\/www.area-press.eu\/comunicatistampa\/wp-json\/wp\/v2\/users\/15"}],"replies":[{"embeddable":true,"href":"https:\/\/www.area-press.eu\/comunicatistampa\/wp-json\/wp\/v2\/comments?post=6669"}],"version-history":[{"count":1,"href":"https:\/\/www.area-press.eu\/comunicatistampa\/wp-json\/wp\/v2\/posts\/6669\/revisions"}],"predecessor-version":[{"id":6673,"href":"https:\/\/www.area-press.eu\/comunicatistampa\/wp-json\/wp\/v2\/posts\/6669\/revisions\/6673"}],"wp:attachment":[{"href":"https:\/\/www.area-press.eu\/comunicatistampa\/wp-json\/wp\/v2\/media?parent=6669"}],"wp:term":[{"taxonomy":"category","embeddable":true,"href":"https:\/\/www.area-press.eu\/comunicatistampa\/wp-json\/wp\/v2\/categories?post=6669"},{"taxonomy":"post_tag","embeddable":true,"href":"https:\/\/www.area-press.eu\/comunicatistampa\/wp-json\/wp\/v2\/tags?post=6669"}],"curies":[{"name":"wp","href":"https:\/\/api.w.org\/{rel}","templated":true}]}}