{"id":66543,"date":"2022-03-25T14:59:14","date_gmt":"2022-03-25T13:59:14","guid":{"rendered":"https:\/\/www.area-press.eu\/comunicatistampa\/?p=66543"},"modified":"2022-05-31T17:47:21","modified_gmt":"2022-05-31T15:47:21","slug":"fernando-conte-mery","status":"publish","type":"post","link":"https:\/\/www.area-press.eu\/comunicatistampa\/2022\/03\/25\/fernando-conte-mery\/","title":{"rendered":"Fernando Conte, Mery"},"content":{"rendered":"<p style=\"text-align: center\">fuori il dirompente singolo dell\u2019artista<\/p>\n<p><img loading=\"lazy\" decoding=\"async\" class=\"aligncenter\" src=\"https:\/\/www.joyfreepress.com\/wp-content\/uploads\/2022\/03\/Cover-Fernando-Conte-Mery.jpg\" width=\"420\" height=\"420\" \/><\/p>\n<p>Un brano dirompente che rompe ogni schema del bon-ton e del politically correct, creato con l\u2019unico scopo di puntare i riflettori su dinamiche alle volte grottesche. \u201cMery\u201d, questo \u00e8 il titolo del singolo, si potrebbe definire impegnativo, sia per testo, che per musica. Sulle note di un genere elettro- swing , musicalmente frutto di studio e ricerca, si apre un testo singolare, che va letto in chiave assolutamente ironica e metaforica. Un arrangiamento iniziale, in bianco e nero, che richiama un momento di balli festosi, rotto dall\u2019incalzare delle forti tinte del testo, ricco di parole apparentemente al vetriolo: una donna ben vestita e dal bell\u2019aspetto ha sicuramente pi\u00f9 possibilit\u00e0 di essere ascoltata rispetto a chi appare pi\u00f9 sciatto e trasandato. Un certo appello al motto \u201cl\u2019abito non fa il monaco\u201d, come partenza ilare e leggera, per parlare di un tema sentito e sofferto, oggi come ieri: la meritocrazia . \u00abLa Mery dov\u2019\u00e8?\u00bb recita il ritornello, indicando con il nome \u201cMery\u201d quel sistema meritocratico che non sempre premia giovani e meno giovani.<\/p>\n<p>Studi e competenze non sono sempre sufficienti per raggiungere le meritate soddisfazioni. Capita che curriculum privi di competenze scavalchino i meritevoli, sol perch\u00e9 dotati di un biglietto da visita \u201cben referenziato\u201d. Il brano urla la rabbia di chi vuole lavorare al meglio, senza scendere a compromessi. Inoltre, il testo di \u201cMery\u201d cerca di dare voce, strappando un mortificato sorriso, a tutti i giovani costretti a lasciare il proprio Paese. Un brano complesso, che ha necessitato di nove mesi di tempo per essere prodotto. Una voce fuori dal coro, che vuole essere l\u2019eco del coro stesso: non bisogna mollare mai!<\/p>\n<p>Un grido di rivoluzione che ha portato via il sonno alle notti, disturbate dal gelo delle ingiustizie che la vita riserva. Perch\u00e9 la creativit\u00e0 \u00e8 cos\u00ec: pu\u00f2 partire da un malessere, da un ricordo improvviso. Cos\u00ec \u00e8 stato per \u201cMery\u201d. Un pensiero su ingiustizie subite in passato ha fatto riemergere il ricordo tetro del momento vissuto: un podio perso per mancanza di senso di meritocrazia. C\u2019era chi doveva occuparlo quel podio!<br \/>\nLa rabbia, lo sdegno e la voglia di rivalsa hanno trasformato la chitarra nell\u2019estensione del pensiero. Ed ecco, \u00e8 nata \u201cMery\u201d \u00abche se n\u2019\u00e8 andata e forse ritorner\u00e0\u00bb. Il testo \u00e8 forte, ma vuole essere solo ed esclusivamente una metafora della vita, ogni riferimento a situazioni e cose, cos\u00ec come si dice, \u00e8 puramente casuale e creato per scandalizzare a tal punto da far riflettere. Il brano ha un nome di donna, Mery, scelta non casuale. Le donne hanno una maggiore imparzialit\u00e0 di giudizio e sono difficilmente abbindolabili. Socialmente \u00absuper partes\u00bb a dirla breve, maggiormente capaci di andare oltre a qualunque tipo di compromesso, al contrario dei colleghi uomini, alle volte pi\u00f9 facilmente condizionabili.<\/p>\n<p>Instagram:<br \/>\n<a href=\"https:\/\/www.instagram.com\/conte7673\/\">https:\/\/www.instagram.com\/conte7673\/ \u2028<\/a><br \/>\nFacebook:<br \/>\n<a href=\"https:\/\/www.facebook.com\/conte.fernando\">https:\/\/www.facebook.com\/conte.fernando \u2028\u2028<\/a><\/p>\n<p>(P)2022 SONOS MUSIC RECORDS (Maffucci Music) under direct License by the Artist<br \/>\n\u00a92022 Mery (Fernando Conte) &#8211; Edizioni Musicali MAFFUCCI MUSIC<\/p>\n","protected":false},"excerpt":{"rendered":"<p>fuori il dirompente singolo dell\u2019artista Un brano dirompente che rompe ogni schema del bon-ton e del politically correct, creato con l\u2019unico scopo di puntare i riflettori su dinamiche alle volte grottesche. \u201cMery\u201d, questo \u00e8 il titolo del singolo, si potrebbe definire impegnativo, sia per testo, che per musica. Sulle note di un genere elettro- swing [&hellip;]<\/p>\n","protected":false},"author":331,"featured_media":0,"comment_status":"open","ping_status":"open","sticky":false,"template":"","format":"standard","meta":{"footnotes":""},"categories":[12],"tags":[32025,32026,2365],"class_list":["post-66543","post","type-post","status-publish","format-standard","hentry","category-musica","tag-fernando-conte","tag-mery","tag-singolo"],"_links":{"self":[{"href":"https:\/\/www.area-press.eu\/comunicatistampa\/wp-json\/wp\/v2\/posts\/66543","targetHints":{"allow":["GET"]}}],"collection":[{"href":"https:\/\/www.area-press.eu\/comunicatistampa\/wp-json\/wp\/v2\/posts"}],"about":[{"href":"https:\/\/www.area-press.eu\/comunicatistampa\/wp-json\/wp\/v2\/types\/post"}],"author":[{"embeddable":true,"href":"https:\/\/www.area-press.eu\/comunicatistampa\/wp-json\/wp\/v2\/users\/331"}],"replies":[{"embeddable":true,"href":"https:\/\/www.area-press.eu\/comunicatistampa\/wp-json\/wp\/v2\/comments?post=66543"}],"version-history":[{"count":1,"href":"https:\/\/www.area-press.eu\/comunicatistampa\/wp-json\/wp\/v2\/posts\/66543\/revisions"}],"predecessor-version":[{"id":66544,"href":"https:\/\/www.area-press.eu\/comunicatistampa\/wp-json\/wp\/v2\/posts\/66543\/revisions\/66544"}],"wp:attachment":[{"href":"https:\/\/www.area-press.eu\/comunicatistampa\/wp-json\/wp\/v2\/media?parent=66543"}],"wp:term":[{"taxonomy":"category","embeddable":true,"href":"https:\/\/www.area-press.eu\/comunicatistampa\/wp-json\/wp\/v2\/categories?post=66543"},{"taxonomy":"post_tag","embeddable":true,"href":"https:\/\/www.area-press.eu\/comunicatistampa\/wp-json\/wp\/v2\/tags?post=66543"}],"curies":[{"name":"wp","href":"https:\/\/api.w.org\/{rel}","templated":true}]}}