{"id":66341,"date":"2022-03-18T15:40:11","date_gmt":"2022-03-18T14:40:11","guid":{"rendered":"https:\/\/www.area-press.eu\/comunicatistampa\/?p=66341"},"modified":"2022-05-31T17:39:47","modified_gmt":"2022-05-31T15:39:47","slug":"fabrizio-fersino-gira-la-giostra","status":"publish","type":"post","link":"https:\/\/www.area-press.eu\/comunicatistampa\/2022\/03\/18\/fabrizio-fersino-gira-la-giostra\/","title":{"rendered":"Fabrizio Fersino , Gira la Giostra"},"content":{"rendered":"<p style=\"text-align: center\"><strong>il singolo dal ritmo incalzante ed allegro<\/strong><\/p>\n<p><img loading=\"lazy\" decoding=\"async\" class=\"aligncenter\" src=\"https:\/\/www.joyfreepress.com\/wp-content\/uploads\/2022\/03\/Cover-Fabrizio-Fersino-.jpg\" width=\"364\" height=\"364\" \/><\/p>\n<p>Fabrizio Fersino \u00e8 un cantautore pop del Salento che dopo varie esperienze giovanili, con la maturit\u00e0 \u00e8 approdato ad un approccio professionale con la voce iniziando a studiare con la rinomata Vocal Coach Cinzia Corrado, vincitrice di Sanremo Giovani 1985 ed artista con una solida preparazione classica di conservatorio e di canto moderno. Fabrizio ha maturato da questo percorso un approccio sempre pi\u00f9 interiore con la musica che lo ha portato a cimentarsi anche con la composizione e con la scrittura dei testo, focalizzando la sua ricerca di contenuti sull&#8217;esplorazione degli stati d&#8217;animo e degli ostacoli sociali e culturali che impediscono alle persone di essere pienamente liberi per affermare la propria individualit\u00e0.<\/p>\n<p>Le motivazioni che hanno ispirato questo suo nuovo brano, che presenta un videoclip dal forte messaggio sociale anche a livello di messaggio nelle immagini, ce le spiega direttamente l&#8217;Artista: \u201cGira la Giostra \u00e8 un brano POP dal ritmo incalzante ed allegro. Poche semplici frasi, un gioco di metafore e parole ripetute, da cui scaturisce un forte incitamento a vivere la propria esistenza senza paura, n\u00e9 vergogna di ci\u00f2 che si \u00e8! Rivolto a quelle persone emarginate o dal carattere fragile e insicuro; capita spesso e a molti individui di essere presi di mira o sentirsi inadeguati, magari per un difetto fisico, per scelte di vita controcorrente o piuttosto per il proprio indirizzo sessuale\u201d.<\/p>\n<p>Con gli arrangiamenti del M\u00b0 Ermanno Corrado, \u201cGira la giostra\u201d si candida ad essere un brano simbolo per tutti gli emarginati dalle convenzioni sociali.<\/p>\n<p>Facebook:<br \/>\n<a href=\"https:\/\/www.facebook.com\/fabriziofersino.voice\">https:\/\/www.facebook.com\/fabriziofersino.voice\u2028<\/a><br \/>\nInstagram:<br \/>\n<a href=\"https:\/\/www.instagram.com\/fabriziofersino\/\">https:\/\/www.instagram.com\/fabriziofersino\/<\/a><\/p>\n<p>&nbsp;<\/p>\n","protected":false},"excerpt":{"rendered":"<p>il singolo dal ritmo incalzante ed allegro Fabrizio Fersino \u00e8 un cantautore pop del Salento che dopo varie esperienze giovanili, con la maturit\u00e0 \u00e8 approdato ad un approccio professionale con la voce iniziando a studiare con la rinomata Vocal Coach Cinzia Corrado, vincitrice di Sanremo Giovani 1985 ed artista con una solida preparazione classica di [&hellip;]<\/p>\n","protected":false},"author":331,"featured_media":0,"comment_status":"open","ping_status":"open","sticky":false,"template":"","format":"standard","meta":{"footnotes":""},"categories":[12],"tags":[31968,31969,2365],"class_list":["post-66341","post","type-post","status-publish","format-standard","hentry","category-musica","tag-fersino","tag-gira-la-giostra","tag-singolo"],"_links":{"self":[{"href":"https:\/\/www.area-press.eu\/comunicatistampa\/wp-json\/wp\/v2\/posts\/66341","targetHints":{"allow":["GET"]}}],"collection":[{"href":"https:\/\/www.area-press.eu\/comunicatistampa\/wp-json\/wp\/v2\/posts"}],"about":[{"href":"https:\/\/www.area-press.eu\/comunicatistampa\/wp-json\/wp\/v2\/types\/post"}],"author":[{"embeddable":true,"href":"https:\/\/www.area-press.eu\/comunicatistampa\/wp-json\/wp\/v2\/users\/331"}],"replies":[{"embeddable":true,"href":"https:\/\/www.area-press.eu\/comunicatistampa\/wp-json\/wp\/v2\/comments?post=66341"}],"version-history":[{"count":1,"href":"https:\/\/www.area-press.eu\/comunicatistampa\/wp-json\/wp\/v2\/posts\/66341\/revisions"}],"predecessor-version":[{"id":66342,"href":"https:\/\/www.area-press.eu\/comunicatistampa\/wp-json\/wp\/v2\/posts\/66341\/revisions\/66342"}],"wp:attachment":[{"href":"https:\/\/www.area-press.eu\/comunicatistampa\/wp-json\/wp\/v2\/media?parent=66341"}],"wp:term":[{"taxonomy":"category","embeddable":true,"href":"https:\/\/www.area-press.eu\/comunicatistampa\/wp-json\/wp\/v2\/categories?post=66341"},{"taxonomy":"post_tag","embeddable":true,"href":"https:\/\/www.area-press.eu\/comunicatistampa\/wp-json\/wp\/v2\/tags?post=66341"}],"curies":[{"name":"wp","href":"https:\/\/api.w.org\/{rel}","templated":true}]}}