{"id":66240,"date":"2022-03-19T00:22:42","date_gmt":"2022-03-18T23:22:42","guid":{"rendered":"https:\/\/www.area-press.eu\/comunicatistampa\/?p=66240"},"modified":"2022-03-19T00:22:42","modified_gmt":"2022-03-18T23:22:42","slug":"gianni-lettieri-sanzioni-alla-russia-un-problema-per-molte-aziende-ma-decisione-giusta","status":"publish","type":"post","link":"https:\/\/www.area-press.eu\/comunicatistampa\/2022\/03\/19\/gianni-lettieri-sanzioni-alla-russia-un-problema-per-molte-aziende-ma-decisione-giusta\/","title":{"rendered":"Gianni Lettieri: \u201cSanzioni alla Russia un problema per molte aziende, ma decisione giusta\u201d"},"content":{"rendered":"<p><em><strong>Dal conflitto scoppiato in Ucraina al recente addio a Confindustria Napoli: le parole del Presidente di Atitech <a href=\"https:\/\/www.youtube.com\/watch?v=DpIoMyt9CPE\" title=\"Gianni Lettieri: l'intervista di &quot;Televomero&quot;\">Gianni Lettieri<\/a>, intervistato lo scorso 2 marzo su &quot;Televomero&quot;.<\/strong><\/em><\/p>\n<p><a href=\"https:\/\/www.youtube.com\/watch?v=DpIoMyt9CPE\" title=\"Gianni Lettieri: l'intervista - YouTube\"><img loading=\"lazy\" decoding=\"async\" alt=\"Gianni Lettieri\" height=\"120\" src=\"https:\/\/www.giannilettieri.it\/wp-content\/uploads\/2020\/08\/gianni-lettieri-7.jpg\" width=\"80\" \/><\/a><\/p>\n<h2>Gianni Lettieri: con sanzioni ripercussioni economiche ma rischio pi\u00f9 grave \u00e8 per il popolo ucraino<\/h2>\n<p>Dopo la crisi causata dalla pandemia, per numerose aziende italiane la guerra in corso in Ucraina rischia di rallentare significativamente la ripresa. Sul tema \u00e8 intervenuto il Patron di Atitech <strong>Gianni Lettieri<\/strong> in un&#8217;intervista andata in onda nel corso dell&#8217;edizione del 2 marzo di &quot;Televomero Notizie&quot;. L&#8217;imprenditore ha condannato il conflitto definendolo <em>&quot;un&#8217;operazione inconcepibile&quot;<\/em>: <em>&quot;\u00e8 come se fossimo tornati indietro di 50 anni<\/em> &#8211; ha dichiarato &#8211; <em>qualsiasi possano essere le ragioni di Putin, diplomazia e politica sono la soluzione, sicuramente non la guerra e le armi&quot;<\/em>. Per il Presidente della MRO di Capodichino le sanzioni economiche contro la Russia sono giuste e inevitabili, nonostante le ripercussioni economiche: <em>&quot;per le imprese che hanno a che fare con il mercato russo \u00e8 un problema serio, noi abbiamo avuto la prima dopo due ore dall&#8217;inizio delle sanzioni. I problemi ci saranno, soprattutto nel settore del turismo, ma quello pi\u00f9 grave<\/em> &#8211; sottolinea <strong>Gianni Lettieri<\/strong> &#8211; <em>riguarda purtroppo il popolo ucraino&quot;<\/em>. <\/p>\n<h2>Gianni Lettieri: &quot;Confindustria Napoli? Rischia di diventare club per pochi&quot;<\/h2>\n<p>Nonostante il periodo storico particolarmente complesso, Atitech non \u00e8 rimasta con le mani in mano. Oltre a offrire supporto ai propri dipendenti con iniziative di welfare aziendale e la costituzione di un fondo dedicato, l&#8217;azienda di <a href=\"https:\/\/www.youtube.com\/watch?v=DpIoMyt9CPE\" title=\"Gianni Lettieri intervistato su &quot;Televomero&quot;\">Gianni Lettieri<\/a> ha continuato a portare avanti diverse iniziative solidali sul territorio napoletano. Uno degli hangar di Capodichino \u00e8 stato addirittura trasformato nell&#8217;Hub vaccinale pi\u00f9 grande del Mezzogiorno durante il momento clou della campagna. In questi anni l&#8217;azienda non ha fermato la sua espansione, prima con l&#8217;acquisizione di Seas e oggi con l&#8217;avvio delle trattative sul ramo maintenance di Alitalia. Nella fase conclusiva dell&#8217;intervista spazio anche alla crisi dell&#8217;Unione degli industriali di Napoli e alla sua scelta di abbandonare: <em>&quot;Confindustria Napoli una volta era punto di riferimento per tutto il Mezzogiorno, oggi non \u00e8 pi\u00f9 cos\u00ec<\/em> &#8211; ha commentato <strong>Gianni Lettieri<\/strong> -. <em>L&#8217;obiettivo principale dovrebbe essere quello di curare gli interessi di tutte le aziende, non solo quelli di pochi associati. Se chi dice una cosa diversa viene buttato fuori, quella non \u00e8 pi\u00f9 Confindustria, ma rischia di diventare un&#8217;altra cosa, un club esclusivo&quot;<\/em>.<\/p>\n","protected":false},"excerpt":{"rendered":"<p>Dal conflitto scoppiato in Ucraina al recente addio a Confindustria Napoli: le parole del Presidente di Atitech Gianni Lettieri, intervistato lo scorso 2 marzo su &quot;Televomero&quot;. Gianni Lettieri: con sanzioni ripercussioni economiche ma rischio pi\u00f9 grave \u00e8 per il popolo ucraino Dopo la crisi causata dalla pandemia, per numerose aziende italiane la guerra in corso [&hellip;]<\/p>\n","protected":false},"author":6664,"featured_media":0,"comment_status":"open","ping_status":"open","sticky":false,"template":"","format":"standard","meta":{"footnotes":""},"categories":[7],"tags":[28443],"class_list":["post-66240","post","type-post","status-publish","format-standard","hentry","category-economia-e-finanza","tag-gianni-lettieri"],"_links":{"self":[{"href":"https:\/\/www.area-press.eu\/comunicatistampa\/wp-json\/wp\/v2\/posts\/66240","targetHints":{"allow":["GET"]}}],"collection":[{"href":"https:\/\/www.area-press.eu\/comunicatistampa\/wp-json\/wp\/v2\/posts"}],"about":[{"href":"https:\/\/www.area-press.eu\/comunicatistampa\/wp-json\/wp\/v2\/types\/post"}],"author":[{"embeddable":true,"href":"https:\/\/www.area-press.eu\/comunicatistampa\/wp-json\/wp\/v2\/users\/6664"}],"replies":[{"embeddable":true,"href":"https:\/\/www.area-press.eu\/comunicatistampa\/wp-json\/wp\/v2\/comments?post=66240"}],"version-history":[{"count":1,"href":"https:\/\/www.area-press.eu\/comunicatistampa\/wp-json\/wp\/v2\/posts\/66240\/revisions"}],"predecessor-version":[{"id":66243,"href":"https:\/\/www.area-press.eu\/comunicatistampa\/wp-json\/wp\/v2\/posts\/66240\/revisions\/66243"}],"wp:attachment":[{"href":"https:\/\/www.area-press.eu\/comunicatistampa\/wp-json\/wp\/v2\/media?parent=66240"}],"wp:term":[{"taxonomy":"category","embeddable":true,"href":"https:\/\/www.area-press.eu\/comunicatistampa\/wp-json\/wp\/v2\/categories?post=66240"},{"taxonomy":"post_tag","embeddable":true,"href":"https:\/\/www.area-press.eu\/comunicatistampa\/wp-json\/wp\/v2\/tags?post=66240"}],"curies":[{"name":"wp","href":"https:\/\/api.w.org\/{rel}","templated":true}]}}