{"id":66151,"date":"2022-03-10T19:43:41","date_gmt":"2022-03-10T18:43:41","guid":{"rendered":"https:\/\/www.area-press.eu\/comunicatistampa\/?p=66151"},"modified":"2022-03-10T19:43:41","modified_gmt":"2022-03-10T18:43:41","slug":"il-percorso-professionale-di-antonio-liseno","status":"publish","type":"post","link":"https:\/\/www.area-press.eu\/comunicatistampa\/2022\/03\/10\/il-percorso-professionale-di-antonio-liseno\/","title":{"rendered":"Il percorso professionale di Antonio Liseno"},"content":{"rendered":"<p><em><strong><a title=\"Antonio Liseno: la biografia - Professionisti Italiani\" href=\"http:\/\/www.professionistiitaliani.it\/Profilo-utente\/769-Antonio-Liseno.html\">Antonio Liseno<\/a> nasce il 26 gennaio del 1967 in un paesino della Basilicata: oggi \u00e8 un imprenditore di successo, nonch\u00e9 fondatore della cooperativa Moderna Agricoltura Lavellese e di SG S.p.A.<\/strong><\/em><\/p>\n<p><a title=\"Antonio Liseno: la carriera - Professionisti Italiani\" href=\"http:\/\/www.professionistiitaliani.it\/Profilo-utente\/769-Antonio-Liseno.html\"><img loading=\"lazy\" decoding=\"async\" src=\"http:\/\/www.professionistiitaliani.it\/images\/comprofiler\/0_61fce7a40c728.jpg\" alt=\"Antonio Liseno\" width=\"120\" height=\"120\" \/><\/a><\/p>\n<h2>Antonio Liseno: la prima grande esperienza imprenditoriale<\/h2>\n<p>Originario di Lavello, in provincia di Potenza, <strong>Antonio Liseno<\/strong> avvia la sua prima attivit\u00e0 da giovanissimo. Poco dopo aver terminato gli studi presso l&#8217;Istituto Tecnico Agrario e aver ottenuto la qualifica come Perito Agrario, fonda Moderna Agricoltura Lavellese, una cooperativa specializzata nella raccolta, trasformazione e commercializzazione di prodotti ortofrutticoli. Da subito indirizzata sia sul mercato italiano che su quello estero, in breve tempo la societ\u00e0 raggiunge i 500 soci consorziati e si afferma tra le prime realt\u00e0 di produzione e distribuzione sul territorio. Con questa esperienza, <strong>Antonio Liseno<\/strong> entra in contatto con la grande distribuzione, apprendendone le dinamiche e le problematiche legate all&#8217;approvvigionamento dei prodotti freschi, e le questioni finanziarie relative al rapporto tra i piccoli imprenditori consorziati e la grande distribuzione.<\/p>\n<h2>Antonio Liseno, la maturazione professionale: la nascita di SG S.p.A.<\/h2>\n<p>Avendo maturato capacit\u00e0 imprenditoriali e abilit\u00e0 derivanti dalle numerose collaborazioni con la grande distribuzione, <a title=\"Antonio Liseno: il profilo professionale\" href=\"http:\/\/www.professionistiitaliani.it\/Profilo-utente\/769-Antonio-Liseno.html\">Antonio Liseno<\/a> \u00e8 ormai capace di cogliere quelle opportunit\u00e0 proficue che si presentano sul mercato, anche con certo anticipo rispetto ai suoi competitor. \u00c8 il 2007 quando, dopo aver captato il grande potenziale del mercato dei dispositivi mobili di telefonia, avvia il progetto SG, finalizzato alla fondazione di SG Trading, societ\u00e0 attiva nella distribuzione e commercializzazione dei prodotti elettronici di largo consumo. In seguito rinominata in SG S.p.A., \u00e8 il primo partner commerciale di Telecom e conta circa 120 addetti e oltre 3.000 agenzie convenzionate di commercializzazione e distribuzione in tutto il mondo. Attualmente \u00e8 il primo interlocutore nazionale di grandi brand di elettronica come LG, Xiaomi, Apple, Oppo e Huawei.<\/p>\n","protected":false},"excerpt":{"rendered":"<p>Antonio Liseno nasce il 26 gennaio del 1967 in un paesino della Basilicata: oggi \u00e8 un imprenditore di successo, nonch\u00e9 fondatore della cooperativa Moderna Agricoltura Lavellese e di SG S.p.A. Antonio Liseno: la prima grande esperienza imprenditoriale Originario di Lavello, in provincia di Potenza, Antonio Liseno avvia la sua prima attivit\u00e0 da giovanissimo. Poco dopo [&hellip;]<\/p>\n","protected":false},"author":40,"featured_media":0,"comment_status":"open","ping_status":"open","sticky":false,"template":"","format":"standard","meta":{"footnotes":""},"categories":[29],"tags":[31667],"class_list":["post-66151","post","type-post","status-publish","format-standard","hentry","category-comunicati","tag-antonio-liseno"],"_links":{"self":[{"href":"https:\/\/www.area-press.eu\/comunicatistampa\/wp-json\/wp\/v2\/posts\/66151","targetHints":{"allow":["GET"]}}],"collection":[{"href":"https:\/\/www.area-press.eu\/comunicatistampa\/wp-json\/wp\/v2\/posts"}],"about":[{"href":"https:\/\/www.area-press.eu\/comunicatistampa\/wp-json\/wp\/v2\/types\/post"}],"author":[{"embeddable":true,"href":"https:\/\/www.area-press.eu\/comunicatistampa\/wp-json\/wp\/v2\/users\/40"}],"replies":[{"embeddable":true,"href":"https:\/\/www.area-press.eu\/comunicatistampa\/wp-json\/wp\/v2\/comments?post=66151"}],"version-history":[{"count":1,"href":"https:\/\/www.area-press.eu\/comunicatistampa\/wp-json\/wp\/v2\/posts\/66151\/revisions"}],"predecessor-version":[{"id":66152,"href":"https:\/\/www.area-press.eu\/comunicatistampa\/wp-json\/wp\/v2\/posts\/66151\/revisions\/66152"}],"wp:attachment":[{"href":"https:\/\/www.area-press.eu\/comunicatistampa\/wp-json\/wp\/v2\/media?parent=66151"}],"wp:term":[{"taxonomy":"category","embeddable":true,"href":"https:\/\/www.area-press.eu\/comunicatistampa\/wp-json\/wp\/v2\/categories?post=66151"},{"taxonomy":"post_tag","embeddable":true,"href":"https:\/\/www.area-press.eu\/comunicatistampa\/wp-json\/wp\/v2\/tags?post=66151"}],"curies":[{"name":"wp","href":"https:\/\/api.w.org\/{rel}","templated":true}]}}