{"id":6612,"date":"2016-02-22T16:13:59","date_gmt":"2016-02-22T15:13:59","guid":{"rendered":"http:\/\/www.area-press.eu\/comunicatistampa\/?p=6612"},"modified":"2016-02-22T16:13:59","modified_gmt":"2016-02-22T15:13:59","slug":"di-centa-nella-morsa-della-forestale-mirco-bertolina-sbrana-la-gf-val-casies-in-tl","status":"publish","type":"post","link":"https:\/\/www.area-press.eu\/comunicatistampa\/2016\/02\/22\/di-centa-nella-morsa-della-forestale-mirco-bertolina-sbrana-la-gf-val-casies-in-tl\/","title":{"rendered":"DI CENTA NELLA MORSA DELLA FORESTALE, MIRCO BERTOLINA \u201cSBRANA\u201d LA GF VAL CASIES IN TL"},"content":{"rendered":"<p>Gran Fondo Val Casies oggi in tecnica libera in una vallata imbiancata nella notte<\/p>\n<p>Successi per il valtellinese Mirco Bertolina e per l\u2019ucraina Valentina Shevchenko nella 42 km<\/p>\n<p>Vittorie per il ceco Jiri Rocarek e per la veronese Debora Roncari nella 30 km<\/p>\n<p>La manifestazione altoatesina, gara di Coppa Italia, chiude con un bilancio pi\u00f9 che positivo<\/p>\n<p>&nbsp;<\/p>\n<p>&nbsp;<\/p>\n<p>\u201cMaggiore \u00e8 l\u2019ostacolo, pi\u00f9 grande sar\u00e0 la gloria nel superarlo\u201d, recita una frase di Moli\u00e8re fra le preferite del valtellinese Mirco Bertolina, vincitore della Gran Fondo Val Casies di 42 km, disputatasi oggi in tecnica libera nella vallata altoatesina. E l\u2019ostacolo dell\u2019atleta della Forestale aveva nome e cognome: il bicampione olimpico Giorgio Di Centa (1:43.13), \u201cagguantato\u201d e stretto nella morsa di Mirco Bertolina (1:42.40) con l\u2019aiuto del compagno di squadra Paolo Fanton (1:43.18), abile nello spianare la strada al collega in verde.<\/p>\n<p>Il passare del tempo resta comunque un dettaglio irrilevante per il fuoriclasse carnico ed un amore per lo sci di fondo che pare non aver fine, diciannove anni in pi\u00f9 del vincitore Bertolina, il quale festeggia capovolgendosi con le mani sulla neve e gli sci al cielo, una giornata che il valtellinese ricorder\u00e0 a lungo.<\/p>\n<p>Il risultato della 42 km al femminile ha dell\u2019incredibile, non tanto per il nome della vincitrice, la fenomenale ucraina Valentina Shevchenko, ma per le tempistiche, \u00e8 lo stesso identico minutaggio ottenuto da Natalia Zernova nella medesima competizione dello scorso anno: 1:57.25. Secondo piazzamento per Jessica M\u00fcller (1.57.38), gi\u00e0 vincitrice nella 30 km di ieri in tecnica classica.<\/p>\n<p>La manifestazione sugli sci stretti \u00e8 stata combattuta sin dalle prime fasi, pi\u00f9 lenta rispetto alla gara di ieri a causa dei circa 10 cm di neve caduti nella notte, a rendere ancor pi\u00f9 \u2018immacolato\u2019 il paesaggio circostante. I circa 1000 partenti si sono battuti strenuamente, al massimo delle proprie possibilit\u00e0, mentre i fenomeni del fondo favoriti alla vittoria finale hanno proseguito in gruppo sino a met\u00e0 gara, sino a che un \u2018distaccamento\u2019 di cinque atleti non iniziava la propria fuga sino alla salita di Santa Maddalena, ancora una volta passaggio decisivo nel determinare l\u2019esito della ski-marathon. All\u2019ultimo \u2018strappo\u2019 prima di scollinare verso la discesa l\u2019atleta della Forestale Paolo Fanton ha provato a creare uno spazio tra il proprio compagno di squadra Mirco Bertolina ed il carabiniere Giorgio Di Centa e, come sottolineato da quest\u2019ultimo, la scelta degli sci \u00e8 stata determinante e gli ski-men della Forestale hanno davvero compiuto un ottimo lavoro quest\u2019oggi. Il \u201cbuco\u201d fra il valtellinese ed il carnico si faceva consistente e all\u2019uscita dal bosco non poteva essere che un fondista della Forestale a presentarsi con fierezza: \u201cVittoria fantastica, riuscire a battere Di Centa \u00e8 un&#8217;emozione, il merito va dato anche agli sci, ma questi non vanno da soli\u2026 E dal bosco non potevamo uscire che noi\u2026 Forestali!\u201d.<\/p>\n<p>A 43 anni Di Centa ha dimostrato, se ancora ce ne fosse bisogno, di essere uno dei migliori fondisti italiani, e di non essere mai soddisfatto, il secondo posto brucia ancor pi\u00f9 di un piazzamento nelle retrovie: \u201cMi spiace, sono rimasto in testa sino in cima ma la Forestale ha avuto ottimo \u2018materiale\u2019 nella parte alta, veramente eccezionale\u201d.<\/p>\n<p>Il campione olimpico nel \u2018leggere\u2019 la propria sconfitta ha dato grande risalto alla scelta degli sci, ma in questa vittoria c\u2019\u00e8 anche parecchia strategia e condizione atletica, davvero invidiabile quest\u2019oggi per gli atleti della Forestale. Nono tempo per Dietmar N\u00f6ckler, visibilmente \u2018sulle gambe\u2019 dopo il successo di ieri, \u2018brillante\u2019 invece il padre Friedrich, 30\u00b0 assoluto (1:57.08), con un ritardo di appena dodici minuti e spiccioli dal figlio atleta di Coppa del Mondo!<\/p>\n<p>Curioso siparietto all\u2019arrivo, con un partecipante canadese, Sacha Desfosses, a mostrare con orgoglio il proprio tatuaggio sul polpaccio raffigurante un fondista dal caratteristico pettorale numero 1\u2026 Giorgio Di Centa!: \u201cVengo da Montreal e seguo Giorgio dal 2002, nel mio paese non ci sono molti sciatori di fondo a cui ispirarsi, per me essere qui a competere assieme al mio idolo \u00e8 veramente un sogno\u201d.<\/p>\n<p>Nella gara \u2018corta\u2019 di 30 km al maschile, successi per Jiri Rocarek (1:11.19), davanti a Clemens Bla\u00dfnig (1:11.26) e a Miroslav Rypl (1:11.34), vincitore nella giornata di ieri e che oggi si \u00e8 dovuto accontentare di un avvincente terzo posto raggiunto al fotofinish. Fra le donne della 30 km tris azzurro, con la conquista della veronese Debora Roncari (1:15.12): \u201cHo dato tutto quest\u2019oggi, un successo frutto del lavoro\u201d, decisamente pi\u00f9 lontane le atlete delle Fiamme Oro Sara Pellegrini (1:17.03) ed Erica Antoniol (1:19.22).<\/p>\n<p>Il lettone Valdis Kokoriss \u00e8 stato il 60.000esimo concorrente della Gran Fondo Val Casies, accolto in trionfo ed invitato a brindare assieme al presidente del comitato organizzatore Walter Felderer.<\/p>\n<p>Al termine delle gare c\u2019\u00e8 stato anche un momento commovente, un minuto di silenzio legato alla scomparsa di Paul Oberhofer, atleta paralimpico e campione di handbike, padre della biathleta Karin e pi\u00f9 volte in gara a Casies.<\/p>\n<p>Gli scenari invernali hanno riscosso un notevole successo anche nelle dimostrazioni pittoriche, ma se Monet e Gauguin puntarono agli effetti di luce per dare alle proprie rappresentazioni invernali un senso di struggente malinconia, non fecero i conti con l\u2019ampio fondovalle, i larghi prati coperti di neve, i romantici boschi ed altri pittoreschi luoghi della Valle di Casies, che hanno invitato gli atleti a farsi testimoni viventi delle bellezze culturali e paesaggistiche che pennellano gioia incantata e libert\u00e0.<\/p>\n<p>Info: <a href=\"http:\/\/www.valcasies.com\/\">www.valcasies.com<\/a><\/p>\n<p>&nbsp;<\/p>\n<p><strong>42 km Tecnica Libera maschile<\/strong><\/p>\n<ol>\n<li>Bertolina Mirco ITA 1:42.40,9; 2. Di Centa Giorgio ITA 1:43.13,8; 3. Fanton Paolo ITA 1:43.18,6; 4. M\u00fcller Claudio ITA 1:43.52,7; 5. Scola Fulvio ITA 1:44.00,2; 6. Martinelli Alan ITA 1:44.07,2; 7. Pellegrin Mattia ITA 1:44.10,0; 8. Clementi Fabio ITA 1:44.31,6; 9. N\u00f6ckler Dietmar ITA 1:44.55,5; 10. Romani Simone ITA 1:45.52,5<\/li>\n<\/ol>\n<p>&nbsp;<\/p>\n<p><strong>42 km Tecnica Libera femminile<\/strong><\/p>\n<ol>\n<li>Shevchenko Valentina UKR 1:57.25,5; 2. M\u00fcller Jessica GER 1:57.38,9; 3. Zernova Natalia RUS 2:02.44,7; 4. Forstner Renate GER 2:05.54,3; 5. Kasslatter Elisa ITA 2:05.56,5; 6. Baravalle Carolina ITA 2:07.54,0; 7. Nurmi Eeva FIN 2:09.35,3; 8. H\u00e4sch Barbara GER 2:10.23,5; 9. Caminada Chiara ITA 2:11.28,5; 10. Uzick Liudmila RUS 2:11.43,6<\/li>\n<\/ol>\n<p>&nbsp;<\/p>\n<p><strong>30 km Tecnica Libera maschile<\/strong><\/p>\n<ol>\n<li>Rocarek Jiri CZE 1:11.19,2; 2. Bla\u00dfnig Clemens AUT 1:11.26,8; 3. Rypl Miroslav CZE 1:11.34,3; 4. Lentsch Urban AUT 1:11.34,5; 5. Tanell Matteo ITA 1:11.34,6; 6. Brunner Julian ITA 1:12.08,6; 7. Bormolini Nicolas ITA 1:13.21,0; 8. Steinmair Alexander ITA 1:13.22,1; 9. Thomas Eric GER 1:13.41,8; 10. N\u00f6ckler Andreas AUT 1:13.45,1<\/li>\n<\/ol>\n<p>&nbsp;<\/p>\n<p><strong>30 km Tecnica Libera femminile<\/strong><\/p>\n<ol>\n<li>Roncari Debora ITA 1:15.12,5; 2. Pellegrini Sara ITA 1:17.03,2; 3. Antoniol Erica ITA 1:19.22,5; 4. Boudikova Adela CZE 1:20.15,6; 5. Walder Rebecca ITA 1:20.33,7; 6. Compagnoni Jael ITA 1:22.24,6; 7. Tr\u00f6ger Nicole GER 1:25.21,2; 8. Mueller Franziska GER 1:26.35,7; 9. Felderer Barbara ITA 1:27.53,0; 10. Huber Silvia ITA 1:29.40,4<\/li>\n<\/ol>\n","protected":false},"excerpt":{"rendered":"<p>Gran Fondo Val Casies oggi in tecnica libera in una vallata imbiancata nella notte Successi per il valtellinese Mirco Bertolina e per l\u2019ucraina Valentina Shevchenko nella 42 km Vittorie per il ceco Jiri Rocarek e per la veronese Debora Roncari nella 30 km La manifestazione altoatesina, gara di Coppa Italia, chiude con un bilancio pi\u00f9 [&hellip;]<\/p>\n","protected":false},"author":15,"featured_media":0,"comment_status":"open","ping_status":"open","sticky":false,"template":"","format":"standard","meta":{"footnotes":""},"categories":[15],"tags":[],"class_list":["post-6612","post","type-post","status-publish","format-standard","hentry","category-sport"],"_links":{"self":[{"href":"https:\/\/www.area-press.eu\/comunicatistampa\/wp-json\/wp\/v2\/posts\/6612","targetHints":{"allow":["GET"]}}],"collection":[{"href":"https:\/\/www.area-press.eu\/comunicatistampa\/wp-json\/wp\/v2\/posts"}],"about":[{"href":"https:\/\/www.area-press.eu\/comunicatistampa\/wp-json\/wp\/v2\/types\/post"}],"author":[{"embeddable":true,"href":"https:\/\/www.area-press.eu\/comunicatistampa\/wp-json\/wp\/v2\/users\/15"}],"replies":[{"embeddable":true,"href":"https:\/\/www.area-press.eu\/comunicatistampa\/wp-json\/wp\/v2\/comments?post=6612"}],"version-history":[{"count":1,"href":"https:\/\/www.area-press.eu\/comunicatistampa\/wp-json\/wp\/v2\/posts\/6612\/revisions"}],"predecessor-version":[{"id":6613,"href":"https:\/\/www.area-press.eu\/comunicatistampa\/wp-json\/wp\/v2\/posts\/6612\/revisions\/6613"}],"wp:attachment":[{"href":"https:\/\/www.area-press.eu\/comunicatistampa\/wp-json\/wp\/v2\/media?parent=6612"}],"wp:term":[{"taxonomy":"category","embeddable":true,"href":"https:\/\/www.area-press.eu\/comunicatistampa\/wp-json\/wp\/v2\/categories?post=6612"},{"taxonomy":"post_tag","embeddable":true,"href":"https:\/\/www.area-press.eu\/comunicatistampa\/wp-json\/wp\/v2\/tags?post=6612"}],"curies":[{"name":"wp","href":"https:\/\/api.w.org\/{rel}","templated":true}]}}