{"id":6610,"date":"2016-02-22T16:13:59","date_gmt":"2016-02-22T15:13:59","guid":{"rendered":"http:\/\/www.area-press.eu\/comunicatistampa\/?p=6610"},"modified":"2016-02-22T16:13:59","modified_gmt":"2016-02-22T15:13:59","slug":"dietmar-nockler-sulle-orme-di-padre-barbarossa-laltoatesino-si-aggiudica-la-gf-val-casies-in-tc","status":"publish","type":"post","link":"https:\/\/www.area-press.eu\/comunicatistampa\/2016\/02\/22\/dietmar-nockler-sulle-orme-di-padre-barbarossa-laltoatesino-si-aggiudica-la-gf-val-casies-in-tc\/","title":{"rendered":"DIETMAR N\u00d6CKLER SULLE ORME DI \u201cPADRE BARBAROSSA\u201d, L\u2019ALTOATESINO SI AGGIUDICA LA GF VAL CASIES IN TC"},"content":{"rendered":"<p>Gran Fondo Val Casies oggi in tecnica classica con una splendida giornata<\/p>\n<p>Successi per l\u2019altoatesino Dietmar N\u00f6ckler e per l\u2019austriaca Katerina Smutna nella 42 km<\/p>\n<p>Vittorie per la tedesca Jessica M\u00fcller e per il ceco Miroslav Rypl nella 30 km<\/p>\n<p>Domani sfide in tecnica libera lungo le medesime distanze<\/p>\n<p>&nbsp;<\/p>\n<p>&nbsp;<\/p>\n<p>Alzando le braccia al cielo sul traguardo della Gran Fondo Val Casies in tecnica classica oggi Dietmar N\u00f6ckler pareva il figlio pi\u00f9 famoso partorito dalla terra altoatesina di San Martino di Casies, luogo d\u2019arrivo della gara, il bellicoso padre cappuccino Joachim Haspinger soprannominato \u201cPadre Barbarossa\u201d il quale, attraverso grinta e coraggio, ebbe un ruolo determinante per l\u2019indipendenza dei tirolesi.<\/p>\n<p>Una gara combattuta sino all\u2019ultima falcata ha visto primeggiare al fotofinish proprio un altro \u201cfiglio\u201d dell\u2019Alto Adige, anch\u2019egli dotato di una barbetta dal colore rossastro (anche se assai meno sostenuta), quel Dietmar N\u00f6ckler che grazie ad un poderoso allungo finale accende la sfida accaparrandosi la vittoria (1:43.38,8) sulla sorpresa ceca Jiri Rocarek (1.43.38,9) e su un altro atleta delle Fiamme Oro, il trentino Luca Orlandi (1:44.00).<\/p>\n<p>I prati variopinti e i boschi ombreggiati della Gran Fondo Val Casies hanno lasciato il posto ad un candido scenario innevato e ad un magnifico sole, che ha brillato sulla manifestazione rendendola ancor pi\u00f9 splendente. Sportivi di classe internazionale e semplici appassionati hanno preso parte alla maratona di sci di fondo altoatesina, un evento sportivo di vitale importanza per i comuni di Santa Maddalena, San Martino e Colle di Casies, nonch\u00e9 la pi\u00f9 celebre competizione invernale di massa dell\u2019Alto Adige.<\/p>\n<p>Sin dalle prime fasi si \u00e8 capito quanto la gara fosse \u201cveloce\u201d, merito del manto innevato sul quale scivolavano gli atleti, reso esemplare dal comitato organizzatore presieduto da Walter Felderer e dai 450 volontari impegnati, autentico \u201ccuore pulsante\u201d della Gran Fondo Val Casies, mai assente dal 1984.<\/p>\n<p>Un festival di colori ha arricchito l\u2019evento, con poco meno di 1000 partenti e ben 39 nazioni a farvi parte, e fondisti provenienti da ogni parte del mondo si sono cimentati con la tecnica classica. Ai nastri di partenza tanti \u201cnomi forti\u201d del fondo azzurro e non solo, come Bruno Debertolis, Mauro Brigadoi, Dietmar N\u00f6ckler, Nicolas Bormolini, Simone Bosin, mentre fra le donne spiccavano i nomi di Valentina Shevchenko, Katerina Smutna, Natalia Zernova, Adela Boudikova e Barbara Felderer.<\/p>\n<p>Il contest di 42 km al maschile ha regalato una battaglia costante all\u2019interno di una gara spumeggiante, con i fondisti pi\u00f9 in vista subito partiti forte e, dopo le prime fasi di \u201cstudio\u201d, con un gruppone di una quindicina di atleti ben saldo al comando sono cominciati gli avvicendamenti, con N\u00f6ckler, Orlandi e Rocarek a regalare sprazzi di puro godimento agli appassionati che seguivano l\u2019evento da bordo pista. I tre hanno proseguito assieme sino allo \u201cscollinamento\u201d di Santa Maddalena, punto clou della Gran Fondo Val Casies, spesso determinante nel decidere le sorti della gara. Alcuni cambi regolari sino al punto pi\u00f9 alto, quando il ceco Jiri Rocarek, autentico portento quest\u2019oggi, ha allungato in discesa per staccarsi da Orlandi e proseguire in solitaria la propria gara, con solo l\u2019atleta di Coppa del Mondo Dietmar N\u00f6ckler a tenergli testa. Orlandi, gi\u00e0 sicuro del terzo posto, iniziava a guardarsi alle spalle scorgendo davanti a s\u00e9 la lotta a due fra Rocarek e l\u2019altoatesino. Una \u201cbattaglia all\u2019ultimo sangue\u201d che Dietmar N\u00f6ckler pare riuscire a portare a termine, ma il ceco \u201cne ha ancora\u201d e tenta la disperata rimonta, ma \u00e8 troppo tardi. Lo spirito benevolo di Haspinger \u201csalvaguardia\u201d il primato dell\u2019erede dalla barba meno folta, concedendogli un tripudio di applausi ed un bagno di folla finale. Ecco le parole di N\u00f6ckler al riguardo: \u201cCe l\u2019ho fatta, vincere \u00e8 sempre bello, \u00e8 una gara cui noi altoatesini teniamo molto\u201d.<\/p>\n<p>Fra le fondiste la sfida \u00e8 stata molto combattuta, con il successo in solitaria di Katerina Smutna su Adela Boudikova e Valentina Shevchenko, pi\u00f9 attardata. Una vittoria talmente \u201cfacile\u201d da far commentare sprezzantemente all\u2019austriaca prima di tributare il giusto plauso all\u2019organizzazione e alla predisposizione del tracciato: \u201cTutto facile, non ho avuto alcuna difficolt\u00e0\u201d. \u00c8 arrivata 18.a assoluta!<\/p>\n<p>Le gare \u201cbrevi\u201d di 30 km hanno visto podi tutti stranieri, con i successi del ceco Miroslav Rypl sul tedesco Christian Winker e sull\u2019altro atleta della Repubblica Ceca Radek Sretr. La sfida al femminile ha visto primeggiare la germanica Jessica M\u00fcller sull\u2019austriaca Petra Tanner e sull\u2019altra tedesca Franziska Mueller.<\/p>\n<p>Nel corso della gara c\u2019\u00e8 stato spazio anche per un \u201ccompleanno illustre\u201d, quello del presidente della Marcialonga Angelo Corradini, venuto a festeggiare proprio qui le proprie 67 primavere alla Just for Fun, la manifestazione non competitiva della Gran Fondo Val Casies, quella che permette qualche agevole \u201cfermata\u201d in pi\u00f9 rispetto ai concorrenti delle 30 e 42 km: \u201cSiamo dei vecchietti! Ma quando ci si mette il numero addosso, si tenta sempre di dare il massimo\u201d.<\/p>\n<p>Il canale nazionale Rai Sport 1 trasmetter\u00e0 la ski-marathon altoatesina nella giornata di venerd\u00ec 26 febbraio, dalle 15.15 alle 16.15, immagini girate anche dall\u2019elicottero delle FFGG.<\/p>\n<p>Domani sfide in tecnica libera sulle medesime distanze di oggi, nuovamente con partenza prevista alle ore 10. Stasera \u201cSports Party\u201d alle ore 20 sulle melodie degli X-Large, a celebrare il primo strepitoso successo della trentatreesima edizione della Gran Fondo Val Casies, in attesa che domani si accolga il partecipante numero 60.000, festeggiato come i campioni protagonisti di questa prima radiosa giornata.<\/p>\n<p>Info: <a href=\"http:\/\/www.valcasies.com\/\">www.valcasies.com<\/a><\/p>\n<p>&nbsp;<\/p>\n<p>&nbsp;<\/p>\n<p><strong>30 km TC maschile<\/strong><\/p>\n<ol>\n<li>Rypl Miroslav CZE 1:12.10,7; 2. Winker Christian GER 1:12.14,9; 3. Sretr Radek CZE 1:12.15,2; 4. Kargruber Reinhard ITA 1:12.22,5; 5. Lentsch Urban AUT 1:12.27,3; 6. Wetterling Felix GER 1:13.41,5; 7. Bormolini Nicolas ITA 1:13.58,4; 8. B\u00e4hr Johannes GER 1:15.17,9; 9. Doppelreiter Martin AUT 1:15.41,7; 10. B\u00fcttner Christoph GER 1:15.42,4<\/li>\n<\/ol>\n<p>&nbsp;<\/p>\n<p><strong>30 km TC femminile<\/strong><\/p>\n<ol>\n<li>M\u00fcller Jessica GER 1:23.40,0; 2. Tanner Petra AUT 1:24.01,8; 3. Mueller Franziska GER 1:25.38,4; 4. Felderer Barbara ITA 1:26.18,9; 5. Niedling Mara GER 1:27.23,7; 6. Maierhofer Magdalena AUT 1:30.41,7; 7. Tr\u00f6ger Nicole GER 1:31.29,0; 8. Milazzi Anna-Maria AUT 1:33.59,7; 9. Simeoni Federica ITA 1:34.58,8; 10. M\u00fcller Katrin GER 1:36.51,7<\/li>\n<\/ol>\n<p>&nbsp;<\/p>\n<p><strong>42 km TC maschile<\/strong><\/p>\n<ol>\n<li>N\u00f6ckler Dietmar ITA 1:43.38,8; 2. Rocarek Jiri CZE 1:43.38,9; 3. Orlandi Luca ITA 1:44.00,6; 4. Brigadoi Mauro ITA 1:44.17,2; 5. Debertolis Bruno ITA 1:44.17,4; 6. Sutter Martin AUT 1:44.45,7; 7. K\u00fchne Andy GER 1:44.51,7; 8. Paredi Simone ITA 1:45.06,5; 9. Potocnik Domen SLO 1:45.22,7; 10. Thomas Eric GER 1:45.26,7<\/li>\n<\/ol>\n<p>&nbsp;<\/p>\n<p><strong>42 km TC femminile<\/strong><\/p>\n<ol>\n<li>Smutna Katerina AUT 1:52.31,2; 2. Boudikova Adela CZE 1:59.00,9; 3. Shevchenko Valentina UKR 1:59.56,5; 4. Eichhorn Theresia GER 2:01.44,5; 5. K\u00e4llman Malin FIN 2:22.51,4; 6. Messenger Karen CAN 2:25.02,7; 7. Merilo Helen AUT 2:28.07,7; 8. Grezebisz Natalia POL 2:28.15,4; 9. M\u00fcller Anna GER 2:30.10,9; 10. Otto Grit GER 2:33.39,6<\/li>\n<\/ol>\n","protected":false},"excerpt":{"rendered":"<p>Gran Fondo Val Casies oggi in tecnica classica con una splendida giornata Successi per l\u2019altoatesino Dietmar N\u00f6ckler e per l\u2019austriaca Katerina Smutna nella 42 km Vittorie per la tedesca Jessica M\u00fcller e per il ceco Miroslav Rypl nella 30 km Domani sfide in tecnica libera lungo le medesime distanze &nbsp; &nbsp; Alzando le braccia al [&hellip;]<\/p>\n","protected":false},"author":15,"featured_media":0,"comment_status":"open","ping_status":"open","sticky":false,"template":"","format":"standard","meta":{"footnotes":""},"categories":[15],"tags":[],"class_list":["post-6610","post","type-post","status-publish","format-standard","hentry","category-sport"],"_links":{"self":[{"href":"https:\/\/www.area-press.eu\/comunicatistampa\/wp-json\/wp\/v2\/posts\/6610","targetHints":{"allow":["GET"]}}],"collection":[{"href":"https:\/\/www.area-press.eu\/comunicatistampa\/wp-json\/wp\/v2\/posts"}],"about":[{"href":"https:\/\/www.area-press.eu\/comunicatistampa\/wp-json\/wp\/v2\/types\/post"}],"author":[{"embeddable":true,"href":"https:\/\/www.area-press.eu\/comunicatistampa\/wp-json\/wp\/v2\/users\/15"}],"replies":[{"embeddable":true,"href":"https:\/\/www.area-press.eu\/comunicatistampa\/wp-json\/wp\/v2\/comments?post=6610"}],"version-history":[{"count":1,"href":"https:\/\/www.area-press.eu\/comunicatistampa\/wp-json\/wp\/v2\/posts\/6610\/revisions"}],"predecessor-version":[{"id":6611,"href":"https:\/\/www.area-press.eu\/comunicatistampa\/wp-json\/wp\/v2\/posts\/6610\/revisions\/6611"}],"wp:attachment":[{"href":"https:\/\/www.area-press.eu\/comunicatistampa\/wp-json\/wp\/v2\/media?parent=6610"}],"wp:term":[{"taxonomy":"category","embeddable":true,"href":"https:\/\/www.area-press.eu\/comunicatistampa\/wp-json\/wp\/v2\/categories?post=6610"},{"taxonomy":"post_tag","embeddable":true,"href":"https:\/\/www.area-press.eu\/comunicatistampa\/wp-json\/wp\/v2\/tags?post=6610"}],"curies":[{"name":"wp","href":"https:\/\/api.w.org\/{rel}","templated":true}]}}