{"id":65883,"date":"2022-03-02T12:26:30","date_gmt":"2022-03-02T11:26:30","guid":{"rendered":"https:\/\/www.area-press.eu\/comunicatistampa\/?p=65883"},"modified":"2022-05-31T17:41:06","modified_gmt":"2022-05-31T15:41:06","slug":"perdono-e-il-nuovo-singolo-di-kero","status":"publish","type":"post","link":"https:\/\/www.area-press.eu\/comunicatistampa\/2022\/03\/02\/perdono-e-il-nuovo-singolo-di-kero\/","title":{"rendered":"Perdono \u00e8 il nuovo singolo di Kero"},"content":{"rendered":"<p><span style=\"font-weight: 400\">E\u2019 gi\u00e0 disponibile su tutte le piattaforme di streaming e download online \u201cPerdono\u201d, il nuovo singolo del giovane talento del rap italiano Kero.<\/span><\/p>\n<p><span style=\"font-weight: 400\">\u201cPerdono\u201d, prodotto dal producer riminese KD-ONE, segue l\u2019ottimo riscontro del precedente singolo &#8220;Desol\u00e9&#8221; che conta pi\u00f9 di 30mila visualizzazioni organiche su YouTube.<\/span><\/p>\n<p><span style=\"font-weight: 400\">Nonostante la giovane et\u00e0, Kero vanta gi\u00e0 pi\u00f9 di 15 mila follower affiatati su Instagram ed i suoi video raggiungono migliaia di visualizzazioni YouTube &#8211; senza usufruire di alcun tipo di promozione &#8211; ed i suoi testi parlano di situazioni difficili vissute nel quotidiano.\u00a0<\/span><\/p>\n<p><span style=\"font-weight: 400\">Da chi lo critica sostenendo che sia troppo piccolo per i racconti di cui parla Kero si difende affermando: <\/span><i><span style=\"font-weight: 400\">\u201cDato che siamo in Italia mi sembra chiaro che le prime cose che si pensano di fare siano odiare e giudicare. Non sto qua a farvi leggere i miei poemi. Ho 15 anni e far\u00f2 parlare la musica, non mi conoscete ancora.\u201d<\/span><\/i><\/p>\n<p><span style=\"font-weight: 400\">Mentre lavora a tanta musica, Kero \u00e8 online con \u201cPerdono\u201d su tutte le piattaforme di streaming e download, con il videoclip ufficiale disponibile sul suo canale YouTube.\u00a0<\/span><\/p>\n<p>&nbsp;<\/p>\n<h2><b>Segui Kero su:<\/b><\/h2>\n<p><span style=\"font-weight: 400\">Instagram: <\/span><a href=\"https:\/\/www.instagram.com\/kero20148\/\"><span style=\"font-weight: 400\">https:\/\/www.instagram.com\/kero20148\/<\/span><\/a><span style=\"font-weight: 400\">\u00a0<\/span><\/p>\n<p><span style=\"font-weight: 400\">YouTube: <\/span><a href=\"https:\/\/www.youtube.com\/channel\/UCUPr9iWQsx96ZLZ0YIy2yNg\"><span style=\"font-weight: 400\">https:\/\/www.youtube.com\/channel\/UCUPr9iWQsx96ZLZ0YIy2yNg<\/span><\/a><span style=\"font-weight: 400\">\u00a0<\/span><\/p>\n<p><span style=\"font-weight: 400\">Spotify :\u00a0 <\/span><a href=\"https:\/\/open.spotify.com\/artist\/0BY7xhioKfbWBEEViq4ds6?si=78asRG6FRyeFA5cWJBAbCw\"><span style=\"font-weight: 400\">https:\/\/open.spotify.com\/artist\/0BY7xhioKfbWBEEViq4ds6?si=78asRG6FRyeFA5cWJBAbCw<\/span><\/a><span style=\"font-weight: 400\">\u00a0<\/span><\/p>\n<p><span style=\"font-weight: 400\">Instagram KD-ONE (produttore): <\/span><span style=\"font-weight: 400\">https:\/\/www.instagram.com\/keidiuan<\/span><\/p>\n","protected":false},"excerpt":{"rendered":"<p>E\u2019 gi\u00e0 disponibile su tutte le piattaforme di streaming e download online \u201cPerdono\u201d, il nuovo singolo del giovane talento del rap italiano Kero. \u201cPerdono\u201d, prodotto dal producer riminese KD-ONE, segue l\u2019ottimo riscontro del precedente singolo &#8220;Desol\u00e9&#8221; che conta pi\u00f9 di 30mila visualizzazioni organiche su YouTube. Nonostante la giovane et\u00e0, Kero vanta gi\u00e0 pi\u00f9 di 15 [&hellip;]<\/p>\n","protected":false},"author":6999,"featured_media":0,"comment_status":"open","ping_status":"open","sticky":false,"template":"","format":"standard","meta":{"footnotes":""},"categories":[12],"tags":[],"class_list":["post-65883","post","type-post","status-publish","format-standard","hentry","category-musica"],"_links":{"self":[{"href":"https:\/\/www.area-press.eu\/comunicatistampa\/wp-json\/wp\/v2\/posts\/65883","targetHints":{"allow":["GET"]}}],"collection":[{"href":"https:\/\/www.area-press.eu\/comunicatistampa\/wp-json\/wp\/v2\/posts"}],"about":[{"href":"https:\/\/www.area-press.eu\/comunicatistampa\/wp-json\/wp\/v2\/types\/post"}],"author":[{"embeddable":true,"href":"https:\/\/www.area-press.eu\/comunicatistampa\/wp-json\/wp\/v2\/users\/6999"}],"replies":[{"embeddable":true,"href":"https:\/\/www.area-press.eu\/comunicatistampa\/wp-json\/wp\/v2\/comments?post=65883"}],"version-history":[{"count":1,"href":"https:\/\/www.area-press.eu\/comunicatistampa\/wp-json\/wp\/v2\/posts\/65883\/revisions"}],"predecessor-version":[{"id":65884,"href":"https:\/\/www.area-press.eu\/comunicatistampa\/wp-json\/wp\/v2\/posts\/65883\/revisions\/65884"}],"wp:attachment":[{"href":"https:\/\/www.area-press.eu\/comunicatistampa\/wp-json\/wp\/v2\/media?parent=65883"}],"wp:term":[{"taxonomy":"category","embeddable":true,"href":"https:\/\/www.area-press.eu\/comunicatistampa\/wp-json\/wp\/v2\/categories?post=65883"},{"taxonomy":"post_tag","embeddable":true,"href":"https:\/\/www.area-press.eu\/comunicatistampa\/wp-json\/wp\/v2\/tags?post=65883"}],"curies":[{"name":"wp","href":"https:\/\/api.w.org\/{rel}","templated":true}]}}