{"id":65601,"date":"2022-02-17T03:37:29","date_gmt":"2022-02-17T02:37:29","guid":{"rendered":"https:\/\/www.area-press.eu\/comunicatistampa\/?p=65601"},"modified":"2022-02-17T03:37:29","modified_gmt":"2022-02-17T02:37:29","slug":"biografia-di-stefania-bariatti-avvocato-e-docente-universitario","status":"publish","type":"post","link":"https:\/\/www.area-press.eu\/comunicatistampa\/2022\/02\/17\/biografia-di-stefania-bariatti-avvocato-e-docente-universitario\/","title":{"rendered":"Biografia di Stefania Bariatti, avvocato e docente universitario"},"content":{"rendered":"<p><em><strong>Di origini milanesi, <a title=\"Stefania Bariatti: la carriera - Riflettori Su\" href=\"https:\/\/www.riflettorisu.it\/tag\/stefania-bariatti\">Stefania Bariatti<\/a> si \u00e8 laureata in Giurisprudenza nel marzo 1979 presso l&#8217;Universit\u00e0 degli Studi di Milano. Pochi anni pi\u00f9 tardi ha avviato una carriera di successo in ambito accademico, istituzionale e privato.<\/strong><\/em><\/p>\n<p><a title=\"Stefania Bariatti: il profilo professionale\" href=\"https:\/\/www.riflettorisu.it\/tag\/stefania-bariatti\"><img decoding=\"async\" src=\"https:\/\/www.riflettorisu.it\/wp-content\/uploads\/2022\/02\/stefania-bariatti.jpg\" alt=\"Stefania Bariatti\" width=\"120\" \/><\/a><\/p>\n<h2>Stefania Bariatti: gli incarichi e le attivit\u00e0 come docente<\/h2>\n<p>Il percorso accademico di <strong>Stefania Bariatti<\/strong> prende avvio in seguito al conseguimento della Laurea in Giurisprudenza: divenuta ricercatrice di Diritto Internazionale nel 1983 e professore ordinario nel 1994, assume prima incarichi di docenza di Diritto dell&#8217;Unione Europea, Diritto della Concorrenza e Diritto Internazionale presso l&#8217;Universit\u00e0 di Sassari e di Milano-Bicocca, per poi dedicarsi agli insegnamenti di Diritto Internazionale, Diritto Internazionale Privato e Processuale e International Insolvency Law presso la Facolt\u00e0 di Giurisprudenza dell&#8217;Universit\u00e0 degli Studi di Milano. La sua esperienza accademica annovera anche diverse partecipazioni come relatrice in corsi e seminari, sia in Italia che all&#8217;estero, nonch\u00e9 ruoli in qualit\u00e0 di visiting professor a Tolosa e alla LUISS in Diritto Internazionale Privato. Autrice di oltre 150 pubblicazioni in italiano, inglese, francese e tedesco, <strong>Stefania Bariatti<\/strong> \u00e8 co-direttore della Rivista di Diritto Internazionale Privato e Processuale, membro di comitati scientifici in numerose riviste scientifiche, sia italiane che straniere, e membro di diverse associazioni e centri di ricerca italiani e internazionali.<\/p>\n<h2>Stefania Bariatti nel settore legale e gli incarichi di rappresentanza<\/h2>\n<p><a title=\"Stefania Bariatti - Riflettori Su\" href=\"https:\/\/www.riflettorisu.it\/tag\/stefania-bariatti\">Stefania Bariatti<\/a> \u00e8 iscritta all&#8217;Ordine degli Avvocati di Milano ed \u00e8 patrocinante in Cassazione. La sua carriera legale prende avvio nel 2002, quando inizia a operare come avvocato esperto in diritto della concorrenza, contenzioso internazionale e arbitrato commerciale internazionale presso un noto studio legale italiano. Grazie alla rapida crescita professionale, \u00e8 chiamata a dirigere lo studio di Bruxelles e la practice di diritto della concorrenza europeo e italiano. Si occupa anche di operazioni di concentrazione, procedimenti per intese e abusi di posizione dominante, procedure di insolvenza cross-border e procedimenti arbitrali. Parallelamente \u00e8 attiva all&#8217;interno di importanti realt\u00e0 italiane: nel 2015 entra infatti nel CdA di Banca Monte dei Paschi di Siena, dove \u00e8 stata anche Presidente, e nel 2018 diventa Vicepresidente di ABI &#8211; Associazione Bancaria Italiana. <strong>Stefania Bariatti<\/strong> \u00e8 oggi nei CdA di A2A, di MediaForEurope NV e di BNL, dove \u00e8 anche presidente e membro di comitati endoconsiliari. Durante la sua carriera ha ricoperto incarichi di rappresentanza o su indicazione del Governo Italiano, tra cui la nomina a membro del Governing Council di UNIDROIT &#8211; International Institute for the Unification of Private Law, conferitole nel 2014 dall&#8217;assemblea degli Stati Membri su designazione dello Stato Italiano. Ha partecipato anche alla Conferenza dell&#8217;Aja di Diritto internazionale privato, dove \u00e8 stata rappresentante dell&#8217;Italia in numerosi negoziati. Inoltre, ha rappresentato l&#8217;Italia al Comitato di diritto civile del Consiglio dell&#8217;Unione Europea e ha fornito assistenza al Parlamento Europeo e alla Commissione Europea nella redazione di strumenti legislativi. Dal 2011 \u00e8 nel Gruppo di esperti della Commissione Europea sul diritto dell&#8217;insolvenza.<\/p>\n","protected":false},"excerpt":{"rendered":"<p>Di origini milanesi, Stefania Bariatti si \u00e8 laureata in Giurisprudenza nel marzo 1979 presso l&#8217;Universit\u00e0 degli Studi di Milano. Pochi anni pi\u00f9 tardi ha avviato una carriera di successo in ambito accademico, istituzionale e privato. Stefania Bariatti: gli incarichi e le attivit\u00e0 come docente Il percorso accademico di Stefania Bariatti prende avvio in seguito al [&hellip;]<\/p>\n","protected":false},"author":40,"featured_media":0,"comment_status":"open","ping_status":"open","sticky":false,"template":"","format":"standard","meta":{"footnotes":""},"categories":[29],"tags":[31216],"class_list":["post-65601","post","type-post","status-publish","format-standard","hentry","category-comunicati","tag-stefania-bariatti"],"_links":{"self":[{"href":"https:\/\/www.area-press.eu\/comunicatistampa\/wp-json\/wp\/v2\/posts\/65601","targetHints":{"allow":["GET"]}}],"collection":[{"href":"https:\/\/www.area-press.eu\/comunicatistampa\/wp-json\/wp\/v2\/posts"}],"about":[{"href":"https:\/\/www.area-press.eu\/comunicatistampa\/wp-json\/wp\/v2\/types\/post"}],"author":[{"embeddable":true,"href":"https:\/\/www.area-press.eu\/comunicatistampa\/wp-json\/wp\/v2\/users\/40"}],"replies":[{"embeddable":true,"href":"https:\/\/www.area-press.eu\/comunicatistampa\/wp-json\/wp\/v2\/comments?post=65601"}],"version-history":[{"count":1,"href":"https:\/\/www.area-press.eu\/comunicatistampa\/wp-json\/wp\/v2\/posts\/65601\/revisions"}],"predecessor-version":[{"id":65603,"href":"https:\/\/www.area-press.eu\/comunicatistampa\/wp-json\/wp\/v2\/posts\/65601\/revisions\/65603"}],"wp:attachment":[{"href":"https:\/\/www.area-press.eu\/comunicatistampa\/wp-json\/wp\/v2\/media?parent=65601"}],"wp:term":[{"taxonomy":"category","embeddable":true,"href":"https:\/\/www.area-press.eu\/comunicatistampa\/wp-json\/wp\/v2\/categories?post=65601"},{"taxonomy":"post_tag","embeddable":true,"href":"https:\/\/www.area-press.eu\/comunicatistampa\/wp-json\/wp\/v2\/tags?post=65601"}],"curies":[{"name":"wp","href":"https:\/\/api.w.org\/{rel}","templated":true}]}}