{"id":65449,"date":"2022-02-07T23:20:09","date_gmt":"2022-02-07T22:20:09","guid":{"rendered":"https:\/\/www.area-press.eu\/comunicatistampa\/?p=65449"},"modified":"2022-05-31T17:49:06","modified_gmt":"2022-05-31T15:49:06","slug":"massimo-contini-non-hai-pagato","status":"publish","type":"post","link":"https:\/\/www.area-press.eu\/comunicatistampa\/2022\/02\/07\/massimo-contini-non-hai-pagato\/","title":{"rendered":"Massimo Contini, Non hai pagato"},"content":{"rendered":"<p style=\"text-align: center\">il nuovo singolo del cantautore milanese<\/p>\n<p><img loading=\"lazy\" decoding=\"async\" class=\"aligncenter\" src=\"https:\/\/www.joyfreepress.com\/wp-content\/uploads\/2022\/02\/Cover-Massimo-Contini.jpg\" width=\"390\" height=\"390\" \/><\/p>\n<p>\u201c<strong>Non hai pagato<\/strong>\u201d \u00e8 il secondo singolo estratto dall\u2019album di <strong>Massimo Contini \u201cInnocenti distrazioni\u201d<\/strong>.<br \/>\nIl brano racconta una storia d\u2019amore finita tra rabbia, dolore ed incomprensioni. La canzone \u00e8 accompagnata esclusivamente da un pianoforte nella prima parte e da un giro d\u2019archi nella seconda, in cui si cerca di enfatizzare il rimpianto del protagonista, combattuto tra il dolore del distacco e la frustrazione per aver cercato in tutti i modi di non perdere la donna amata.<br \/>\nIl pezzo \u00e8 stato scritto, suonato e totalmente arrangiato dall\u2019autore, come tutti i brani dell\u2019album.<\/p>\n<p>Massimo Contini nasce a Milano, il 4 aprile del 1968, citt\u00e0 in cui tuttora vive e lavora. Sin da bambino nutre una profonda passione per la musica e suona le sue prime note all\u2019et\u00e0 di otto anni con un piccolo organo elettrico regalatogli per Natale. A undici anni riceve la sua prima chitarra, con cui si cimenta da autodidatta in cover di artisti quali Claudio Baglioni, Umberto Tozzi e Antonello Venditti. Frequentando la scuola superiore, fonda con alcuni suoi compagni un piccolo gruppo con cui suona tastiera, basso e chitarra in sala prove ed in piccole feste di periferia.<\/p>\n<p>Ma la sua passione \u00e8 scrivere pezzi propri, e durante il servizio militare, butta gi\u00f9 alcuni testi che diventeranno una demo qualche anno pi\u00f9 tardi. Un disturbo alle corde vocali, lo portano ad accantonare per diversi anni la sua grande passione che per\u00f2 si risveglia prepotentemente intorno all\u2019anno 2016. Ricomincia a scrivere e a togliere la ruggine da alcuni pezzi scritti in giovent\u00f9 e nell\u2019anno 2019 esce il suo primo album \u201cGiorno per giorno\u201d da cui vengono tratti due singoli: la stessa \u201cGiorno per giorno\u201d che raggiunge la dodicesima posizione nella classifica Indipendenti di Earone e il brano \u201cSopra le nuvole\u201d. L\u2019anno successivo torna a lavorare sul suo secondo album dal titolo \u201cInnocenti Distrazioni\u201d che esce il 30 settembre del 2021 che, come il primo, \u00e8 stato totalmente scritto e auto prodotto dallo stesso Contini.<\/p>\n<p><a href=\"https:\/\/www.facebook.com\/Massimo-Contini-105452627616793\">https:\/\/www.facebook.com\/Massimo-Contini-105452627616793<\/a><br \/>\n<a href=\"https:\/\/www.instagram.com\/il_conte_44\/\">https:\/\/www.instagram.com\/il_conte_44\/<\/a><\/p>\n","protected":false},"excerpt":{"rendered":"<p>il nuovo singolo del cantautore milanese \u201cNon hai pagato\u201d \u00e8 il secondo singolo estratto dall\u2019album di Massimo Contini \u201cInnocenti distrazioni\u201d. Il brano racconta una storia d\u2019amore finita tra rabbia, dolore ed incomprensioni. La canzone \u00e8 accompagnata esclusivamente da un pianoforte nella prima parte e da un giro d\u2019archi nella seconda, in cui si cerca di [&hellip;]<\/p>\n","protected":false},"author":331,"featured_media":0,"comment_status":"open","ping_status":"open","sticky":false,"template":"","format":"standard","meta":{"footnotes":""},"categories":[12],"tags":[31759,1632,2365],"class_list":["post-65449","post","type-post","status-publish","format-standard","hentry","category-musica","tag-contini","tag-radio-date","tag-singolo"],"_links":{"self":[{"href":"https:\/\/www.area-press.eu\/comunicatistampa\/wp-json\/wp\/v2\/posts\/65449","targetHints":{"allow":["GET"]}}],"collection":[{"href":"https:\/\/www.area-press.eu\/comunicatistampa\/wp-json\/wp\/v2\/posts"}],"about":[{"href":"https:\/\/www.area-press.eu\/comunicatistampa\/wp-json\/wp\/v2\/types\/post"}],"author":[{"embeddable":true,"href":"https:\/\/www.area-press.eu\/comunicatistampa\/wp-json\/wp\/v2\/users\/331"}],"replies":[{"embeddable":true,"href":"https:\/\/www.area-press.eu\/comunicatistampa\/wp-json\/wp\/v2\/comments?post=65449"}],"version-history":[{"count":1,"href":"https:\/\/www.area-press.eu\/comunicatistampa\/wp-json\/wp\/v2\/posts\/65449\/revisions"}],"predecessor-version":[{"id":65450,"href":"https:\/\/www.area-press.eu\/comunicatistampa\/wp-json\/wp\/v2\/posts\/65449\/revisions\/65450"}],"wp:attachment":[{"href":"https:\/\/www.area-press.eu\/comunicatistampa\/wp-json\/wp\/v2\/media?parent=65449"}],"wp:term":[{"taxonomy":"category","embeddable":true,"href":"https:\/\/www.area-press.eu\/comunicatistampa\/wp-json\/wp\/v2\/categories?post=65449"},{"taxonomy":"post_tag","embeddable":true,"href":"https:\/\/www.area-press.eu\/comunicatistampa\/wp-json\/wp\/v2\/tags?post=65449"}],"curies":[{"name":"wp","href":"https:\/\/api.w.org\/{rel}","templated":true}]}}