{"id":65432,"date":"2022-02-08T21:01:42","date_gmt":"2022-02-08T20:01:42","guid":{"rendered":"https:\/\/www.area-press.eu\/comunicatistampa\/?p=65432"},"modified":"2022-02-08T21:01:42","modified_gmt":"2022-02-08T20:01:42","slug":"2021-anno-delle-rinnovabili-e-dei-rincari-antonio-franchi-ledilizia-predilige-le-scelte-green","status":"publish","type":"post","link":"https:\/\/www.area-press.eu\/comunicatistampa\/2022\/02\/08\/2021-anno-delle-rinnovabili-e-dei-rincari-antonio-franchi-ledilizia-predilige-le-scelte-green\/","title":{"rendered":"2021, anno delle rinnovabili e dei rincari. Antonio Franchi: l\u2019edilizia predilige le scelte green"},"content":{"rendered":"<p><em><strong>Il 2021 \u00e8 stato l&#8217;anno delle energie rinnovabili, ma anche quello dei rincari di energia e gas. Nel progetto per Palazzo Ravasio <a title=\"Antonio Franchi: l'edilizia sostenibile\" href=\"https:\/\/www.joyfreepress.com\/2022\/01\/14\/347716-antonio-franchi-il-futuro-di-verona-tra-sostenibilita-arte-e-storia\/\">Antonio Franchi<\/a> ha optato per materiali e impianti green a favore del risparmio energetico.<\/strong><\/em><\/p>\n<p><a title=\"Antonio Franchi: il progetto - joyfreepress\" href=\"https:\/\/www.joyfreepress.com\/2022\/01\/14\/347716-antonio-franchi-il-futuro-di-verona-tra-sostenibilita-arte-e-storia\/\"><img decoding=\"async\" src=\"https:\/\/www.energiaeambiente.eu\/wp-content\/uploads\/2021\/08\/antonio-franchi.jpg\" alt=\"Antonio Franchi\" width=\"120\" \/><\/a><\/p>\n<h2>Rincari e rinnovabili: il progetto sostenibile di Antonio Franchi<\/h2>\n<p>Il 2021 \u00e8 stato senza dubbio l&#8217;anno delle rinnovabili: le stime hanno confermato un nuovo record a livello globale, sono infatti stati raggiunti 290 gigawatt di nuova potenza installata. Tuttavia, il 2021 ha registrato anche l&#8217;aumento dei prezzi dell&#8217;energia causato dalla ripresa economica. Il gas ha toccato i massimi storici in Europa, raggiungendo alla fine di dicembre un incremento del 650% da inizio anno. Lo scorso anno le rinnovabili sono state la prima fonte di energia, superando per la prima volta in assoluto la produzione proveniente da fonti fossili. Il fotovoltaico, l&#8217;eolico, il biogas e l&#8217;idroelettrico hanno soddisfatto il 38,2% della domanda di elettricit\u00e0. Risulta ormai essere chiara la necessit\u00e0 di introdurre soluzioni a favore dell&#8217;energia rinnovabile anche in campo edilizio. Numerose realt\u00e0 sono da tempo impegnate a realizzare progetti all&#8217;insegna della sostenibilit\u00e0 non solo al fine di beneficiare dei vantaggi economici che ne conseguono, ma anche con l&#8217;obiettivo di tutelare l&#8217;ambiente e il comfort abitativo. In quest&#8217;ottica il team di The Residenze, societ\u00e0 guidata da <strong>Antonio Franchi<\/strong>, \u00e8 attualmente impegnato nella realizzazione del progetto per Palazzo Ravasio (Verona) prediligendo eco-materiali e impianti al 100% <em>green<\/em>.<\/p>\n<h2>Antonio Franchi: le dotazioni green di Palazzo Ravasio<\/h2>\n<p>Nell&#8217;attuale sfida verso la sostenibilit\u00e0, \u00e8 giunto il momento di cambiare il modo di progettare, di costruire e di abitare, insomma \u00e8 arrivata l&#8217;ora di ripensare le costruzioni, optando per materiali e impianti green e adottando forme di energia pi\u00f9 pulite. Il progetto per Palazzo Ravasio, portato avanti da <a title=\"Antonio Franchi: il progetto sostenibile\" href=\"https:\/\/www.joyfreepress.com\/2022\/01\/14\/347716-antonio-franchi-il-futuro-di-verona-tra-sostenibilita-arte-e-storia\/\">Antonio Franchi<\/a>, sintetizza questi obiettivi puntando anche al risparmio energetico. Lo storico edificio veronese verr\u00e0 ristrutturato secondo i principi di edilizia sostenibile che prevedono l&#8217;impiego di materiali naturali ed eco-compatibili come ad esempio i pavimenti in legno certificato P.E.F.C. Anche la proposta impiantistica prevede una soluzione al 100% <em>green<\/em>, senza l&#8217;utilizzo di combustibili fossili: due generatori in pompa di calore aria-acqua, alimentati esclusivamente da energia elettrica, saranno riservati alla produzione sanitaria e alla climatizzazione invernale ed estiva. Inoltre, l&#8217;impianto di ventilazione migliorer\u00e0 la qualit\u00e0 dell&#8217;aria indoor senza causare dispendio di energia. Le dotazioni sostenibili adottate nel progetto di <strong>Antonio Franchi<\/strong> non solo contribuiranno ad aumentare la percentuale di rinnovabili utilizzate, ma consentiranno inoltre di contenere, come in questo caso, i rincari di luce e gas.<\/p>\n","protected":false},"excerpt":{"rendered":"<p>Il 2021 \u00e8 stato l&#8217;anno delle energie rinnovabili, ma anche quello dei rincari di energia e gas. Nel progetto per Palazzo Ravasio Antonio Franchi ha optato per materiali e impianti green a favore del risparmio energetico. Rincari e rinnovabili: il progetto sostenibile di Antonio Franchi Il 2021 \u00e8 stato senza dubbio l&#8217;anno delle rinnovabili: le [&hellip;]<\/p>\n","protected":false},"author":40,"featured_media":0,"comment_status":"open","ping_status":"open","sticky":false,"template":"","format":"standard","meta":{"footnotes":""},"categories":[4],"tags":[19249],"class_list":["post-65432","post","type-post","status-publish","format-standard","hentry","category-attualita-e-societa","tag-antonio-franchi"],"_links":{"self":[{"href":"https:\/\/www.area-press.eu\/comunicatistampa\/wp-json\/wp\/v2\/posts\/65432","targetHints":{"allow":["GET"]}}],"collection":[{"href":"https:\/\/www.area-press.eu\/comunicatistampa\/wp-json\/wp\/v2\/posts"}],"about":[{"href":"https:\/\/www.area-press.eu\/comunicatistampa\/wp-json\/wp\/v2\/types\/post"}],"author":[{"embeddable":true,"href":"https:\/\/www.area-press.eu\/comunicatistampa\/wp-json\/wp\/v2\/users\/40"}],"replies":[{"embeddable":true,"href":"https:\/\/www.area-press.eu\/comunicatistampa\/wp-json\/wp\/v2\/comments?post=65432"}],"version-history":[{"count":1,"href":"https:\/\/www.area-press.eu\/comunicatistampa\/wp-json\/wp\/v2\/posts\/65432\/revisions"}],"predecessor-version":[{"id":65433,"href":"https:\/\/www.area-press.eu\/comunicatistampa\/wp-json\/wp\/v2\/posts\/65432\/revisions\/65433"}],"wp:attachment":[{"href":"https:\/\/www.area-press.eu\/comunicatistampa\/wp-json\/wp\/v2\/media?parent=65432"}],"wp:term":[{"taxonomy":"category","embeddable":true,"href":"https:\/\/www.area-press.eu\/comunicatistampa\/wp-json\/wp\/v2\/categories?post=65432"},{"taxonomy":"post_tag","embeddable":true,"href":"https:\/\/www.area-press.eu\/comunicatistampa\/wp-json\/wp\/v2\/tags?post=65432"}],"curies":[{"name":"wp","href":"https:\/\/api.w.org\/{rel}","templated":true}]}}