{"id":6541,"date":"2016-02-21T14:07:42","date_gmt":"2016-02-21T13:07:42","guid":{"rendered":"http:\/\/www.area-press.eu\/comunicatistampa\/?p=6541"},"modified":"2016-02-21T14:07:42","modified_gmt":"2016-02-21T13:07:42","slug":"cori-26-27-28-febbraio-il-condominio-dellarte-presenta-anonimo-veneziano","status":"publish","type":"post","link":"https:\/\/www.area-press.eu\/comunicatistampa\/2016\/02\/21\/cori-26-27-28-febbraio-il-condominio-dellarte-presenta-anonimo-veneziano\/","title":{"rendered":"Cori, 26-27-28 Febbraio: il ConDominio dell\u2019Arte presenta \u2018Anonimo Veneziano\u2019"},"content":{"rendered":"<p>Il ConDominio dell\u2019Arte di Cori e Giulianello torna nel fine settimana con un nuovo ed imperdibile spettacolo teatrale. <strong>Venerd\u00ec 26 (ore 21), sabato 27 (ore 21) e domenica 28 Febbraio (ore 17:30), presso il Teatro Comunale di Cori, debutta \u2018Anonimo Veneziano\u2019<\/strong>, con la regia di <strong>Tito Vittori<\/strong>.<\/p>\n<p><strong>\u2018Anonimo Veneziano\u2019 era in origine una sceneggiatura cinematografica<\/strong>, scritta da Giuseppe Berto, per un film di grande successo diretto da Enrico Maria Salerno, con Florinda Bolkan e Tony Musante. Fu uno dei pi\u00f9 grandi incassi al botteghino nella stagione 1971-1972. La sua stupenda colonna sonora fu raccolta in un LP (come si chiamavano negli anni \u201870 i dischi a 33 giri) e in un 45 giri, cantato da Massimo Ranieri, anche questo in testa alla hit-parade dell\u2019epoca per parecchie settimane.<\/p>\n<p>La vicenda personale dei due protagonisti si intreccia indissolubilmente con un periodo preciso della storia italiana, e questo legame diventa essenziale per lo svolgimento degli avvenimenti. Il riferimento principale \u00e8 alla <strong>legge Fortuna-Baslini<\/strong> che, nel 1970, introduceva in Italia la possibilit\u00e0 del divorzio. Proprio in questi giorni, come allora, si discute animatamente e spesso senza una reale cognizione di causa, su questioni fondamentali in una societ\u00e0 civile moderna, che coinvolge sfere pubbliche e private: <strong>ricordarsi di quello che \u00e8 successo in Italia in quegli anni non pu\u00f2 che aiutare a riflettere meglio<\/strong>.<\/p>\n<p><strong>Ma \u2018Anonimo Veneziano\u2019 \u00e8 soprattutto una grande storia d\u2019amore, di quelle di una volta<\/strong>: nell\u2019arco di una giornata, davanti ai nostri occhi si svolge un rapporto durato anni che per\u00f2, nel bene e nel male, tra lacerazioni profonde e passioni infinite, non si \u00e8 ancora esaurito. Il tutto nella cornice della citt\u00e0 pi\u00f9 romantica del mondo: Venezia.<\/p>\n<p><strong>Manuela Palmas<\/strong> e <strong>Antonio De Franceschi<\/strong> interpretano i due omonimi Lei e Lui, che si rivedono dopo 8 anni. Lei fuggita dalla relazione e stabilitasi a Milano, lui rimasto a Venezia. Dopo 8 anni senza alcun contatto (lei lo ha cercato ma lui non ha mai risposto) improvvisamente lui si rif\u00e0 vivo e le chiede di rivedersi. <strong>\u00c8 una mattina di Novembre, e alla stazione di Venezia, dopo 8 anni, i due finalmente si incontrano e \u2026<\/strong> Per informazioni: 328 01 73 431 e 333 47 77 157.<\/p>\n","protected":false},"excerpt":{"rendered":"<p>Il ConDominio dell\u2019Arte di Cori e Giulianello torna nel fine settimana con un nuovo ed imperdibile spettacolo teatrale. Venerd\u00ec 26 (ore 21), sabato 27 (ore 21) e domenica 28 Febbraio (ore 17:30), presso il Teatro Comunale di Cori, debutta \u2018Anonimo Veneziano\u2019, con la regia di Tito Vittori. \u2018Anonimo Veneziano\u2019 era in origine una sceneggiatura cinematografica, [&hellip;]<\/p>\n","protected":false},"author":659,"featured_media":0,"comment_status":"open","ping_status":"open","sticky":false,"template":"","format":"standard","meta":{"footnotes":""},"categories":[29],"tags":[],"class_list":["post-6541","post","type-post","status-publish","format-standard","hentry","category-comunicati"],"_links":{"self":[{"href":"https:\/\/www.area-press.eu\/comunicatistampa\/wp-json\/wp\/v2\/posts\/6541","targetHints":{"allow":["GET"]}}],"collection":[{"href":"https:\/\/www.area-press.eu\/comunicatistampa\/wp-json\/wp\/v2\/posts"}],"about":[{"href":"https:\/\/www.area-press.eu\/comunicatistampa\/wp-json\/wp\/v2\/types\/post"}],"author":[{"embeddable":true,"href":"https:\/\/www.area-press.eu\/comunicatistampa\/wp-json\/wp\/v2\/users\/659"}],"replies":[{"embeddable":true,"href":"https:\/\/www.area-press.eu\/comunicatistampa\/wp-json\/wp\/v2\/comments?post=6541"}],"version-history":[{"count":1,"href":"https:\/\/www.area-press.eu\/comunicatistampa\/wp-json\/wp\/v2\/posts\/6541\/revisions"}],"predecessor-version":[{"id":6542,"href":"https:\/\/www.area-press.eu\/comunicatistampa\/wp-json\/wp\/v2\/posts\/6541\/revisions\/6542"}],"wp:attachment":[{"href":"https:\/\/www.area-press.eu\/comunicatistampa\/wp-json\/wp\/v2\/media?parent=6541"}],"wp:term":[{"taxonomy":"category","embeddable":true,"href":"https:\/\/www.area-press.eu\/comunicatistampa\/wp-json\/wp\/v2\/categories?post=6541"},{"taxonomy":"post_tag","embeddable":true,"href":"https:\/\/www.area-press.eu\/comunicatistampa\/wp-json\/wp\/v2\/tags?post=6541"}],"curies":[{"name":"wp","href":"https:\/\/api.w.org\/{rel}","templated":true}]}}