{"id":6516,"date":"2016-02-20T15:08:48","date_gmt":"2016-02-20T14:08:48","guid":{"rendered":"http:\/\/www.area-press.eu\/comunicatistampa\/?p=6516"},"modified":"2016-02-20T15:08:48","modified_gmt":"2016-02-20T14:08:48","slug":"in-val-casies-la-pista-e-un-bijoux-domani-al-via-la-33a-granfondo-in-classico","status":"publish","type":"post","link":"https:\/\/www.area-press.eu\/comunicatistampa\/2016\/02\/20\/in-val-casies-la-pista-e-un-bijoux-domani-al-via-la-33a-granfondo-in-classico\/","title":{"rendered":"IN VAL CASIES LA PISTA \u00c8 UN BIJOUX, DOMANI AL VIA LA 33\u00aa GRANFONDO IN CLASSICO"},"content":{"rendered":"<p>Gran Fondo Val Casies sugli sci stretti domani e domenica in Alto Adige<\/p>\n<p>Gare in tecnica classica e libera di 30 e 42 km<\/p>\n<p>Sorprese per il 60.000esimo classificato finale, per lui una festa speciale<\/p>\n<p>Parterre de rois alla manifestazione altoatesina. Domenica gara valida per la Coppa Italia<\/p>\n<p>&nbsp;<\/p>\n<p>&nbsp;<\/p>\n<p>In Val Casies manca solamente un giorno all\u2019inizio della trentatreesima edizione della Gran Fondo Val Casies, l\u2019evento altoatesino che dal 1984 non ha mai mancato un appuntamento.<\/p>\n<p>Una professionalit\u00e0 esemplare dimostrata anche dalle condizioni della pista, la vera vincitrice prima che gli atleti scendano sul manto innevato. In un inverno tribolato dal punto di vista meteo per quanto riguarda le gare di sci di fondo ed alpino, far registrare un tracciato cos\u00ec superbo, capace di attirare i fondisti pi\u00f9 esperti, pu\u00f2 considerarsi una significativa nota di merito per il comitato organizzatore presieduto da Walter Felderer e per il lavoro profuso dall\u2019Associazione Turistica di Casies, Monguelfo e Tesido, guidata dal presidente Wilhelm Stoll, oltre ai 450 volontari impegnati, la vera anima della Gran Fondo Val Casies.<\/p>\n<p>Una competizione sportiva che \u00e8 una grande festa, con la presenza di 39 nazioni a farla da padrone, e anche atleti provenienti da paesi non proprio affini alle tecniche degli sci stretti come Georgia, Sudafrica, Malesia, Messico, Hong Kong, Venezuela, Lituania, Israele, India, Brasile, Spagna, Cina, Giappone e Irlanda \u201cplaneranno\u201d dalle proprie terre d\u2019origine per gareggiare sul candido itinerario di San Martino. Dall\u2019anno di fondazione dell\u2019evento sono 59.022 gli atleti ad aver gi\u00e0 tagliato il traguardo della competizione altoatesina, mancano solamente 978 concorrenti per raggiungere quota 60.000. Il fortunato partecipante che questo weekend si presenter\u00e0 all\u2019arrivo come 60.000esimo finisher sar\u00e0 accolto da vero campione e festeggiato con foto, interviste e premi. Molti anche gli stranieri per la \u201cJust for Fun\u201d alla quale \u00e8 annunciato anche il presidente della Marcialonga, Angelo Corradini, nel giorno del suo compleanno.<\/p>\n<p>Il programma di gare domani vedr\u00e0 i fondisti impegnati in tecnica classica su distanze di 30 e 42 km, con partenza a scaglioni dalle ore 10.00, domenica invece sfide in tecnica libera sulle medesime distanze del sabato, sempre alle ore 10.00. Tante anche le iniziative di contorno, un team di cuochi regaler\u00e0 un \u201cmen\u00f9 a 5 stelle\u201d e non il solito pasta party di fine gara per recuperare le energie spese, ma un vero pranzo a base di maccheroni, filetto di maiale, strudel di mele e tante altre prelibatezze; i fondisti al via parteciperanno anche all\u2019estrazione di cinque mountain bike in occasione della cerimonia di premiazione. Weekend in musica con lo \u201cSports Party\u201d di domani sera dalle ore 20.00, mentre nella giornata di domenica \u201cAfter-Race Party\u201d dalle 15.00 alle 23.00.<\/p>\n<p>L\u2019elenco di fondisti partecipanti \u00e8 di gran classe, in particolare con le presenze al maschile del bicampione olimpico Giorgio Di Centa, del ceco Stanislav \u0158ez\u00e1\u010d, di Thomas Steurer, 1\u00b0 alla Gran Fondo Val Casies 2009, dei giovani azzurri Alan Martinelli e Fabio Clementi, dell\u2019atleta \u201cdi casa\u201d Dietmar N\u00f6ckler, poi ci saranno Fulvio Scola, Mattia Pellegrin, Bruno Debertolis, e ancora Simone Paredi, Enrico Nizzi e Matteo Tanel del CS Esercito, gli atleti della Forestale Mirco Bertolina, Claudio Muller, Paolo Fanton e Stefano Gardener, i fratelli gemelli Nicolas e Thomas Bormolini e Reinhard Kargruber, Simone Romani delle Fiamme Gialle e Sergio Rigoni, Luca Orlandi del GS Fiamme Oro, Simone Bosin e Mauro Brigadoi.<\/p>\n<p>Donne al via con la favorita Valentina Shevchenko, le vincitrici della scorsa edizione Natalia Zernova (42 km TL), Barbara Felderer (30 km TC) e Renate Forstner (42 km TC), la ceca Katerina Smutna, la veronese Debora Roncari e Debora Agreiter dei Carabinieri, e le fondiste delle Fiamme Oro Erica Antoniol e Sara Pellegrini. La gara di 30 km di domenica per le donne e quella di 42 km per gli uomini saranno valevoli per la Coppa Italia Sportful, oltrech\u00e9, assieme alle altre, per i circuiti Euroloppet, Italian Ranking e Mastertour.<\/p>\n<p>Ultime iscrizioni in loco disponibili alle quote di 59 euro per tecnica classica o libera, 97 per entrambe, e 49 euro per la non competitiva Just for Fun.<\/p>\n<p>Il canale nazionale Rai Sport 1 trasmetter\u00e0 la ski-marathon altoatesina nella giornata di venerd\u00ec 26 febbraio, dalle 15.15 alle 16.15.<\/p>\n<p>Info: <a href=\"http:\/\/www.valcasies.com\/\">www.valcasies.com<\/a><\/p>\n","protected":false},"excerpt":{"rendered":"<p>Gran Fondo Val Casies sugli sci stretti domani e domenica in Alto Adige Gare in tecnica classica e libera di 30 e 42 km Sorprese per il 60.000esimo classificato finale, per lui una festa speciale Parterre de rois alla manifestazione altoatesina. Domenica gara valida per la Coppa Italia &nbsp; &nbsp; In Val Casies manca solamente [&hellip;]<\/p>\n","protected":false},"author":15,"featured_media":0,"comment_status":"open","ping_status":"open","sticky":false,"template":"","format":"standard","meta":{"footnotes":""},"categories":[15],"tags":[],"class_list":["post-6516","post","type-post","status-publish","format-standard","hentry","category-sport"],"_links":{"self":[{"href":"https:\/\/www.area-press.eu\/comunicatistampa\/wp-json\/wp\/v2\/posts\/6516","targetHints":{"allow":["GET"]}}],"collection":[{"href":"https:\/\/www.area-press.eu\/comunicatistampa\/wp-json\/wp\/v2\/posts"}],"about":[{"href":"https:\/\/www.area-press.eu\/comunicatistampa\/wp-json\/wp\/v2\/types\/post"}],"author":[{"embeddable":true,"href":"https:\/\/www.area-press.eu\/comunicatistampa\/wp-json\/wp\/v2\/users\/15"}],"replies":[{"embeddable":true,"href":"https:\/\/www.area-press.eu\/comunicatistampa\/wp-json\/wp\/v2\/comments?post=6516"}],"version-history":[{"count":1,"href":"https:\/\/www.area-press.eu\/comunicatistampa\/wp-json\/wp\/v2\/posts\/6516\/revisions"}],"predecessor-version":[{"id":6517,"href":"https:\/\/www.area-press.eu\/comunicatistampa\/wp-json\/wp\/v2\/posts\/6516\/revisions\/6517"}],"wp:attachment":[{"href":"https:\/\/www.area-press.eu\/comunicatistampa\/wp-json\/wp\/v2\/media?parent=6516"}],"wp:term":[{"taxonomy":"category","embeddable":true,"href":"https:\/\/www.area-press.eu\/comunicatistampa\/wp-json\/wp\/v2\/categories?post=6516"},{"taxonomy":"post_tag","embeddable":true,"href":"https:\/\/www.area-press.eu\/comunicatistampa\/wp-json\/wp\/v2\/tags?post=6516"}],"curies":[{"name":"wp","href":"https:\/\/api.w.org\/{rel}","templated":true}]}}