{"id":65105,"date":"2022-01-26T17:27:01","date_gmt":"2022-01-26T16:27:01","guid":{"rendered":"https:\/\/www.area-press.eu\/comunicatistampa\/?p=65105"},"modified":"2022-01-26T17:27:01","modified_gmt":"2022-01-26T16:27:01","slug":"marco-cignoli-mi-devo-abituare-e-il-nuovo-singolo-del-cantautore-e-conduttore-pavese-estratto-dal-suo-album-desordio-coccodrillo-bianco","status":"publish","type":"post","link":"https:\/\/www.area-press.eu\/comunicatistampa\/2022\/01\/26\/marco-cignoli-mi-devo-abituare-e-il-nuovo-singolo-del-cantautore-e-conduttore-pavese-estratto-dal-suo-album-desordio-coccodrillo-bianco\/","title":{"rendered":"MARCO CIGNOLI \u201cMi devo abituare\u201d \u00e8 il nuovo singolo del cantautore e conduttore pavese estratto dal suo album d\u2019esordio \u201cCoccodrillo bianco\u201d"},"content":{"rendered":"<p style=\"text-align: center\"><i><span style=\"font-weight: 400\">Sonorit\u00e0 cupe fanno da sottofondo a questo brano dove un amore non corrisposto lascia un senso di solitudine a cui non \u00e8 facile abituarsi.\u00a0<\/span><\/i><\/p>\n<p><img decoding=\"async\" class=\"aligncenter\" src=\"https:\/\/www.earone.it\/newsimages\/marco_cignoli_mi_devo_abituare_cover.jpg___th_320_0.jpg\" \/><\/p>\n<p style=\"text-align: center\"><b>IN RADIO DAL 21 GENNAIO<\/b><\/p>\n<p><span style=\"font-weight: 400\">Brano dalle cupe influenze drum\u2019n\u2019bass e dream pop, con loop riprodotto in maniera quasi ossessiva, racconta le conseguenze di un amore non corrisposto: solitudine, sentimento di rifiuto, impatto sulla propria autostima, profonda sofferenza. C\u2019\u00e8 la consapevolezza di doversi abituare, ma gli occhi della persona amata fanno sentire intrappolati in un sentimento intenso senza via d\u2019uscita.\u00a0<\/span><\/p>\n<p><span style=\"font-weight: 400\">Mi devo abituare \u00e8 il secondo singolo estratto dall\u2019album d\u2019esordio \u201cCoccodrillo bianco\u201d, i cui testi sono stati scritti in diversi anni e i temi trattati, alcuni molto delicati come depressione, ansia, solitudine, amori non corrisposti, vengono in qualche modo esorcizzati attraverso sonorit\u00e0 elettro-dance e synth-pop.\u00a0<\/span><\/p>\n<p><span style=\"font-weight: 400\">Il titolo dell\u2019album \u00e8 ispirato ad una storica canzone di Alberto Radius dedicata ai \u201ccoccodrilli bianchi\u201d che da decenni, secondo la credenza popolare, avrebbero preso il possesso delle fogne di New York, cibandosi di scarti e ratti. Nel corso degli anni, il termine \u201ccoccodrillo biano\u201d \u00e8 stato utilizzato da tutti coloro che rifiutano l\u2019ipocrisia, il materialismo, la gabbia dorata della societ\u00e0 odierna e preferiscono rimanere al buio delle fogne in attesa, un giorno, di prendere il possesso di questa societ\u00e0 malata e dedita alla superficialit\u00e0 e all\u2019apparenza.\u00a0<\/span><\/p>\n<p>&nbsp;<\/p>\n<p><b>DICONO DI LUI<\/b><\/p>\n<p>&nbsp;<\/p>\n<p><i><span style=\"font-weight: 400\">\u00ab<\/span><\/i><i><span style=\"font-weight: 400\">\u201cCoccodrillo bianco\u201d \u00e8 sicuramente un disco impegnato e impegnativo per un pop d\u2019autore che sa farsi leggero e serioso nel momento giusto. <\/span><\/i><i><span style=\"font-weight: 400\">\u00bb <\/span><\/i><b>Cherry Press<\/b><\/p>\n<p>&nbsp;<\/p>\n<p><i><span style=\"font-weight: 400\">\u00abSi intitola \u201cCoccodrillo bianco\u201d il primo lavoro ufficiale di Marco Cignoli, che rispolvera vecchie scritture, ma che soprattutto si concede il coraggio di nuovi storytelling, leggeri e impegnati allo stesso tempo<\/span><\/i><i><span style=\"font-weight: 400\">\u00bb<\/span><\/i> <b><i>\u00a0<\/i><\/b><b>Raro pi\u00f9<\/b><\/p>\n<p>&nbsp;<\/p>\n<p><i><span style=\"font-weight: 400\">\u00abE forse \u00e8 proprio l\u2019emancipazione personale che trova ampio respiro dentro questo disco di gustoso pop colorato e industriale. Suoni digitali ma anche un respiro umano che non smette mai di affascinare.\u00bb<\/span><\/i><b> Ophelia Blog<\/b><\/p>\n<p>&nbsp;<\/p>\n<p><i><span style=\"font-weight: 400\">\u00ab . . .Ma proprio l\u00ec sta la forza: anche dentro contenitori dai margini severi, esiste uno spazio entro cui liberarsi e costruire la propria unicit\u00e0. Disco dunque capace di rivelare una biografia preziosa contro le apparenze superficiali.\u00bb<\/span><\/i><b> Mondo Spettacolo<\/b><\/p>\n<p>&nbsp;<\/p>\n<p><i><span style=\"font-weight: 400\">\u00ab\u201cCoccodrillo bianco\u201d \u00e8 come un viaggio in macchina con l&#8217;amico di sempre: il tempo passa veloce, piacevolmente e si vorrebbe che non finisse mai.\u00bb <\/span><\/i><b><i>\u00a0<\/i><\/b><b>Low Music<\/b><\/p>\n<p>&nbsp;<\/p>\n<p><span style=\"font-weight: 400\">Etichetta:<\/span><b> Jab Media<\/b><\/p>\n<p><span style=\"font-weight: 400\">Radio date:<\/span><b> 21 gennaio 2022<\/b><\/p>\n<p><span style=\"font-weight: 400\">Release album:<\/span><b> 15 ottobre 2021<\/b><\/p>\n<p>&nbsp;<\/p>\n<p><b>Contatti e social<\/b><\/p>\n<p><span style=\"font-weight: 400\">Sito Internet:<\/span><a href=\"http:\/\/www.marcocignoli.com\/\"> <span style=\"font-weight: 400\">www.marcocignoli.com<\/span><\/a><\/p>\n<p><span style=\"font-weight: 400\">Facebook:<\/span><a href=\"https:\/\/www.facebook.com\/marcocignolime\"> <span style=\"font-weight: 400\">https:\/\/www.facebook.com\/marcocignolime<\/span><\/a><\/p>\n<p><span style=\"font-weight: 400\">Instagram:<\/span><a href=\"https:\/\/www.instagram.com\/marco.cignoli\/\"> <span style=\"font-weight: 400\">https:\/\/www.instagram.com\/marco.cignoli\/<\/span><\/a><\/p>\n<p><span style=\"font-weight: 400\">Twitter:<\/span> <span style=\"font-weight: 400\">https:\/\/twitter.com\/marco_cignoli<\/span><\/p>\n<p><span style=\"font-weight: 400\">Youtube:<\/span> <span style=\"font-weight: 400\">https:\/\/www.youtube.com\/channel\/UCOhGy8aJl-8GJSJRxrwD-iw<\/span><span style=\"font-weight: 400\">\u00a0<\/span><\/p>\n<p>&nbsp;<\/p>\n<p><b>BIO<\/b><\/p>\n<p><span style=\"font-weight: 400\">Marco Cignoli nasce a Voghera nel 1988.<\/span><\/p>\n<p><span style=\"font-weight: 400\">L&#8217;esordio nella musica avviene nel 2010 grazie al singolo corale a scopo benefico &#8220;<\/span><i><span style=\"font-weight: 400\">Noi Siamo Qui<\/span><\/i><span style=\"font-weight: 400\">&#8221; scritto e prodotto da <\/span><b>Michael Righini<\/b><span style=\"font-weight: 400\">. Nel 2018 pubblica il primo singolo &#8220;<\/span><i><span style=\"font-weight: 400\">Can You Love Me<\/span><\/i><span style=\"font-weight: 400\">&#8220;, prodotto da <\/span><b>Alessandro Porcella<\/b><span style=\"font-weight: 400\">. Nel 2020 collabora con <\/span><b>Dj Sheezah<\/b><span style=\"font-weight: 400\"> alla realizzazione di due singoli: &#8220;Figlio Imperfetto&#8221; e &#8220;La mia Mercedes&#8221;.<\/span><\/p>\n<p><span style=\"font-weight: 400\">Come reporter televisivo, nel 2012 avvia una collaborazione con Tele Pavia Web e un lungo matrimonio con Occhio Pavese, principale web tv del territorio per la quale conduce, scrive e produce centinaia di programmi, eventi dal vivo e interviste. Nel 2015 presenta l&#8217;evento esclusivo di Loredana Bert\u00e8 al Caff\u00e8 Letterario di Roma. Nel 2018 conduce la 21\u00b0 edizione del VideoFestival Live con Consuelo Orsingher e Mara Maionchi. Dal 2018 frequenta con successo il corso di conduzione radiofonica presso l&#8217;Accademia 09 di Milano. Nel 2019 \u00e8 autore e conduttore per alcune emittenti radiofoniche. L&#8217;anno successivo, dal teatro de La Triennale di Milano, presenta il prestigioso Premio Virt\u00f9 Civica. A febbraio 2020 pubblica l&#8217;opera letteraria &#8220;<\/span><i><span style=\"font-weight: 400\">Francesco Cignoli: all&#8217;ombra della quercia<\/span><\/i><span style=\"font-weight: 400\">&#8220;, basata su tre memoriali lasciati in eredit\u00e0 da nonno Francesco al nipote Marco. Il libro entra nella top25 Amazon delle biografie pi\u00f9 acquistate in Italia. Da novembre dello stesso anno conduce il programma quotidiano &#8220;Happy Day&#8221; su Babayaga Tv, la rete televisiva musicale disponibile sul canale 601 del digitale terrestre. Per la web tv Jab Media Tv realizza interviste e reportage.\u00a0<\/span><\/p>\n<p><span style=\"font-weight: 400\">Il 15 ottobre 2021 esce il suo primo album dal titolo \u201cCoccodrillo bianco\u201d.<\/span><\/p>\n<p>&nbsp;<\/p>\n<p><span style=\"font-weight: 400\">Fonte: <\/span><span style=\"font-weight: 400\">www.laltoparlante.it<\/span><\/p>\n","protected":false},"excerpt":{"rendered":"<p>Sonorit\u00e0 cupe fanno da sottofondo a questo brano dove un amore non corrisposto lascia un senso di solitudine a cui non \u00e8 facile abituarsi.\u00a0 IN RADIO DAL 21 GENNAIO Brano dalle cupe influenze drum\u2019n\u2019bass e dream pop, con loop riprodotto in maniera quasi ossessiva, racconta le conseguenze di un amore non corrisposto: solitudine, sentimento di [&hellip;]<\/p>\n","protected":false},"author":4383,"featured_media":0,"comment_status":"open","ping_status":"open","sticky":false,"template":"","format":"standard","meta":{"footnotes":""},"categories":[12],"tags":[4244,28824,30327,4245,28888,690],"class_list":["post-65105","post","type-post","status-publish","format-standard","hentry","category-musica","tag-cantautorato","tag-dream-pop","tag-marco-cignoli","tag-musica-italiana","tag-musica-pop","tag-nuovo-singolo"],"_links":{"self":[{"href":"https:\/\/www.area-press.eu\/comunicatistampa\/wp-json\/wp\/v2\/posts\/65105","targetHints":{"allow":["GET"]}}],"collection":[{"href":"https:\/\/www.area-press.eu\/comunicatistampa\/wp-json\/wp\/v2\/posts"}],"about":[{"href":"https:\/\/www.area-press.eu\/comunicatistampa\/wp-json\/wp\/v2\/types\/post"}],"author":[{"embeddable":true,"href":"https:\/\/www.area-press.eu\/comunicatistampa\/wp-json\/wp\/v2\/users\/4383"}],"replies":[{"embeddable":true,"href":"https:\/\/www.area-press.eu\/comunicatistampa\/wp-json\/wp\/v2\/comments?post=65105"}],"version-history":[{"count":1,"href":"https:\/\/www.area-press.eu\/comunicatistampa\/wp-json\/wp\/v2\/posts\/65105\/revisions"}],"predecessor-version":[{"id":65106,"href":"https:\/\/www.area-press.eu\/comunicatistampa\/wp-json\/wp\/v2\/posts\/65105\/revisions\/65106"}],"wp:attachment":[{"href":"https:\/\/www.area-press.eu\/comunicatistampa\/wp-json\/wp\/v2\/media?parent=65105"}],"wp:term":[{"taxonomy":"category","embeddable":true,"href":"https:\/\/www.area-press.eu\/comunicatistampa\/wp-json\/wp\/v2\/categories?post=65105"},{"taxonomy":"post_tag","embeddable":true,"href":"https:\/\/www.area-press.eu\/comunicatistampa\/wp-json\/wp\/v2\/tags?post=65105"}],"curies":[{"name":"wp","href":"https:\/\/api.w.org\/{rel}","templated":true}]}}