{"id":6507,"date":"2016-02-20T15:08:48","date_gmt":"2016-02-20T14:08:48","guid":{"rendered":"http:\/\/www.area-press.eu\/comunicatistampa\/?p=6507"},"modified":"2016-02-20T15:08:48","modified_gmt":"2016-02-20T14:08:48","slug":"campionati-europei-in-trentino-ad-arco-la-corsa-in-montagna-si-fa-in-citta","status":"publish","type":"post","link":"https:\/\/www.area-press.eu\/comunicatistampa\/2016\/02\/20\/campionati-europei-in-trentino-ad-arco-la-corsa-in-montagna-si-fa-in-citta\/","title":{"rendered":"CAMPIONATI EUROPEI IN TRENTINO, AD ARCO LA CORSA IN MONTAGNA SI FA\u2026 IN CITT\u00c0"},"content":{"rendered":"<p>Il 2 luglio Campionati Europei di Corsa in Montagna ad Arco (TN)<\/p>\n<p>Location ideale per una manifestazione podistica<\/p>\n<p>Alcuni atleti sono gi\u00e0 stati preselezionati in vista della competizione trentina<\/p>\n<p>GardaSportEvents organizzer\u00e0 l\u2019evento<\/p>\n<p>&nbsp;<\/p>\n<p>&nbsp;<\/p>\n<p>I Campionati Europei di corsa in montagna torneranno in Italia, pi\u00f9 precisamente il 2 luglio ad Arco, in provincia di Trento. La cittadina si sviluppa alle pendici di una rupe rocciosa, dalla quale svetta uno spettacolare castello medievale. Uno scenario che ogni anno richiama migliaia di visitatori, attirati dal panorama incantevole e da una visita all\u2019antico castello. Un luogo spettacolare nel quale svolgere una disciplina come la corsa in montagna, proprio perch\u00e9 passer\u00e0, come raramente accade, all\u2019interno di una citt\u00e0.<\/p>\n<p>Lo scorso ottobre i tecnici della Federazione Europea di Atletica (EAA) e i dirigenti della FIDAL si sono ritrovati proprio ad Arco per valutare il progetto della cittadina trentina. La delegazione \u00e8 rimasta entusiasta delle dinamiche del percorso e della location del Garda Trentino, oltre alle novit\u00e0 suggerite dall\u2019organizzazione dell\u2019Asd GardaSportEvents, in merito all\u2019intera disciplina della corsa in montagna.<\/p>\n<p>Lo scorso 15 gennaio il Consiglio Federale italiano ha approvato i criteri di selezione per i fondamentali appuntamenti internazionali di corsa in montagna. Una stagione che si incentrer\u00e0 in principal modo sui Campionati Europei del 2 luglio prossimo ad Arco, senza dimenticare gli altri rendez vous come i Campionati Mondiali di Sapareva Banya (BUL) dell\u201911 settembre, i Mondiali di Lunghe Distanze del 18 giugno a Podbrdo, in Slovenia, e la rassegna dedicata agli under 18, in calendario il 25 giugno a Janske Lazne, in Repubblica Ceca. Ad Arco possono partecipare al massimo 4 atleti per nazione, di cui 3 porteranno punteggio per la classifica a squadre. Si scorgono gi\u00e0 alcuni nomi preselezionati, come Bernard Dematteis, Martin Dematteis ed Alice Gaggi. L\u2019elenco ufficiale degli atleti e delle atlete convocabili sar\u00e0 comunicato entro la data del 7 giugno 2016.<\/p>\n<p>I Campionati Europei 2016 porteranno i campioni di corsa in montagna a sfidarsi attorno al Castello di Arco, poich\u00e9 la cittadina arcense non \u00e8 solamente una location sportiva, ma anche una destinazione turistica di tutto rispetto. Il tracciato partir\u00e0 dal centro citt\u00e0 e giunger\u00e0 al Castello, si estender\u00e0 sino all\u2019olivaia prima di presentarsi d\u2019innanzi al Monte Colodri.<\/p>\n<p>Un percorso visionato anche dal campione Bernard Dematteis e dai protagonisti dell\u2019oro a squadre ai mondiali gallesi di corsa in montagna. Un itinerario talmente suggestivo da rimanerne estasiati, quasi da \u201crubare la scena\u201d all\u2019agonismo.<\/p>\n<p>Info: www.arco2016.com<\/p>\n","protected":false},"excerpt":{"rendered":"<p>Il 2 luglio Campionati Europei di Corsa in Montagna ad Arco (TN) Location ideale per una manifestazione podistica Alcuni atleti sono gi\u00e0 stati preselezionati in vista della competizione trentina GardaSportEvents organizzer\u00e0 l\u2019evento &nbsp; &nbsp; I Campionati Europei di corsa in montagna torneranno in Italia, pi\u00f9 precisamente il 2 luglio ad Arco, in provincia di Trento. [&hellip;]<\/p>\n","protected":false},"author":15,"featured_media":0,"comment_status":"open","ping_status":"open","sticky":false,"template":"","format":"standard","meta":{"footnotes":""},"categories":[15],"tags":[],"class_list":["post-6507","post","type-post","status-publish","format-standard","hentry","category-sport"],"_links":{"self":[{"href":"https:\/\/www.area-press.eu\/comunicatistampa\/wp-json\/wp\/v2\/posts\/6507","targetHints":{"allow":["GET"]}}],"collection":[{"href":"https:\/\/www.area-press.eu\/comunicatistampa\/wp-json\/wp\/v2\/posts"}],"about":[{"href":"https:\/\/www.area-press.eu\/comunicatistampa\/wp-json\/wp\/v2\/types\/post"}],"author":[{"embeddable":true,"href":"https:\/\/www.area-press.eu\/comunicatistampa\/wp-json\/wp\/v2\/users\/15"}],"replies":[{"embeddable":true,"href":"https:\/\/www.area-press.eu\/comunicatistampa\/wp-json\/wp\/v2\/comments?post=6507"}],"version-history":[{"count":1,"href":"https:\/\/www.area-press.eu\/comunicatistampa\/wp-json\/wp\/v2\/posts\/6507\/revisions"}],"predecessor-version":[{"id":6508,"href":"https:\/\/www.area-press.eu\/comunicatistampa\/wp-json\/wp\/v2\/posts\/6507\/revisions\/6508"}],"wp:attachment":[{"href":"https:\/\/www.area-press.eu\/comunicatistampa\/wp-json\/wp\/v2\/media?parent=6507"}],"wp:term":[{"taxonomy":"category","embeddable":true,"href":"https:\/\/www.area-press.eu\/comunicatistampa\/wp-json\/wp\/v2\/categories?post=6507"},{"taxonomy":"post_tag","embeddable":true,"href":"https:\/\/www.area-press.eu\/comunicatistampa\/wp-json\/wp\/v2\/tags?post=6507"}],"curies":[{"name":"wp","href":"https:\/\/api.w.org\/{rel}","templated":true}]}}