{"id":65064,"date":"2022-01-21T15:47:09","date_gmt":"2022-01-21T14:47:09","guid":{"rendered":"https:\/\/www.area-press.eu\/comunicatistampa\/?p=65064"},"modified":"2022-01-22T19:06:18","modified_gmt":"2022-01-22T18:06:18","slug":"monica-de-serionormalita-diverse","status":"publish","type":"post","link":"https:\/\/www.area-press.eu\/comunicatistampa\/2022\/01\/21\/monica-de-serionormalita-diverse\/","title":{"rendered":"Monica De Serio,Normalit\u00e0 Diverse"},"content":{"rendered":"<p style=\"text-align: center\">la cantautrice fuori con il nuovo singolo<\/p>\n<p style=\"text-align: left\"><img loading=\"lazy\" decoding=\"async\" class=\"aligncenter\" src=\"https:\/\/www.joyfreepress.com\/wp-content\/uploads\/2022\/01\/Cover-Monica-De-Serio.jpg\" width=\"471\" height=\"471\" \/><br \/>\nLa Cantautrice Pugliese Monica De Serio, pubblica il suo terzo lavoro con l&#8217;etichetta DMB Management e la Direzione Artistica di Apulia MusicArte.<br \/>\nDopo un importante esordio con il suo primo singolo \u201cSud\u201d, dalle sonorit\u00e0 tipiche della tradizione e della sua terra, e un secondo brano estivo, fresco e accattivante, \u201cHula Hoop\u201d, la cantautrice Monica De Serio rinnova il suo appuntamento con la Musica, con un nuovo singolo, pubblicato il 14 gennaio 2022, che sta gi\u00e0 riscuotendo numerosi consensi e desta grande interesse per la tematica trattata.<br \/>\nIl singolo \u201cNormalit\u00e0 Diverse\u201d nasce dal bisogno dell\u2019Autrice di condividere i suoi pensieri su un tema sociale molto controverso e sempre attuale: cosa \u00e8 normalit\u00e0 e cosa non lo \u00e8? Chi pu\u00f2 stabilirlo ?<br \/>\n&#8211; La vita \u00e8 un cammino &#8211; racconta la Cantautrice &#8211; un mettersi<br \/>\nin viaggio \u2026 e lungo la strada si incontrano volti, e quegli occhi<br \/>\nti segnano per sempre \u2026 e da quel momento non potrai pi\u00f9 restare in silenzio, Devi raccontare di quei sogni infranti, di quelle vite spezzate, di quei \u201cracconti\u201d non \u201craccontati\u201d<br \/>\nIl suo \u00e8 un brano che parla di Anime, di Volti, di Bisogno di Riscatto, di Alterit\u00e0.<br \/>\nNormalit\u00e0 Diverse \u00e8 online su tutti i digital stores e su youtube con il video ufficiale, che porta la firma dell\u2019apprezzato regista Francesco Carrabino.<\/p>\n<p>Direzione Artistica Apulia MusicArte<br \/>\nEtichetta Discografica DMB Management<br \/>\nProduzione: Giorgio Parisi<br \/>\nMix and Mastering: Paolo Muscolino<br \/>\nVideo e Riprese aeree: Francesco Carrabino &#8211; Chiara Platania<br \/>\nRegia: Francesco Carrabino<br \/>\nGrafica: Francesco Carrabino<br \/>\nOutfit: Rosa Very<br \/>\nMake-up: Rebecca Scarci<br \/>\nHair Stylist: Il Bello Delle Donne by Lucy Lucy Serio<\/p>\n<p>Si ringrazia per la location la Citt\u00e0 di Taranto<br \/>\nUn ringraziamento speciale agli attori professionisti che hanno preso parte alle scene:<br \/>\nRita Dell&#8217;aere<br \/>\nAnnalisa Calianno<br \/>\nVincenzo Bruno<br \/>\nSamuele Luccarelli<br \/>\nAntonio Paciulli<br \/>\nGianvito Liuzzi\u2028al M^Gioele Valentini, comparsa d&#8217;eccezione nel videoclip.<\/p>\n<p><iframe loading=\"lazy\" title=\"Monica De Serio   Normalit\u00e0 Diverse Official Video\" width=\"500\" height=\"281\" src=\"https:\/\/www.youtube.com\/embed\/cn2Z2yWg37Y?feature=oembed\" frameborder=\"0\" allow=\"accelerometer; autoplay; clipboard-write; encrypted-media; gyroscope; picture-in-picture; web-share\" referrerpolicy=\"strict-origin-when-cross-origin\" allowfullscreen><\/iframe><\/p>\n<p><a href=\"https:\/\/open.spotify.com\/track\/3jgWLeT0yJZwaugBSl8DPf?si=ZcZO7xr8Tx6CWGW-1wHWiw\">https:\/\/open.spotify.com\/track\/3jgWLeT0yJZwaugBSl8DPf?si=ZcZO7xr8Tx6CWGW-1wHWiw<\/a><\/p>\n<p>Isabel Zolli Promotion Agency<br \/>\nSede Operativa: via Simone De Saint Bon 47 \u2013 Roma<\/p>\n","protected":false},"excerpt":{"rendered":"<p>la cantautrice fuori con il nuovo singolo La Cantautrice Pugliese Monica De Serio, pubblica il suo terzo lavoro con l&#8217;etichetta DMB Management e la Direzione Artistica di Apulia MusicArte. Dopo un importante esordio con il suo primo singolo \u201cSud\u201d, dalle sonorit\u00e0 tipiche della tradizione e della sua terra, e un secondo brano estivo, fresco e [&hellip;]<\/p>\n","protected":false},"author":331,"featured_media":0,"comment_status":"open","ping_status":"open","sticky":false,"template":"","format":"standard","meta":{"footnotes":""},"categories":[12],"tags":[10677,30723,31649,690],"class_list":["post-65064","post","type-post","status-publish","format-standard","hentry","category-musica","tag-cantautrice","tag-monica-de-serio","tag-normalita-diverse","tag-nuovo-singolo"],"_links":{"self":[{"href":"https:\/\/www.area-press.eu\/comunicatistampa\/wp-json\/wp\/v2\/posts\/65064","targetHints":{"allow":["GET"]}}],"collection":[{"href":"https:\/\/www.area-press.eu\/comunicatistampa\/wp-json\/wp\/v2\/posts"}],"about":[{"href":"https:\/\/www.area-press.eu\/comunicatistampa\/wp-json\/wp\/v2\/types\/post"}],"author":[{"embeddable":true,"href":"https:\/\/www.area-press.eu\/comunicatistampa\/wp-json\/wp\/v2\/users\/331"}],"replies":[{"embeddable":true,"href":"https:\/\/www.area-press.eu\/comunicatistampa\/wp-json\/wp\/v2\/comments?post=65064"}],"version-history":[{"count":1,"href":"https:\/\/www.area-press.eu\/comunicatistampa\/wp-json\/wp\/v2\/posts\/65064\/revisions"}],"predecessor-version":[{"id":65065,"href":"https:\/\/www.area-press.eu\/comunicatistampa\/wp-json\/wp\/v2\/posts\/65064\/revisions\/65065"}],"wp:attachment":[{"href":"https:\/\/www.area-press.eu\/comunicatistampa\/wp-json\/wp\/v2\/media?parent=65064"}],"wp:term":[{"taxonomy":"category","embeddable":true,"href":"https:\/\/www.area-press.eu\/comunicatistampa\/wp-json\/wp\/v2\/categories?post=65064"},{"taxonomy":"post_tag","embeddable":true,"href":"https:\/\/www.area-press.eu\/comunicatistampa\/wp-json\/wp\/v2\/tags?post=65064"}],"curies":[{"name":"wp","href":"https:\/\/api.w.org\/{rel}","templated":true}]}}