{"id":65044,"date":"2022-01-21T11:23:46","date_gmt":"2022-01-21T10:23:46","guid":{"rendered":"https:\/\/www.area-press.eu\/comunicatistampa\/?p=65044"},"modified":"2022-01-22T19:06:18","modified_gmt":"2022-01-22T18:06:18","slug":"melissa-morandini-rumore-e-il-nuovo-singolo-dopo-la-semifinale-di-sanremo-giovani","status":"publish","type":"post","link":"https:\/\/www.area-press.eu\/comunicatistampa\/2022\/01\/21\/melissa-morandini-rumore-e-il-nuovo-singolo-dopo-la-semifinale-di-sanremo-giovani\/","title":{"rendered":"MELISSA MORANDINI \u201cRumore\u201d \u00e8 il nuovo singolo dopo la semifinale di Sanremo Giovani"},"content":{"rendered":"<p style=\"text-align: center\"><i><span style=\"font-weight: 400\">La consapevolezza di dover orbitare lontano da un amore finito fra rumore e silenzi.\u00a0<\/span><\/i><\/p>\n<p><img loading=\"lazy\" decoding=\"async\" class=\"aligncenter\" src=\"https:\/\/lh6.googleusercontent.com\/JdrnZfMtiKlQmaSDztltQjTKH723OhBYeMnIDS0uK7X7jngSNVDJ3ZDkDk8a4o0E9hvjtPRLPJDJ6f1FDp6m4I-gTDnt3o2XzADfuc9ZBA5--zMGRdLX3_HDCFFrr5pd9NIotRXM\" width=\"367\" height=\"367\" \/><\/p>\n<p style=\"text-align: center\"><b>In radio dal 21 gennaio<\/b><\/p>\n<p><span style=\"font-weight: 400\">Rumore \u00e8 il suono di una relazione finita che si mescola con il senso di colpa nell\u2019accettare consolazione e piacere da qualcun altro, pur sapendo che il sentimento \u00e8 tutt\u2019altro che sopito.\u00a0<\/span><\/p>\n<p><span style=\"font-weight: 400\">Il brano racconta della necessit\u00e0 di \u201corbitare lontano\u201d, per non cascare nuovamente fra braccia che erano fredde da troppo tempo, con la rabbia di non aver colto il silenzio e la necessit\u00e0 di circondarsi di rumore.\u00a0<\/span><\/p>\n<p><span style=\"font-weight: 400\">Etichetta: <\/span><b>Orangle Srl \/ Musicantiere snc\u00a0<\/b><\/p>\n<p><span style=\"font-weight: 400\">Radio date: <\/span><b>21 gennaio 2022<\/b><\/p>\n<p>&nbsp;<\/p>\n<p><b>Social<\/b><\/p>\n<p><b>INSTAGRAM<\/b> <a href=\"https:\/\/www.instagram.com\/melissamorandini\/\"><span style=\"font-weight: 400\">https:\/\/www.instagram.com\/melissamorandini\/<\/span><\/a><\/p>\n<p><b>TIK TOK <\/b><a href=\"https:\/\/www.tiktok.com\/@melissamorandinii\"><span style=\"font-weight: 400\">https:\/\/www.tiktok.com\/@melissamorandinii<\/span><\/a><\/p>\n<p><b>SPOTIFY <\/b><a href=\"https:\/\/open.spotify.com\/artist\/6t3wJ1Sc68a1V4SDCwFgPH\"><span style=\"font-weight: 400\">https:\/\/open.spotify.com\/artist\/6t3wJ1Sc68a1V4SDCwFgPH<\/span><\/a><\/p>\n<p>&nbsp;<\/p>\n<p><b>Contatti:<\/b><\/p>\n<p><b>www.oranglerecords.com<\/b><\/p>\n<p><b>www.laltoparlante.it<\/b><\/p>\n<p><b>BIO<\/b><\/p>\n<p><span style=\"font-weight: 400\">Melissa Morandini nasce il 25 settembre 2001, ha 20 anni, vive a Viareggio in Toscana e ha un fratello pi\u00f9 piccolo, Matteo, e una sorella pi\u00f9 grande, Martina. In famiglia la musica \u00e8 una costante, non mancano incalliti musicisti di vario livello e da qualche anno Melissa frequenta la Wos Academy, scuola di canto moderno a Livorno.\u00a0<\/span><\/p>\n<p><span style=\"font-weight: 400\">Recentemente, tramite il maestro e produttore Alessandro Di Dio Masa e la sua etichetta MusicantiereToscana, Melissa \u00e8 stata selezionata nei 46 semifinalisti di Sanremo Giovani.<\/span><\/p>\n","protected":false},"excerpt":{"rendered":"<p>La consapevolezza di dover orbitare lontano da un amore finito fra rumore e silenzi.\u00a0 In radio dal 21 gennaio Rumore \u00e8 il suono di una relazione finita che si mescola con il senso di colpa nell\u2019accettare consolazione e piacere da qualcun altro, pur sapendo che il sentimento \u00e8 tutt\u2019altro che sopito.\u00a0 Il brano racconta della [&hellip;]<\/p>\n","protected":false},"author":4383,"featured_media":0,"comment_status":"open","ping_status":"open","sticky":false,"template":"","format":"standard","meta":{"footnotes":""},"categories":[12],"tags":[],"class_list":["post-65044","post","type-post","status-publish","format-standard","hentry","category-musica"],"_links":{"self":[{"href":"https:\/\/www.area-press.eu\/comunicatistampa\/wp-json\/wp\/v2\/posts\/65044","targetHints":{"allow":["GET"]}}],"collection":[{"href":"https:\/\/www.area-press.eu\/comunicatistampa\/wp-json\/wp\/v2\/posts"}],"about":[{"href":"https:\/\/www.area-press.eu\/comunicatistampa\/wp-json\/wp\/v2\/types\/post"}],"author":[{"embeddable":true,"href":"https:\/\/www.area-press.eu\/comunicatistampa\/wp-json\/wp\/v2\/users\/4383"}],"replies":[{"embeddable":true,"href":"https:\/\/www.area-press.eu\/comunicatistampa\/wp-json\/wp\/v2\/comments?post=65044"}],"version-history":[{"count":1,"href":"https:\/\/www.area-press.eu\/comunicatistampa\/wp-json\/wp\/v2\/posts\/65044\/revisions"}],"predecessor-version":[{"id":65045,"href":"https:\/\/www.area-press.eu\/comunicatistampa\/wp-json\/wp\/v2\/posts\/65044\/revisions\/65045"}],"wp:attachment":[{"href":"https:\/\/www.area-press.eu\/comunicatistampa\/wp-json\/wp\/v2\/media?parent=65044"}],"wp:term":[{"taxonomy":"category","embeddable":true,"href":"https:\/\/www.area-press.eu\/comunicatistampa\/wp-json\/wp\/v2\/categories?post=65044"},{"taxonomy":"post_tag","embeddable":true,"href":"https:\/\/www.area-press.eu\/comunicatistampa\/wp-json\/wp\/v2\/tags?post=65044"}],"curies":[{"name":"wp","href":"https:\/\/api.w.org\/{rel}","templated":true}]}}