{"id":65022,"date":"2022-01-20T16:49:33","date_gmt":"2022-01-20T15:49:33","guid":{"rendered":"https:\/\/www.area-press.eu\/comunicatistampa\/?p=65022"},"modified":"2022-01-22T19:06:15","modified_gmt":"2022-01-22T18:06:15","slug":"santo-e-stone-cronico-e-lalbum-desordio-dei-due-artisti-torinesi-e-della-loro-crew-vero-x-vero-in-uscita-il-21-gennaio","status":"publish","type":"post","link":"https:\/\/www.area-press.eu\/comunicatistampa\/2022\/01\/20\/santo-e-stone-cronico-e-lalbum-desordio-dei-due-artisti-torinesi-e-della-loro-crew-vero-x-vero-in-uscita-il-21-gennaio\/","title":{"rendered":"SANTO E STONE \u201cCronico\u201d \u00e8 l\u2019album d\u2019esordio dei due artisti torinesi e della loro crew Vero x Vero in uscita il 21 gennaio"},"content":{"rendered":"<p>&nbsp;<\/p>\n<p style=\"text-align: center\"><i><span style=\"font-weight: 400\">Un album che ha l\u2019ambizioso intento di accompagnare l\u2019ascoltatore nella ricerca delle risposte alle domande ataviche che si pone da sempre l\u2019uomo con l\u2019aiuto della musica e delle emozioni da essa scatenate<\/span><\/i><\/p>\n<p><img loading=\"lazy\" decoding=\"async\" class=\"aligncenter\" src=\"https:\/\/lh6.googleusercontent.com\/kXSq4XlDdQ6snBdmlPta6fKO_VYct0aWjqflyUVDq-cWuv-x_xC8y8nyyqUCJQ014oE5TLfC7ec40rjdocb8fnY9vx-n_UYqvYNxV-GDxd-__1FOG2a0tT00q0cRgS2uybUM4nu1\" width=\"510\" height=\"510\" \/><\/p>\n<p style=\"text-align: center\"><b>Release album 21 gennaio<\/b><\/p>\n<p>&nbsp;<\/p>\n<p><i><span style=\"font-weight: 400\">\u00abSiamo nati senza averlo scelto. Posti da subito dinanzi un\u2019assenza totale di controllo su quella che \u00e8 la nostra vita, come \u00e8 iniziata, ci\u00f2 che siamo e da dove veniamo, ci troviamo cos\u00ec, dal primo respiro, con mille domande\u2026 ci sentiamo come piccole macchie in uno spazio infinito, insignificanti, inermi di fronte alla sconfinatezza dell\u2019Universo ed alle sue leggi incontestabili. Noi cos\u00ec concreti, fatti di pelle e ossa, al contrario delle entit\u00e0 che ormai ci appartengono come il tempo, la vita, il destino. Spesso l\u2019uomo ha cercato risposte a questi grandi quesiti, mettendo sul suo stesso piano eventi astratti come il tempo e lo spazio e dandogli un nome ed un\u2019unit\u00e0 di misura, per avere l\u2019illusione di avere pi\u00f9 controllo su di essi, classificandoli come qualcosa di pi\u00f9 tangibile, \u201cumanizzandoli\u201d (come tutto ci\u00f2 che l\u2019uomo non si spiega e non pu\u00f2 controllare), in modo che si avesse una concezione unica e concreta su qualcosa di misterioso e sfuggente come il tempo e lo spazio.\u00bb <\/span><\/i><b>Santo e Stone<\/b><\/p>\n<p>&nbsp;<\/p>\n<p><span style=\"font-weight: 400\">Tramite questa ricerca cronica e sconfinata quindi (che avviene anche nell\u2019album), per stabilire una connessione stretta col proprio Essere e con l\u2019Universo, e quindi ricevere risposte a quei dubbi atavici, Santo e Stone usano loro stessi qualcosa di astratto e senza tempo, ossia la musica e le emozioni.\u00a0<\/span><\/p>\n<p><span style=\"font-weight: 400\">Da questo si evince che, nonostante non possiamo avere tutte le risposte (che continuiamo a cercare in modo cronico) ed il controllo su alcuni eventi, se riusciamo ad \u201castrarci\u201d col pensiero e con la musica, possiamo essere noi stessi eterni (ed entrare in contatto con l\u2019Universo e la sua grandezza), essendo formati da emozioni intangibili che possono viaggiare in uno spazio ed un tempo infinito e che possiamo esternare, in questo caso, con la musica.\u00a0<\/span><\/p>\n<p><span style=\"font-weight: 400\">Santo e Stone vogliono accompagnare gli ascoltatori\u00a0 in un viaggio profondo e sconfinato nell\u2019Universo, che si trova dentro ognuno di noi, attraverso la musica che appunto non conosce confini. Perch\u00e9 per\u00f2 la musica \u00e8 infinita?\u00a0 Perch\u00e9 ha un inizio, una fine, ma la fine della musica presuppone un nuovo inizio in termini di ci\u00f2 che lascia, di ci\u00f2 in cui si trasforma nelle persone per poi cronicizzarsi nel suo processo (una serie di consequenzialit\u00e0) che sar\u00e0 eterno.\u00a0<\/span><\/p>\n<p>&nbsp;<\/p>\n<p><span style=\"font-weight: 400\">Il disco \u00e8 frutto di \u201cVero x Vero\u201d, il progetto ideato da Santo e Stone che nasce durante il primo lockdown, dall\u2019idea di <\/span><b>Santo<\/b><span style=\"font-weight: 400\"> di creare un team con cui intraprendere un percorso artistico ed imprenditoriale, includendo i suoi amici pi\u00f9 fidati.<\/span><\/p>\n<p><b>Stone<\/b><span style=\"font-weight: 400\">, in origine produttore e musicista, proprio grazie a questo progetto ha dato inizio alla sua carriera da cantautore.<\/span><\/p>\n<p>&nbsp;<\/p>\n<p><b>TRACK BY TRACK<\/b><span style=\"font-weight: 400\">\u00a0<\/span><\/p>\n<p>&nbsp;<\/p>\n<p><b>OUTRO<\/b><span style=\"font-weight: 400\"> Santo e Stone avevano bisogno di descrivere la sofferenza dell\u2019uomo per avvenimenti che egli stesso ha causato. Un grido di sofferenza e di pentimento, come se volessero rappresentare con i suoni stessi del brano un\u2019autopunizione.<\/span><\/p>\n<p><span style=\"font-weight: 400\">Una ricerca del proprio \u201cio\u201d continuamente interrotta da ostacoli lungo il percorso, senza sapere e capire chi sia precisamente l\u2019antagonista della loro storia.<\/span><\/p>\n<p><span style=\"font-weight: 400\">Un brano che unisce sonorit\u00e0 epiche con la trap aggressiva e vuole essere il sipario di apertura\/chiusura del disco.<\/span><\/p>\n<p>&nbsp;<\/p>\n<p><b>FARFALLE<\/b> <span style=\"font-weight: 400\">Una ballata romantica dal sound pop caratterizzato da elementi trap, chitarre elettriche e riverberi profondi che ne enfatizzano l\u2019aura sognante. Un brano \u201cintimo\u201d, un vero e proprio sfogo da ascoltare nei momenti bui, quando il mondo sembra girare al contrario e i pensieri nella testa non si arrestano.\u00a0<\/span><\/p>\n<p>&nbsp;<\/p>\n<p><b>CANTICO DELLE CREATURE<\/b> <span style=\"font-weight: 400\">Un brano profondo caratterizzato da un pianoforte acustico morbido che si lega alle chitarre pop e ai classici elementi della trap. Viene descritto il rapporto dell\u2019uomo con la natura e nel ritornello, caratterizzato da una forte apertura sonora, si vuole dare un&#8217;impronta di vero e proprio inno alla vita, marcando l\u2019importanza dei legami.<\/span><\/p>\n<p>&nbsp;<\/p>\n<p><b>VITA<\/b> <span style=\"font-weight: 400\">Una baciata dal sapore latino e tropicale che si lega alle sonorit\u00e0 urban e trap. La melodia invece \u00e8 un canto aperto e accogliente il cui tema \u00e8 l\u2019amore visto come qualcosa di \u201cimmortale\u201d, un viaggio introspettivo, una dedica all\u2019amata come musa ispiratrice.<\/span><\/p>\n<p>&nbsp;<\/p>\n<p><b>VOCE DELL\u2019ESSERE<\/b> <span style=\"font-weight: 400\">Gli artisti delineano per tutta la durata del brano l\u2019importanza della loro memoria sui ricordi, che reputano fondamentali per il loro percorso artistico e di vita. Fulcro del brano \u00e8 quindi il tempo, visto come punto cardine della vita, che ha una durata relativa, rendendoci quello che siamo e lasciando ricordi lungo il percorso.<\/span><\/p>\n<p>&nbsp;<\/p>\n<p><span style=\"font-weight: 400\">Un sound pi\u00f9 anni \u201990 unito alla trap moderna: le chitarre acustiche, la batteria acustica, le chitarre elettriche riverberate alla Coldplay si uniscono a 808, batteria elettronica e synth.<\/span><\/p>\n<p>&nbsp;<\/p>\n<p><b>CARAMELLE GOMMOSE <\/b><span style=\"font-weight: 400\">&#8211;<\/span> <span style=\"font-weight: 400\">secondo singolo estratto &#8211; <\/span><span style=\"font-weight: 400\">Un sound vicino alle sonorit\u00e0 punk: le chitarre distorte e la batteria rock dialogano con la struttura e i suoni trap. Ci sono dettagli pi\u00f9 pop che mitigano l\u2019unione dei due generi: pianoforti, mellotron, suoni pi\u00f9 morbidi. La caramella gommosa come metafora dell\u2019amore, ma anche del suo contrario. Una caramella pu\u00f2 essere data in regalo per dimostrare il proprio amore verso un\u2019altra persona, ma pu\u00f2 essere anche un sinonimo di mancanza se la si assume come una pastiglia contro la solitudine. \u201cCaramelle Gommose\u201d ha l\u2019intento di creare in chi l\u2019ascolta una sorta di ritorno all\u2019amore, quello autentico, giovane e incontaminato.<\/span><\/p>\n<p>&nbsp;<\/p>\n<p><b>CIRICADO<\/b><span style=\"font-weight: 400\"> &#8211; primo singolo estratto &#8211; <\/span><span style=\"font-weight: 400\">Pezzo prettamente dance, ma con melodie pi\u00f9 pop e radiofoniche. Qui regna l\u2019elettronica pura, alleggerita dal fischio che diventa il tema portante del pezzo. Un brano nato pensando al\u00a0 mancato controllo sul destino, visto come una pallina, e la nostra vita in s\u00e9, raffigurata in una roulette, sulla quale le persone stanno puntando; la verit\u00e0 \u00e8 che nessuno di noi\u00a0 \u00e8 a conoscenza del proprio futuro, e questa condizione porta le persone a rischiare il tutto per tutto, provando a vincere sfide quotidiane nel lavoro e nella vita di tutti i giorni.<\/span><\/p>\n<p>&nbsp;<\/p>\n<p><b>LA FAMIGLIA<\/b> <span style=\"font-weight: 400\">Pezzo tipicamente trap, giocato sui contrasti: bassi-alti, 808 profondi e ritmica pungente, agire dei sample distorti, suoni leggeri e morbidi della celesta. In questo brano Stone ha voluto omaggiare il coraggio e la fedelt\u00e0 dei componenti del suo team Vero x Vero, i quali hanno sempre spinto, incoraggiato e sostenuto dal primo giorno, il percorso musicale dei due cantanti sia emotivamente che economicamente. Santo nella sua parte, mette in rima significati importanti che l\u2019hanno da sempre caratterizzato e segnato, come l\u2019insegnamento dell\u2019educazione da parte della sua famiglia. Nel ritornello, invece,\u00a0 viene affrontato il presente che stanno vivendo i due artisti nel\u00a0 percorso musicale, i misteri che li accompagnano (futuro) e la perseveranza\u00a0 nel seguire nonostante tutto i propri obiettivi.<\/span><\/p>\n<p>&nbsp;<\/p>\n<p><b>INTRO <\/b><span style=\"font-weight: 400\">Sonorit\u00e0 epiche per il brano di chiusura dell\u2019album, un po\u2019 come per la prima traccia Outro.<\/span><\/p>\n<p><iframe loading=\"lazy\" title=\"Santo e Stone - CARAMELLE GOMMOSE\" width=\"500\" height=\"281\" src=\"https:\/\/www.youtube.com\/embed\/wn3_KdkO6L0?feature=oembed\" frameborder=\"0\" allow=\"accelerometer; autoplay; clipboard-write; encrypted-media; gyroscope; picture-in-picture; web-share\" referrerpolicy=\"strict-origin-when-cross-origin\" allowfullscreen><\/iframe><\/p>\n<p><span style=\"font-weight: 400\">Etichetta: <\/span><b>Vero x Vero<\/b><\/p>\n<p><span style=\"font-weight: 400\">Release album: <\/span><b>21 gennaio 2022<\/b><\/p>\n<p>&nbsp;<\/p>\n<p><b>LINK SOCIAL\u00a0<\/b><\/p>\n<p>&nbsp;<\/p>\n<p><b>INSTAGRAM SANTO<\/b> <a href=\"https:\/\/instagram.com\/santo_vxv_?utm_medium=copy_link\"><span style=\"font-weight: 400\">https:\/\/instagram.com\/santo_vxv_?utm_medium=copy_link<\/span><\/a><\/p>\n<p><b>INSTAGRAM STONE <\/b><a href=\"https:\/\/instagram.com\/stone_veroxvero?utm_medium=copy_link\"><span style=\"font-weight: 400\">instagram.com\/stone_veroxvero?utm_medium=copy_link<\/span><\/a><span style=\"font-weight: 400\">\u00a0<\/span><\/p>\n<p><b>YOUTUBE <\/b><a href=\"https:\/\/www.youtube.com\/channel\/UCjXg9D0mW1iA7aq75nI3Zfw\"><span style=\"font-weight: 400\">www.youtube.com\/channel\/UCjXg9D0mW1iA7aq75nI3Zfw<\/span><\/a><span style=\"font-weight: 400\">\u00a0<\/span><\/p>\n<p><b>FACEBOOK <\/b><span style=\"font-weight: 400\">www.facebook.com\/Santo-e-Stone-106985071782229<\/span><span style=\"font-weight: 400\">\u00a0<\/span><\/p>\n<p><b>SPOTIFY SANTO<\/b> <span style=\"font-weight: 400\">https:\/\/spoti.fi\/3q6Mz4T<\/span><span style=\"font-weight: 400\">\u00a0<\/span><\/p>\n<p><b>SPOTIFY STONE<\/b> <span style=\"font-weight: 400\">https:\/\/spoti.fi\/3CZiQ1L<\/span><span style=\"font-weight: 400\">\u00a0<\/span><\/p>\n<p>&nbsp;<\/p>\n<p><b>BIO<\/b> <b>SANTO<\/b><\/p>\n<p><span style=\"font-weight: 400\">Davide Sanfratello, in arte Santo, classe &#8217;98 di Torino. Fin dalle scuole superiori inizia a scrivere e registrare brani influenzato dalle correnti underground rap dell&#8217;epoca, tutto questo sotto il nome di <\/span><i><span style=\"font-weight: 400\">Sanguefreddo<\/span><\/i><span style=\"font-weight: 400\">. Comincia di conseguenza a frequentare il panorama musicale partecipando a contest torinesi insieme ad altri artisti emergenti sfidandosi in <\/span><i><span style=\"font-weight: 400\">Battle Freestyle<\/span><\/i><span style=\"font-weight: 400\"> di svariati generi.<\/span><\/p>\n<p><span style=\"font-weight: 400\">\u00c8 proprio nell&#8217;ambito musicale che conosce <\/span><i><span style=\"font-weight: 400\">Blow<\/span><\/i><span style=\"font-weight: 400\">, ai tempi era questo il nome d&#8217;arte di Federico Dipasquale, giovane produttore, con cui inizia a frequentarsi, inizialmente con un rapporto b2b strofa-strumentale.<\/span><\/p>\n<p><span style=\"font-weight: 400\">L&#8217;amicizia cresce sempre di pi\u00f9 e Santo nota nel produrre una buona dote nella scrittura dei testi, da qui la proposta di un primo feat.<\/span><\/p>\n<p><span style=\"font-weight: 400\">Proprio all&#8217;inizio della pandemia di Covid, i due fanno uscire il primo singolo da indipendenti, intitolato &#8220;Eleganza Italiana&#8221;, sempre nello stesso anno seguiranno altre uscite come &#8220;Vivere al Limite&#8221;, &#8220;Tra le mani&#8221; e &#8220;Ti penso&#8221;.<\/span><\/p>\n<p><span style=\"font-weight: 400\">Gi\u00e0 dai primi testi si nota il feeling tra i due, che passo dopo passo, prendono sempre pi\u00f9 confidenza con penna e microfono, cos\u00ec finiscono per realizzare il loro primo joint album, intitolato &#8220;CRONICO&#8221;.<\/span><\/p>\n<p>&nbsp;<\/p>\n<p><b>BIO STONE<\/b><\/p>\n<p><span style=\"font-weight: 400\">Federico Dipasquale, questo \u00e8 il nome d&#8217;arte di Stone, classe \u201897, grazie al padre impara a suonare la batteria fin da piccolo, per poi avvicinarsi alla musica elettronica. Da qui inizier\u00e0 a suonare in alcuni locali torinesi e a frequentare l&#8217;AID (Accademia Italiana Dj&#8217;s) dove otterr\u00e0 un attestato nella sottocategoria di Mix &amp; Mastering.<\/span><\/p>\n<p><span style=\"font-weight: 400\">Comincia cos\u00ec la sua carriera da produttore, che varia dalla Tech-House, all&#8217;Hip Hop.<\/span><\/p>\n<p><span style=\"font-weight: 400\">\u00c8 proprio grazie a quest&#8217;ultimo genere che l&#8217;artista conosce <\/span><i><span style=\"font-weight: 400\">Sanguefreddo<\/span><\/i><span style=\"font-weight: 400\"> (attualmente Santo). I due da subito si trovano in perfetta sincronia, sia personale che artistica, iniziando a collaborare. Vedendo Santo al microfono, Stone prova a dilettarsi nella scrittura dei testi, ed \u00e8 proprio il primo a fargli notare di avere una buona capacit\u00e0 nella metrica.<\/span><\/p>\n<p><span style=\"font-weight: 400\">Cos\u00ec, dalle loro prime collaborazioni, arrivano a registrare negli studi di Massive Arts Studio di Milano, frequentati da molteplici artisti affermati nella scena musicale italiana, per collaborare al loro primissimo joint album, &#8220;CRONICO&#8221;.<\/span><\/p>\n<p>&nbsp;<\/p>\n<p><span style=\"font-weight: 400\">Fonte: <\/span><span style=\"font-weight: 400\">www.laltoparlante.it<\/span><\/p>\n","protected":false},"excerpt":{"rendered":"<p>&nbsp; Un album che ha l\u2019ambizioso intento di accompagnare l\u2019ascoltatore nella ricerca delle risposte alle domande ataviche che si pone da sempre l\u2019uomo con l\u2019aiuto della musica e delle emozioni da essa scatenate Release album 21 gennaio &nbsp; \u00abSiamo nati senza averlo scelto. Posti da subito dinanzi un\u2019assenza totale di controllo su quella che \u00e8 [&hellip;]<\/p>\n","protected":false},"author":4383,"featured_media":0,"comment_status":"open","ping_status":"open","sticky":false,"template":"","format":"standard","meta":{"footnotes":""},"categories":[12],"tags":[5033,29476,5376,30300,1368,31641,3583,3584],"class_list":["post-65022","post","type-post","status-publish","format-standard","hentry","category-musica","tag-album","tag-musica-rap","tag-nuovo-album","tag-primo-album","tag-rap","tag-santo-e-stone","tag-video","tag-videoclip"],"_links":{"self":[{"href":"https:\/\/www.area-press.eu\/comunicatistampa\/wp-json\/wp\/v2\/posts\/65022","targetHints":{"allow":["GET"]}}],"collection":[{"href":"https:\/\/www.area-press.eu\/comunicatistampa\/wp-json\/wp\/v2\/posts"}],"about":[{"href":"https:\/\/www.area-press.eu\/comunicatistampa\/wp-json\/wp\/v2\/types\/post"}],"author":[{"embeddable":true,"href":"https:\/\/www.area-press.eu\/comunicatistampa\/wp-json\/wp\/v2\/users\/4383"}],"replies":[{"embeddable":true,"href":"https:\/\/www.area-press.eu\/comunicatistampa\/wp-json\/wp\/v2\/comments?post=65022"}],"version-history":[{"count":1,"href":"https:\/\/www.area-press.eu\/comunicatistampa\/wp-json\/wp\/v2\/posts\/65022\/revisions"}],"predecessor-version":[{"id":65023,"href":"https:\/\/www.area-press.eu\/comunicatistampa\/wp-json\/wp\/v2\/posts\/65022\/revisions\/65023"}],"wp:attachment":[{"href":"https:\/\/www.area-press.eu\/comunicatistampa\/wp-json\/wp\/v2\/media?parent=65022"}],"wp:term":[{"taxonomy":"category","embeddable":true,"href":"https:\/\/www.area-press.eu\/comunicatistampa\/wp-json\/wp\/v2\/categories?post=65022"},{"taxonomy":"post_tag","embeddable":true,"href":"https:\/\/www.area-press.eu\/comunicatistampa\/wp-json\/wp\/v2\/tags?post=65022"}],"curies":[{"name":"wp","href":"https:\/\/api.w.org\/{rel}","templated":true}]}}