{"id":6495,"date":"2016-02-20T15:08:48","date_gmt":"2016-02-20T14:08:48","guid":{"rendered":"http:\/\/www.area-press.eu\/comunicatistampa\/?p=6495"},"modified":"2016-02-20T15:08:48","modified_gmt":"2016-02-20T14:08:48","slug":"fondatore-e-presidente-di-porta-tenaglia-s-r-l-federico-consolandi","status":"publish","type":"post","link":"https:\/\/www.area-press.eu\/comunicatistampa\/2016\/02\/20\/fondatore-e-presidente-di-porta-tenaglia-s-r-l-federico-consolandi\/","title":{"rendered":"Fondatore e Presidente di Porta Tenaglia S.r.l.: Federico Consolandi"},"content":{"rendered":"<p><em><strong><a title=\"Federico Consolandi - Professionisti e Aziende\" href=\"http:\/\/www.professionistieaziende.it\/federico-consolandi\/federico-consolandi.php\">Federico Consolandi<\/a> fonda nel 2002 Porta Tenaglia S.r.l., societ\u00e0 attiva nel settore del Real Estate di prestigio, la cui sede principale \u00e8 collocata a Milano, operando tuttavia sull&#8217;intero territorio nazionale. <\/strong><br \/>\n<\/em><\/p>\n<h2>Federico Consolandi: la biografia<\/h2>\n<p>Milanese, classe 1966, <strong>Federico Consolandi<\/strong> si diploma presso la Scuola Europa di Milano, iscrivendosi successivamente all&#8217;Universit\u00e0 degli Studi di Parma dove, grazie ad una tesi in Diritto Romano, consegue la laurea in Giurisprudenza. La sua carriera professionale ha inizio nel 1990, anno in cui fa il proprio ingresso all&#8217;interno dell&#8217;azienda di famiglia, I.S. S.p.A., specializzata nelle telecomunicazioni ed in particolare sulla telefonia mobile, all&#8217;epoca in rampa di lancio. Nel 2001 decide di cedere tale attivit\u00e0 a dei fondi di investimento per dedicarsi al settore degli immobili di lusso. In tale ottica Federico Consolandi fonda nel 2002 <strong>Porta Tenaglia S.r.l.<\/strong>, grazie alla quale ha opportunit\u00e0 di operare sull&#8217;intero territorio nazionale fornendo servizi di costruzione, ristrutturazione, ricostruzione, manutenzione fabbricati, oltre che vendita e locazione nel settore Real Estate di prestigio.<\/p>\n<h2>Federico Consolandi e Porta Tenaglia S.r.l.<\/h2>\n<p>Nata nel 2002 a Milano da un&#8217;iniziativa di <strong>Federico Consolandi<\/strong>, suo Presidente del Consiglio di Amministrazione, <strong>Porta Tenaglia S.r.l.<\/strong> \u00e8 attiva nella realizzazione di numerose opere edili, svolgendo attivit\u00e0 di manutenzione, restauro e ricostruzione di fabbricati non solo civili, ma anche commerciali ed industriali. Tra le opere complesse di maggior rilievo della societ\u00e0 di Federico Consolandi, si segnalano progetti come Porta Tenaglia 5, recupero edilizio di un precedente immobile in stile liberty, oltre al piccolo palazzo in Santa Maria Porta al 7, opera architettonica tra moderno e classico, ed infine l&#8217;intervento su Casa degli Artisti, emblema di Brera, restaurato per conservarne la storicit\u00e0, ma adattato ad utilizzi di tipo moderno e contemporaneo. Ogni singolo lavoro condotto da Porta Tenaglia S.r.l. segue una precisa gamma di valori e con professionalit\u00e0, capacit\u00e0 e competenze talmente specializzate da divenire il marchio di fabbrica della societ\u00e0.<\/p>\n<p><em><strong>Per avere maggiori informazioni sulle attivit\u00e0 di <a title=\"Federico Consolandi - Professionisti e Aziende\" href=\"http:\/\/www.professionistieaziende.it\/federico-consolandi\/federico-consolandi.php\">Federico Consolandi<\/a>, visita il suo profilo su Professionisti e Aziende.<\/strong><\/em><\/p>\n","protected":false},"excerpt":{"rendered":"<p>Federico Consolandi fonda nel 2002 Porta Tenaglia S.r.l., societ\u00e0 attiva nel settore del Real Estate di prestigio, la cui sede principale \u00e8 collocata a Milano, operando tuttavia sull&#8217;intero territorio nazionale. Federico Consolandi: la biografia Milanese, classe 1966, Federico Consolandi si diploma presso la Scuola Europa di Milano, iscrivendosi successivamente all&#8217;Universit\u00e0 degli Studi di Parma dove, [&hellip;]<\/p>\n","protected":false},"author":40,"featured_media":0,"comment_status":"open","ping_status":"open","sticky":false,"template":"","format":"standard","meta":{"footnotes":""},"categories":[29],"tags":[],"class_list":["post-6495","post","type-post","status-publish","format-standard","hentry","category-comunicati"],"_links":{"self":[{"href":"https:\/\/www.area-press.eu\/comunicatistampa\/wp-json\/wp\/v2\/posts\/6495","targetHints":{"allow":["GET"]}}],"collection":[{"href":"https:\/\/www.area-press.eu\/comunicatistampa\/wp-json\/wp\/v2\/posts"}],"about":[{"href":"https:\/\/www.area-press.eu\/comunicatistampa\/wp-json\/wp\/v2\/types\/post"}],"author":[{"embeddable":true,"href":"https:\/\/www.area-press.eu\/comunicatistampa\/wp-json\/wp\/v2\/users\/40"}],"replies":[{"embeddable":true,"href":"https:\/\/www.area-press.eu\/comunicatistampa\/wp-json\/wp\/v2\/comments?post=6495"}],"version-history":[{"count":1,"href":"https:\/\/www.area-press.eu\/comunicatistampa\/wp-json\/wp\/v2\/posts\/6495\/revisions"}],"predecessor-version":[{"id":6496,"href":"https:\/\/www.area-press.eu\/comunicatistampa\/wp-json\/wp\/v2\/posts\/6495\/revisions\/6496"}],"wp:attachment":[{"href":"https:\/\/www.area-press.eu\/comunicatistampa\/wp-json\/wp\/v2\/media?parent=6495"}],"wp:term":[{"taxonomy":"category","embeddable":true,"href":"https:\/\/www.area-press.eu\/comunicatistampa\/wp-json\/wp\/v2\/categories?post=6495"},{"taxonomy":"post_tag","embeddable":true,"href":"https:\/\/www.area-press.eu\/comunicatistampa\/wp-json\/wp\/v2\/tags?post=6495"}],"curies":[{"name":"wp","href":"https:\/\/api.w.org\/{rel}","templated":true}]}}