{"id":64930,"date":"2022-01-14T22:13:37","date_gmt":"2022-01-14T21:13:37","guid":{"rendered":"https:\/\/www.area-press.eu\/comunicatistampa\/?p=64930"},"modified":"2022-01-22T19:06:14","modified_gmt":"2022-01-22T18:06:14","slug":"alcunelacune-coolage-n-1-e-il-disco-con-cui-lartista-milanese-torna-sulle-scene-musicali-una-presa-di-coscienza-ricca-di-collaborazioni","status":"publish","type":"post","link":"https:\/\/www.area-press.eu\/comunicatistampa\/2022\/01\/14\/alcunelacune-coolage-n-1-e-il-disco-con-cui-lartista-milanese-torna-sulle-scene-musicali-una-presa-di-coscienza-ricca-di-collaborazioni\/","title":{"rendered":"ALCUNELACUNE: \u201cCOOLAGE N.1\u201d \u00e8 il disco con cui l\u2019artista milanese torna sulle scene musicali: una presa di coscienza ricca di collaborazioni"},"content":{"rendered":"<p style=\"text-align: center\"><i><span style=\"font-weight: 400\">Navigando sulle \u201calcune lacune\u201d della vita quei vuoti che sembravano incolmabili ora prendono forma, volume, peso, voce.<\/span><\/i><\/p>\n<p><img loading=\"lazy\" decoding=\"async\" class=\"aligncenter\" src=\"https:\/\/lh3.googleusercontent.com\/pVcY9gjk3WrpL4SRDsFqghsftPN9syhxn84kieHLRcFhRTWSMi4eKlEXTjNjhFrEI6SGbxC7eoUJ5PBLeLCaoai1PlO33eKk8jfLgQpDAWNlfK_Om8L4dGxO5JVpVA\" width=\"428\" height=\"428\" \/><\/p>\n<p style=\"text-align: center\"><b>Release album 14 gennaio<\/b><\/p>\n<p>&nbsp;<\/p>\n<p><span style=\"font-weight: 400\">\u00ab<\/span><i><span style=\"font-weight: 400\">A chi mi chiede che genere faccio rispondo \u201ccoolage\u201d<\/span><\/i><span style=\"font-weight: 400\">\u00bb.\u00a0<\/span><\/p>\n<p><span style=\"font-weight: 400\">alcunelacune sceglie di intitolare proprio con questo neologismo il disco con cui si presenta, tornando sulla scena musicale dopo una ricca avventura, con questo progetto totalmente nuovo, che del passato conserva l\u2019esperienza e un gruppo di musicisti eccellenti, capaci di arricchire ogni brano in arrangiamento e colore.\u00a0<\/span><\/p>\n<p>&nbsp;<\/p>\n<p><b>Il coolage \u00e8 un\u2019attitudine pi\u00f9 che un genere musicale<\/b><span style=\"font-weight: 400\">, una tensione pi\u00f9 che una tendenza, un modo pi\u00f9 che una moda.<\/span><\/p>\n<p><span style=\"font-weight: 400\">Il coolage tiene insieme immagini, suoni e parole che arrivano da luoghi, momenti e situazioni differenti. \u00c8 un modo per mischiare, prendere in prestito, ispirarsi a musiche legate a territori e culture anche lontane.\u00a0<\/span><\/p>\n<p><span style=\"font-weight: 400\">Coolage \u00e8 un\u2019attrazione per la musica popolare, per una culla che accoglie, una casa che conservi, un linguaggio che permetta di essere compresi. Nasce dal desiderio di \u201cappartenere\u201d ed interpretare a modo proprio qualcosa di condiviso, senza perdersi alla ricerca di soluzioni a tutti i costi \u201cinnovative\u201d con l\u2019ausilio di strumenti ormai onnipotenti. E\u2019 la ricerca di s\u00e9 in altri luoghi, in altri tempi, nell\u2019altrove e nell\u2019altro.<\/span><\/p>\n<p><span style=\"font-weight: 400\">Coolage non pu\u00f2 prescindere dai rapporti, sia di collaborazione che di amicizia, per <\/span><b>rendere sempre attuali i \u201cbei tempi\u201d e non doverli archiviare tra le esperienze \u201cdel passato\u201d.<\/b><\/p>\n<p><span style=\"font-weight: 400\">\u00c8 la volont\u00e0 di essere ovunque e in qualunque momento, per ritrovare il valore insito in ogni cosa e gustare a pieno il presente e non vivere come turisti che, al termine del viaggio, tornano alla quotidiana routine, guardando con nostalgia le foto delle vacanze destinate ad ingiallire nel tempo.\u00a0<\/span><\/p>\n<p>&nbsp;<\/p>\n<p><span style=\"font-weight: 400\">Coolage \u00e8 un tentativo musivo fatto di mancanze, non di conoscenza. Di tensioni pi\u00f9 che di elementi, di persone pi\u00f9 che di stili.\u00a0<\/span><\/p>\n<p>&nbsp;<\/p>\n<p><span style=\"font-weight: 400\">Per questo <\/span><b>COOLAGE N\u00b01<\/b><span style=\"font-weight: 400\">, che esce dopo anni di \u201csilenzio\u201d <\/span><b>\u00e8 un insieme non ordinato, non preciso, di elementi che vogliono colmare le lacune<\/b><span style=\"font-weight: 400\">. Una tensione esigente, che avvicina le <\/span><b>melodie napoletane <\/b><span style=\"font-weight: 400\">con i <\/span><b>ritmi caraibici<\/b><span style=\"font-weight: 400\">, la <\/span><b>musica popolare<\/b><span style=\"font-weight: 400\">, il<\/span><b> blues<\/b><span style=\"font-weight: 400\">, la <\/span><b>bossanova<\/b><span style=\"font-weight: 400\">, nell\u2019impossibile tentativo di colmare i vuoti con la curiosit\u00e0, l\u2019ascolto, la ricerca e il prezioso aiuto di musicisti e artisti in situazioni, luoghi e momenti diversi.<\/span><\/p>\n<p>&nbsp;<\/p>\n<p><b>TRACK by TRACK\u00a0<\/b><\/p>\n<p>&nbsp;<\/p>\n<p><b>Watch out<\/b><span style=\"font-weight: 400\"> (Andrea Ricci)<\/span><\/p>\n<p><span style=\"font-weight: 400\">Un brano che si \u00e8 scritto da solo. Di notte. Mentre Morfeo sta gi\u00e0 accogliendo gli assonnati fra le sue braccia i genitori si trasformano in mostri pieni di paure, carcerieri insicuri ed egoisti che costruiscono gabbie dorate per una figlia. Raccomandazioni e protezione, si trasformano in minacce che precludono la possibilit\u00e0 di vivere avventure, il romanticismo, emozioni e sentimenti. Una vera sciagura.<\/span><\/p>\n<p>&nbsp;<\/p>\n<p><b>Il suono che fa<\/b><span style=\"font-weight: 400\"> (Andrea Ricci \u2013 Manfredi Perrone)<\/span><\/p>\n<p><span style=\"font-weight: 400\">Spesso le idee fanno fatica a prendere forma e restano l\u00ec a infastidire da dentro.<\/span><\/p>\n<p><span style=\"font-weight: 400\">Per fortuna a volte capita che qualcuno faccia lo sforzo di venire a curiosare tra gli appunti e generosamente si appassiona a una melodia, a un giro armonico, un\u2019atmosfera.<\/span><\/p>\n<p><span style=\"font-weight: 400\">Cos\u00ec nasce questo brano a quattro mani, una storia che parla della coppia stanca legata al passato, ai ricordi e a sensazioni provate \u201ctempo fa\u201d.<\/span><\/p>\n<p>&nbsp;<\/p>\n<p><b>Dimentica <\/b><span style=\"font-weight: 400\">(Andrea Ricci &#8211; edizioni La Bionda Music srl)<\/span><\/p>\n<p><span style=\"font-weight: 400\">Una danza passionale che racconta di un tradimento, scritto vent\u2019anni fa insieme ad altri brani per il disco di una ex, prodotto dai Fratelli La Bionda e colorato oggi di nuove sfumature. Una canzona \u201cantica\u201d, in tutti i sensi. Tra gli amici \u00e8 una hit.<\/span><\/p>\n<p>&nbsp;<\/p>\n<p><b>Gioco di prestigio<\/b><span style=\"font-weight: 400\"> (Andrea Ricci)<\/span><\/p>\n<p><span style=\"font-weight: 400\">\u00abL\u2019amore non conviene\u00bb. Non importa che la frase sia pronunciata da qualcuno o provenga da una voce interiore, una volta che il pensiero entra in testa alimenta la paura, cresce la diffidenza e l\u2019incapacit\u00e0 di lasciarsi andare. Ma ci sono forze a cui non si pu\u00f2 resistere e per quanto incerto, impreparato, pieno di dubbi, non resta che arrendersi a ci\u00f2 che \u00e8 pi\u00f9 magico di qualunque trucco.<\/span><\/p>\n<p>&nbsp;<\/p>\n<p><b>Ride on<\/b><span style=\"font-weight: 400\"> (Andrea Ricci \u2013 Manfredi Perrone)<\/span><\/p>\n<p><span style=\"font-weight: 400\">Ride on \u00e8 la storia dell\u2019uomo dei forse.<\/span><\/p>\n<p><span style=\"font-weight: 400\">Manfredi Perrone racconta la storia di un personaggio nato dalla penna di alcunelacune, Maybe Man, che vive una vita in potenza, esiste al condizionale.<\/span><\/p>\n<p>&nbsp;<\/p>\n<p><b>Rosso di sera<\/b><span style=\"font-weight: 400\"> (Andrea Ricci)<\/span><\/p>\n<p><span style=\"font-weight: 400\">Il primo pezzo scritto quando dopo aver lasciato i Vallanzaska per tuffarsi in una nuova e personale avventura. Con alle spalle gli ascolti degli album della Mano Negra e Manu Chao come idolo il sogno era di vivere un\u2019esperienza totalizzante come la loro, invece di passare le notti a muovere i primi passi con la chitarra in camera, da solo.<\/span><\/p>\n<p>&nbsp;<\/p>\n<p><b>Lucky clover<\/b><span style=\"font-weight: 400\"> (Andrea Ricci \u2013 Manfredi Perrone)<\/span><\/p>\n<p><span style=\"font-weight: 400\">Basta paranoie! Viva il palco, la banda, la festa.<\/span><\/p>\n<p><span style=\"font-weight: 400\">Le parole sono di Manfredi Perrone che ha dato corpo ad un\u2019idea embrionale di alcunelacune. Una rincorsa lunga una vita all\u2019Amore che sempre nasce e svanisce, con i desideri e le promesse. Una febbre che sale, una pulsazione che accompagna per tutta la vita passata stringendo in mano un quadrifoglio in cui si ripone ogni speranza di afferrare ci\u00f2 che continua a sfuggire.<\/span><\/p>\n<p>&nbsp;<\/p>\n<p><b>Coltivare<\/b><span style=\"font-weight: 400\"> (Andrea Ricci)<\/span><\/p>\n<p><span style=\"font-weight: 400\">Dubbi amletici di un piccolo borghese contemporaneo. Coltivare il proprio orto o andare incontro all\u2019ignoto? Incontrare o fuggire? Gridare o tacere? Trovarsi nell\u2019infinitamente grande o perdersi nell\u2019infinitamente piccolo? Ma \u00e8 proprio vero che oggi tutto ci \u00e8 possibile? O invece la storia va avanti e decide per noi e a noi non resta che metterci comodi e goderci lo spettacolo?<\/span><\/p>\n<p><span style=\"font-weight: 400\">In questa traccia registrata al Mai Tai Studio con Gianluca Mancini si sente la volont\u00e0 di lasciarsi trasportare per sentirsi liberi.<\/span><\/p>\n<p><iframe loading=\"lazy\" title=\"GIOCO DI PRESTIGIO\" width=\"500\" height=\"281\" src=\"https:\/\/www.youtube.com\/embed\/UMUdHghKgXw?start=13&#038;feature=oembed\" frameborder=\"0\" allow=\"accelerometer; autoplay; clipboard-write; encrypted-media; gyroscope; picture-in-picture; web-share\" referrerpolicy=\"strict-origin-when-cross-origin\" allowfullscreen><\/iframe><\/p>\n<p><span style=\"font-weight: 400\">Nel disco hanno suonato<\/span><\/p>\n<p><span style=\"font-weight: 400\">Valentina Colorni \u2013 cori<\/span><\/p>\n<p><span style=\"font-weight: 400\">Gianluca Mancini \u2013 tastiere<\/span><\/p>\n<p><span style=\"font-weight: 400\">Donato Brienza \u2013 chitarra<\/span><\/p>\n<p><span style=\"font-weight: 400\">Stefano Fascioli \u2013 basso e contrabbasso<\/span><\/p>\n<p><span style=\"font-weight: 400\">Lucio Sagone \u2013 batteria\u00a0<\/span><\/p>\n<p><span style=\"font-weight: 400\">Marco Bergamaschi &#8211; percussioni<\/span><\/p>\n<p>&nbsp;<\/p>\n<p><span style=\"font-weight: 400\">Registrato da Gianluca Mancini presso il Mai Tai studio di Milano<\/span><\/p>\n<p>&nbsp;<\/p>\n<p><b>Autoproduzione<\/b><\/p>\n<p><span style=\"font-weight: 400\">Release album<\/span><b>: 14 gennaio 2022<\/b><\/p>\n<p>&nbsp;<\/p>\n<p><b>Contatti e social<\/b><\/p>\n<p>&nbsp;<\/p>\n<p><b>Instagram<\/b> <a href=\"https:\/\/www.instagram.com\/alcunelacune\/\"><span style=\"font-weight: 400\">https:\/\/www.instagram.com\/alcunelacune\/<\/span><\/a><\/p>\n<p><b>Facebook <\/b><a href=\"https:\/\/www.facebook.com\/alcunelacune\"><span style=\"font-weight: 400\">https:\/\/www.facebook.com\/alcunelacune<\/span><\/a><\/p>\n<p><b>Youtube<\/b> <a href=\"https:\/\/www.youtube.com\/channel\/UCf3D4hbv0qAGBmnUZOEelrA\"><span style=\"font-weight: 400\">https:\/\/www.youtube.com\/channel\/UCf3D4hbv0qAGBmnUZOEelrA\u00a0<\/span><\/a><\/p>\n<p><b>Bandcamp <\/b><span style=\"font-weight: 400\">alcunelacune.bandcamp.com<\/span><\/p>\n<p><b>Soundcloud <\/b><span style=\"font-weight: 400\">https:\/\/soundcloud.com\/alcunelacune<\/span><\/p>\n<p>&nbsp;<\/p>\n<p><b>BIO\u00a0<\/b><\/p>\n<p><span style=\"font-weight: 400\">Napoletano di nascita, milanese di adozione, vive l\u2019infanzia e la prima adolescenza sentendosi sempre straniero: \u201cun terrone\u201d a Milano e \u201cil milanese\u201d per la famiglia napoletana.<\/span><\/p>\n<p><span style=\"font-weight: 400\">Dal 1986 al 1998 suona da autodidatta prima la batteria e poi il sax tenore in varie formazioni riuscendo comunque a diplomarsi e a iscriversi alla Facolt\u00e0 di Architettura al Politecnico di Milano. Nel 1994\/95 \u00e8 a Lisbona, dove suona il sax on the road,\u00a0 comincia a mettere le mani sulla chitarra e a scrivere le prime canzoni.\u00a0<\/span><\/p>\n<p><span style=\"font-weight: 400\">Dal 1996 al 1999 milita nel gruppo ska milanese <\/span><b>Vallanzaska<\/b><span style=\"font-weight: 400\"> collaborando alla scrittura musicale e dei testi nel disco \u201cCheope\u201d.<\/span><\/p>\n<p><span style=\"font-weight: 400\">A cavallo tra il XX e il XXI secolo scrive i primi brani per Susanna Colorni, in arte <\/span><b>Suso<\/b><span style=\"font-weight: 400\">, della quale i fratelli <\/span><b>Carmelo e Michelangelo La Bionda<\/b><span style=\"font-weight: 400\"> producono il primo disco presso il mitico studio Logic di Milano.<\/span><\/p>\n<p><span style=\"font-weight: 400\">Nel 2003 comincia a lavorare al suo progetto, i <\/span><b>Solidam\u00f2r<\/b><span style=\"font-weight: 400\">.<\/span><\/p>\n<p><span style=\"font-weight: 400\">Nel 2004 esce il primo disco \u201cSolidam\u00f2r\u201d (Akwaba Records &#8211; distribuzione Sony). Nel 2005 con gli amici della Saphary De Luxe (l\u2019agenzia di booking della band) \u00e8<\/span><b> tra i soci fondatori del Circolo Arci Magnolia<\/b><span style=\"font-weight: 400\">.<\/span><\/p>\n<p><span style=\"font-weight: 400\">Nel 2006 con Saphary De Luxe pubblica il secondo album dei\u00a0 Solidam\u00f2r, \u201cOne Man Show\u201d (distribuzione Venus).<\/span><\/p>\n<p><span style=\"font-weight: 400\">Nel 2008 diventa padre per la prima volta. Chiude l\u2019esperienza Solidam\u00f2r e lascia il Circolo Magnolia per dedicarsi alla famiglia e riprendere in mano gli studi.\u00a0<\/span><\/p>\n<p><span style=\"font-weight: 400\">Nel 2011 diventa padre la seconda volta.<\/span><\/p>\n<p><span style=\"font-weight: 400\">Nel 2019 entra in studio (dietro il mixer il suo vecchio socio Vallanzaska <\/span><b>Gianluca Mancini<\/b><span style=\"font-weight: 400\">).<\/span><\/p>\n<p><span style=\"font-weight: 400\">Nel 2021 escono due nuovi singoli: \u201cGioco di prestigio\u201d e \u201cDimentica\u201d.\u00a0<\/span><\/p>\n<p>&nbsp;<\/p>\n<p><span style=\"font-weight: 400\">Fonte: <\/span><span style=\"font-weight: 400\">www.laltoparlante.it<\/span><\/p>\n<p>&nbsp;<\/p>\n","protected":false},"excerpt":{"rendered":"<p>Navigando sulle \u201calcune lacune\u201d della vita quei vuoti che sembravano incolmabili ora prendono forma, volume, peso, voce. Release album 14 gennaio &nbsp; \u00abA chi mi chiede che genere faccio rispondo \u201ccoolage\u201d\u00bb.\u00a0 alcunelacune sceglie di intitolare proprio con questo neologismo il disco con cui si presenta, tornando sulla scena musicale dopo una ricca avventura, con questo [&hellip;]<\/p>\n","protected":false},"author":4383,"featured_media":0,"comment_status":"open","ping_status":"open","sticky":false,"template":"","format":"standard","meta":{"footnotes":""},"categories":[12],"tags":[5033,30989,31619,31618,4245,5376,31620,3583,3584],"class_list":["post-64930","post","type-post","status-publish","format-standard","hentry","category-musica","tag-album","tag-alcunelacune","tag-collaborazioni","tag-coolage","tag-musica-italiana","tag-nuovo-album","tag-nuovo-progetto","tag-video","tag-videoclip"],"_links":{"self":[{"href":"https:\/\/www.area-press.eu\/comunicatistampa\/wp-json\/wp\/v2\/posts\/64930","targetHints":{"allow":["GET"]}}],"collection":[{"href":"https:\/\/www.area-press.eu\/comunicatistampa\/wp-json\/wp\/v2\/posts"}],"about":[{"href":"https:\/\/www.area-press.eu\/comunicatistampa\/wp-json\/wp\/v2\/types\/post"}],"author":[{"embeddable":true,"href":"https:\/\/www.area-press.eu\/comunicatistampa\/wp-json\/wp\/v2\/users\/4383"}],"replies":[{"embeddable":true,"href":"https:\/\/www.area-press.eu\/comunicatistampa\/wp-json\/wp\/v2\/comments?post=64930"}],"version-history":[{"count":1,"href":"https:\/\/www.area-press.eu\/comunicatistampa\/wp-json\/wp\/v2\/posts\/64930\/revisions"}],"predecessor-version":[{"id":64931,"href":"https:\/\/www.area-press.eu\/comunicatistampa\/wp-json\/wp\/v2\/posts\/64930\/revisions\/64931"}],"wp:attachment":[{"href":"https:\/\/www.area-press.eu\/comunicatistampa\/wp-json\/wp\/v2\/media?parent=64930"}],"wp:term":[{"taxonomy":"category","embeddable":true,"href":"https:\/\/www.area-press.eu\/comunicatistampa\/wp-json\/wp\/v2\/categories?post=64930"},{"taxonomy":"post_tag","embeddable":true,"href":"https:\/\/www.area-press.eu\/comunicatistampa\/wp-json\/wp\/v2\/tags?post=64930"}],"curies":[{"name":"wp","href":"https:\/\/api.w.org\/{rel}","templated":true}]}}