{"id":64928,"date":"2022-01-14T21:55:52","date_gmt":"2022-01-14T20:55:52","guid":{"rendered":"https:\/\/www.area-press.eu\/comunicatistampa\/?p=64928"},"modified":"2022-01-22T19:06:12","modified_gmt":"2022-01-22T18:06:12","slug":"la-commare-punti-e-a-capo-e-lesordio-della-cantautrice-siciliana-fra-alternative-indie-ed-elettro-pop","status":"publish","type":"post","link":"https:\/\/www.area-press.eu\/comunicatistampa\/2022\/01\/14\/la-commare-punti-e-a-capo-e-lesordio-della-cantautrice-siciliana-fra-alternative-indie-ed-elettro-pop\/","title":{"rendered":"LA COMMARE: \u201cpunti (e a capo)\u201d \u00e8 l\u2019esordio della cantautrice siciliana fra alternative indie ed elettro pop"},"content":{"rendered":"<p style=\"text-align: center\"><i><span style=\"font-weight: 400\">Un brano sulle connessioni fra alternative indie ed elettro pop<\/span><\/i><\/p>\n<p><img loading=\"lazy\" decoding=\"async\" class=\"aligncenter\" src=\"https:\/\/lh5.googleusercontent.com\/OFF3XOxHs3lwiiZ4CkK_uyaG0Q0lao9w6T6ISHgIq9et0t2kEp8DGwCWyTcC0IGXFIx1Tlc97QcIdw_t7XSKxkcyklV4u3B_hDf2ZdQq1_ek2oHFP8ROgi-NLiQQKajIWKtIkrcR\" width=\"417\" height=\"416\" \/><\/p>\n<p style=\"text-align: center\"><b>Nei digital store dal 14 gennaio\u00a0<\/b><\/p>\n<p>&nbsp;<\/p>\n<p><span style=\"font-weight: 400\">\u201cpunti (e a capo)\u201d parla di una forte connessione emotiva tra due persone fisicamente distanti, situazione sempre pi\u00f9 frequente in un\u2019epoca in cui le connessioni umane sono monopolizzate dai social network, che azzerano le distanze geografiche.<\/span><\/p>\n<p><span style=\"font-weight: 400\">Il testo affronta il concetto di \u201cpunto\u201d in tutte le sue sfaccettature e lo declina tra\u00a0 metafore e giochi di parole, sottolineando alcuni elementi stilistici che spesso si possono rintracciabili nella scrittura di La Commare.<\/span><\/p>\n<p><span style=\"font-weight: 400\">La musica si muove tra influenze alternative indie ed elettro pop.<\/span><\/p>\n<p><span style=\"font-weight: 400\">\u201cpunti (e capo)\u201d \u00e8 il primo anello di un progetto pi\u00f9 ampio, la cui uscita \u00e8 prevista prossimamente.<\/span><\/p>\n<p>&nbsp;<\/p>\n<p><span style=\"font-weight: 400\">Autoproduzione<\/span><\/p>\n<p>&nbsp;<\/p>\n<p><b>Social:<\/b><\/p>\n<p><b>Facebook:<\/b> <a href=\"https:\/\/www.facebook.com\/giolcm\"><span style=\"font-weight: 400\">https:\/\/www.facebook.com\/giolcm<\/span><\/a><\/p>\n<p><b>Instagram: <\/b><a href=\"https:\/\/www.instagram.com\/giolcm\/?hl=it\"><span style=\"font-weight: 400\">https:\/\/www.instagram.com\/giolcm\/?hl=it<\/span><\/a><\/p>\n<p><b>Spotify: <\/b><a href=\"https:\/\/open.spotify.com\/album\/5fltTXyej9dDsyJG2D37BX\"><span style=\"font-weight: 400\">https:\/\/open.spotify.com\/album\/5fltTXyej9dDsyJG2D37BX<\/span><\/a><\/p>\n<p>&nbsp;<\/p>\n<p><b>BIO<\/b><\/p>\n<p><span style=\"font-weight: 400\">Giorgia La Commare, classe \u201802, \u00e8 una giovane cantautrice siciliana.<\/span><\/p>\n<p><span style=\"font-weight: 400\">Comincia a muovere i suoi primi passi nel mondo della musica gi\u00e0 da piccolissima: nel 2012 partecipa al programma \u201cTi Lascio Una Canzone\u201d in onda in prima serata\u00a0 su Rai 1 condotto da\u00a0 Antonella Clerici. Nel 2013 prende parte al coro delle voci bianche del Festival di Castrocaro e, l\u2019anno successivo, partecipa con la sua giovane band al femminile alla rubrica \u201cSaremo Famosi\u201d del programma Rai \u201cI Fatti Vostri\u201d.<\/span><\/p>\n<p><span style=\"font-weight: 400\">Si accosta allo studio del pianoforte, ma ben presto manifesta una forte attrazione nei confronti del basso elettrico, che diventa, come dice lei stessa: \u00abUn prolungamento del corpo e dell\u2019anima\u00bb.<\/span><\/p>\n<p><span style=\"font-weight: 400\">Nel 2016 intraprende gli studi presso il Conservatorio A. Scontrino di Trapani, dove, nonostante la giovane et\u00e0, frequenta il triennio universitario in Popular Music (indirizzo Canto Pop\/Rock), contemporaneamente agli studi presso il Liceo Classico L.Ximenes di Trapani. Nell\u2019aprile del 2019 partecipa al talent \u201cThe Voice Of Italy\u201d in onda su Rai2 e, nonostante un\u2019interessante battle al basso con Morgan, decide di far parte del team di Elettra Lamborghini. Nel 2020 entra nella scuderia di Musicantiere Toscana, etichetta indipendente e casa editoriale.<\/span><\/p>\n<p>&nbsp;<\/p>\n<p><b>Contatti:<\/b><\/p>\n<p><span style=\"font-weight: 400\">www.oranglerecords.com<\/span><\/p>\n<p><span style=\"font-weight: 400\">www.laltoparlante.it<\/span><\/p>\n","protected":false},"excerpt":{"rendered":"<p>Un brano sulle connessioni fra alternative indie ed elettro pop Nei digital store dal 14 gennaio\u00a0 &nbsp; \u201cpunti (e a capo)\u201d parla di una forte connessione emotiva tra due persone fisicamente distanti, situazione sempre pi\u00f9 frequente in un\u2019epoca in cui le connessioni umane sono monopolizzate dai social network, che azzerano le distanze geografiche. Il testo [&hellip;]<\/p>\n","protected":false},"author":4383,"featured_media":0,"comment_status":"open","ping_status":"open","sticky":false,"template":"","format":"standard","meta":{"footnotes":""},"categories":[29],"tags":[],"class_list":["post-64928","post","type-post","status-publish","format-standard","hentry","category-comunicati"],"_links":{"self":[{"href":"https:\/\/www.area-press.eu\/comunicatistampa\/wp-json\/wp\/v2\/posts\/64928","targetHints":{"allow":["GET"]}}],"collection":[{"href":"https:\/\/www.area-press.eu\/comunicatistampa\/wp-json\/wp\/v2\/posts"}],"about":[{"href":"https:\/\/www.area-press.eu\/comunicatistampa\/wp-json\/wp\/v2\/types\/post"}],"author":[{"embeddable":true,"href":"https:\/\/www.area-press.eu\/comunicatistampa\/wp-json\/wp\/v2\/users\/4383"}],"replies":[{"embeddable":true,"href":"https:\/\/www.area-press.eu\/comunicatistampa\/wp-json\/wp\/v2\/comments?post=64928"}],"version-history":[{"count":1,"href":"https:\/\/www.area-press.eu\/comunicatistampa\/wp-json\/wp\/v2\/posts\/64928\/revisions"}],"predecessor-version":[{"id":64929,"href":"https:\/\/www.area-press.eu\/comunicatistampa\/wp-json\/wp\/v2\/posts\/64928\/revisions\/64929"}],"wp:attachment":[{"href":"https:\/\/www.area-press.eu\/comunicatistampa\/wp-json\/wp\/v2\/media?parent=64928"}],"wp:term":[{"taxonomy":"category","embeddable":true,"href":"https:\/\/www.area-press.eu\/comunicatistampa\/wp-json\/wp\/v2\/categories?post=64928"},{"taxonomy":"post_tag","embeddable":true,"href":"https:\/\/www.area-press.eu\/comunicatistampa\/wp-json\/wp\/v2\/tags?post=64928"}],"curies":[{"name":"wp","href":"https:\/\/api.w.org\/{rel}","templated":true}]}}